{"id":12652,"date":"2022-06-09T23:07:57","date_gmt":"2022-06-10T02:07:57","guid":{"rendered":"https:\/\/hostnetart.com.br\/baixada\/leandro-aresta-participa-da-mesa-de-abertura-do-33-congresso-nacional-dos-funcionarios-do-bb\/"},"modified":"2022-06-09T23:07:57","modified_gmt":"2022-06-10T02:07:57","slug":"leandro-aresta-participa-da-mesa-de-abertura-do-33-congresso-nacional-dos-funcionarios-do-bb","status":"publish","type":"post","link":"https:\/\/hostnetart.com.br\/baixada\/leandro-aresta-participa-da-mesa-de-abertura-do-33-congresso-nacional-dos-funcionarios-do-bb\/","title":{"rendered":"Leandro Aresta participa da Mesa de Abertura do 33\u00ba Congresso Nacional dos funcion\u00e1rios do BB"},"content":{"rendered":"<p>Leandro Aresta, Diretor do Sindicato dos Banc\u00e1rios da Baixada Fluminense, participou nesta quinta-feira, 9 de junho, da Mesa de Abertura composta pelos representantes das Federa\u00e7\u00f5es dos banc\u00e1rios, no\u00a033\u00b0 Congresso Nacional dos Funcion\u00e1rios do Banco do Brasil.<\/p>\n<p>O evento est\u00e1 sendo realizado\u00a0no Holiday Inn Parque Anhembi, em S\u00e3o Paulo.<\/p>\n<p>O tema do Congresso \u00e9 \u201cBB p\u00fablico sim, BB mais social sempre!\u201d, e\u00a0abriga mesas de debate sobre melhores condi\u00e7\u00f5es de trabalho no banco e sobre o papel da institui\u00e7\u00e3o no desenvolvimento econ\u00f4mico e social, no combate \u00e0 fome e na reconstru\u00e7\u00e3o do pa\u00eds.\u00a0<\/p>\n<p>Leandro, que est\u00e1 representando a\u00a0Federac\u0327a\u0303o dos Trabalhadores do Ramo Financeiro dos Estados do Rio de Janeiro e Espi\u0301rito Santo (Fetraf RJ\/ES), al\u00e9m da representa\u00e7\u00e3o, tamb\u00e9m fez uma sauda\u00e7\u00e3o, onde p\u00f4de falar sobre o evento e sua import\u00e2ncia.<\/p>\n<p><\/p>\n","protected":false},"excerpt":{"rendered":"<p>Leandro Aresta, Diretor do Sindicato dos Banc\u00e1rios da Baixada Fluminense, participou nesta quinta-feira, 9 de junho, da Mesa de Abertura composta pelos representantes das Federa\u00e7\u00f5es dos banc\u00e1rios, no\u00a033\u00b0 Congresso Nacional dos Funcion\u00e1rios do Banco do Brasil. O evento est\u00e1 sendo realizado\u00a0no Holiday Inn Parque Anhembi, em S\u00e3o Paulo. O tema do Congresso \u00e9 \u201cBB p\u00fablico [&hellip;]<\/p>\n","protected":false},"author":2,"featured_media":12651,"comment_status":"","ping_status":"","sticky":false,"template":"","format":"standard","meta":{"footnotes":""},"categories":[3],"tags":[],"class_list":["post-12652","post","type-post","status-publish","format-standard","has-post-thumbnail","hentry","category-noticias"],"_links":{"self":[{"href":"https:\/\/hostnetart.com.br\/baixada\/wp-json\/wp\/v2\/posts\/12652","targetHints":{"allow":["GET"]}}],"collection":[{"href":"https:\/\/hostnetart.com.br\/baixada\/wp-json\/wp\/v2\/posts"}],"about":[{"href":"https:\/\/hostnetart.com.br\/baixada\/wp-json\/wp\/v2\/types\/post"}],"author":[{"embeddable":true,"href":"https:\/\/hostnetart.com.br\/baixada\/wp-json\/wp\/v2\/users\/2"}],"replies":[{"embeddable":true,"href":"https:\/\/hostnetart.com.br\/baixada\/wp-json\/wp\/v2\/comments?post=12652"}],"version-history":[{"count":0,"href":"https:\/\/hostnetart.com.br\/baixada\/wp-json\/wp\/v2\/posts\/12652\/revisions"}],"wp:featuredmedia":[{"embeddable":true,"href":"https:\/\/hostnetart.com.br\/baixada\/wp-json\/wp\/v2\/media\/12651"}],"wp:attachment":[{"href":"https:\/\/hostnetart.com.br\/baixada\/wp-json\/wp\/v2\/media?parent=12652"}],"wp:term":[{"taxonomy":"category","embeddable":true,"href":"https:\/\/hostnetart.com.br\/baixada\/wp-json\/wp\/v2\/categories?post=12652"},{"taxonomy":"post_tag","embeddable":true,"href":"https:\/\/hostnetart.com.br\/baixada\/wp-json\/wp\/v2\/tags?post=12652"}],"curies":[{"name":"wp","href":"https:\/\/api.w.org\/{rel}","templated":true}]}}