{"id":12650,"date":"2022-06-09T22:25:46","date_gmt":"2022-06-10T01:25:46","guid":{"rendered":"https:\/\/hostnetart.com.br\/baixada\/bancarios-do-santander-definem-estrategias-para-negociacao-com-o-banco\/"},"modified":"2022-06-09T22:25:46","modified_gmt":"2022-06-10T01:25:46","slug":"bancarios-do-santander-definem-estrategias-para-negociacao-com-o-banco","status":"publish","type":"post","link":"https:\/\/hostnetart.com.br\/baixada\/bancarios-do-santander-definem-estrategias-para-negociacao-com-o-banco\/","title":{"rendered":"Banc\u00e1rios do Santander definem estrat\u00e9gias para negocia\u00e7\u00e3o com o banco"},"content":{"rendered":"<p>Funcion\u00e1rios do Banco Santander realizaram nesta quinta-feira (9) o Encontro Nacional para debater e definir a minuta de reivindica\u00e7\u00f5es espec\u00edficas e nortear a estrat\u00e9gia de negocia\u00e7\u00f5es com o banco.<\/p>\n<p>\u201cIniciamos nossos debates com uma an\u00e1lise de conjuntura feita pela m\u00e9dica e deputada federal Jandira Feghali (PCdoB) e ao longo do dia analisamos as informa\u00e7\u00f5es do balan\u00e7o do Santander, que mostram que o banco pode atender todas nossas reivindica\u00e7\u00f5es e nos garantir uma participa\u00e7\u00e3o justa nos resultados e nas cl\u00e1usulas sociais, reconhecendo a imensa contribui\u00e7\u00e3o dos brasileiros no lucro do banco\u201d, disse a coordenadora da Comiss\u00e3o de Organiza\u00e7\u00e3o dos Empregados (COE), Lucimara Malaquias.\u00a0<\/p>\n<h3><strong>Acordo atual e novas propostas<\/strong><\/h3>\n<p>Os delegados do Encontro debateram sobre as cl\u00e1usulas do atual Acordo Coletivo de Trabalho (ACT) espec\u00edfico dos funcion\u00e1rios do Santander, aditivo \u00e0 Conven\u00e7\u00e3o Coletiva de Trabalho (CCT) da categoria banc\u00e1ria. Tamb\u00e9m foram apresentadas as propostas de novos direitos a serem inclu\u00eddos no ACT.<\/p>\n<p>\u201cTodos nossos direitos, desde o vale-refei\u00e7\u00e3o at\u00e9 a PLR (Participa\u00e7\u00e3o nos Lucros e\/ou Resultados), s\u00e3o fruto de muita organiza\u00e7\u00e3o e luta dos trabalhadores e suas representa\u00e7\u00f5es sindicais. Precisamos manter nossa uni\u00e3o e nos mobilizarmos para garantir os direitos atuais e buscar avan\u00e7ar rumo a novos direitos\u201d, ressaltou a coordenadora da COE\/Santander.\u00a0<\/p>\n<h3><strong>Centro das aten\u00e7\u00f5es<\/strong><\/h3>\n<p>Para Lucimara, o alerta de mobiliza\u00e7\u00e3o e uni\u00e3o dos empregados se faz ainda mais importante com rela\u00e7\u00e3o ao Santander. \u201cEntre todos os bancos, o Santander tem sido o que mais tem tomado de medidas que prejudicam e tem sido o mais de dif\u00edcil de negociar com os trabalhadores, seja nas demiss\u00f5es, cobran\u00e7as de metas ou na tentativa de corte de direitos, chegando a demitir funcion\u00e1rios e recontrat\u00e1-los por empresas do grupo para deixar de pagar direitos da categoria. \u00c9 uma terceiriza\u00e7\u00e3o for\u00e7ada, apenas para reduzir direitos e sal\u00e1rios\u201d, criticou. \u201cTodo o Comando Nacional est\u00e1 atento e preocupado com esta movimenta\u00e7\u00e3o do Santander e vai propor que a atua\u00e7\u00e3o de todo o movimento sindical se contraponha a elas, para evitar que outros bancos sigam o mesmo caminho\u201d, completou.<\/p>\n<p><strong>Fonte: Contraf-CUT<\/strong><\/p>\n","protected":false},"excerpt":{"rendered":"<p>Funcion\u00e1rios do Banco Santander realizaram nesta quinta-feira (9) o Encontro Nacional para debater e definir a minuta de reivindica\u00e7\u00f5es espec\u00edficas e nortear a estrat\u00e9gia de negocia\u00e7\u00f5es com o banco. \u201cIniciamos nossos debates com uma an\u00e1lise de conjuntura feita pela m\u00e9dica e deputada federal Jandira Feghali (PCdoB) e ao longo do dia analisamos as informa\u00e7\u00f5es do [&hellip;]<\/p>\n","protected":false},"author":2,"featured_media":12649,"comment_status":"","ping_status":"","sticky":false,"template":"","format":"standard","meta":{"footnotes":""},"categories":[3],"tags":[],"class_list":["post-12650","post","type-post","status-publish","format-standard","has-post-thumbnail","hentry","category-noticias"],"_links":{"self":[{"href":"https:\/\/hostnetart.com.br\/baixada\/wp-json\/wp\/v2\/posts\/12650","targetHints":{"allow":["GET"]}}],"collection":[{"href":"https:\/\/hostnetart.com.br\/baixada\/wp-json\/wp\/v2\/posts"}],"about":[{"href":"https:\/\/hostnetart.com.br\/baixada\/wp-json\/wp\/v2\/types\/post"}],"author":[{"embeddable":true,"href":"https:\/\/hostnetart.com.br\/baixada\/wp-json\/wp\/v2\/users\/2"}],"replies":[{"embeddable":true,"href":"https:\/\/hostnetart.com.br\/baixada\/wp-json\/wp\/v2\/comments?post=12650"}],"version-history":[{"count":0,"href":"https:\/\/hostnetart.com.br\/baixada\/wp-json\/wp\/v2\/posts\/12650\/revisions"}],"wp:featuredmedia":[{"embeddable":true,"href":"https:\/\/hostnetart.com.br\/baixada\/wp-json\/wp\/v2\/media\/12649"}],"wp:attachment":[{"href":"https:\/\/hostnetart.com.br\/baixada\/wp-json\/wp\/v2\/media?parent=12650"}],"wp:term":[{"taxonomy":"category","embeddable":true,"href":"https:\/\/hostnetart.com.br\/baixada\/wp-json\/wp\/v2\/categories?post=12650"},{"taxonomy":"post_tag","embeddable":true,"href":"https:\/\/hostnetart.com.br\/baixada\/wp-json\/wp\/v2\/tags?post=12650"}],"curies":[{"name":"wp","href":"https:\/\/api.w.org\/{rel}","templated":true}]}}