{"id":12648,"date":"2022-06-09T20:14:07","date_gmt":"2022-06-09T23:14:07","guid":{"rendered":"https:\/\/hostnetart.com.br\/baixada\/coordenadora-geral-do-sindicato-participa-da-mesa-de-abertura-do-encontro-nacional-dos-funcionarios-do-bradesco\/"},"modified":"2022-06-09T20:14:07","modified_gmt":"2022-06-09T23:14:07","slug":"coordenadora-geral-do-sindicato-participa-da-mesa-de-abertura-do-encontro-nacional-dos-funcionarios-do-bradesco","status":"publish","type":"post","link":"https:\/\/hostnetart.com.br\/baixada\/coordenadora-geral-do-sindicato-participa-da-mesa-de-abertura-do-encontro-nacional-dos-funcionarios-do-bradesco\/","title":{"rendered":"Coordenadora Geral do Sindicato participa da mesa de abertura do Encontro Nacional dos funcion\u00e1rios do Bradesco"},"content":{"rendered":"<p>Nesta quinta-feira, 9 de junho, funcion\u00e1rios do Bancos Bradesco se reuniram para seu Encontro Nacional. O evento ocorre no formato h\u00edbrido. A parte presencial est\u00e1 sendo realizada na sede da Confedera\u00e7\u00e3o Nacional dos Trabalhadores do Ramo Financeiro (Contraf-CUT), em S\u00e3o Paulo.<\/p>\n<p>A\u00a0Federac\u0327a\u0303o dos Trabalhadores do Ramo Financeiro dos Estados do Rio de Janeiro e Espi\u0301rito Santo (Fetraf RJ\/ES) est\u00e1 sendo representada pela\u00a0Diretora de Bancos Privados e Coordenadora Geral do Sindicato dos Banc\u00e1rios da Baixada Fluminense, Renata Soeiro, que participou da mesa de abertura.<\/p>\n<p>Al\u00e9m dela,\u00a0Luiz Gabriel Almeida Velloso, representante\u00a0da\u00a0Fetraf RJ\/ES na COE\u00a0(Comiss\u00e3o de Organiza\u00e7\u00e3o dos Empregados) Bradesco e atual Presidente do Sindicato dos Banc\u00e1rios de Nova Friburgo e Regi\u00e3o, tamb\u00e9m representou a entidade, virtualmente.<\/p>\n<p>No Encontro, est\u00e1 sendo debatida a pauta de reivindica\u00e7\u00f5es da categoria para a Campanha Nacional do Banc\u00e1rios. Os debates do dia ser\u00e3o convergidos na minuta espec\u00edfica dos trabalhadores, que ser\u00e1 entregue ao Bradesco, posteriormente.<\/p>\n<p>\u201cNeste momento p\u00f3s pandemia, onde os banc\u00e1rios trabalharam sem parar, \u00e9 preciso lutar pelo emprego, pela sa\u00fade, seguran\u00e7a e aumento real. E esse encontro serve para aprovarmos as propostas debatidas\u00a0em\u00a0nossas bases, nos Encontros Estaduais. Al\u00e9m disso, precisamos estar atentos \u00e0s\u00a0Unidades de Neg\u00f3cios, implementadas pelo Bradesco, que instauraram um caos no atendimento e na seguran\u00e7a, tanto para os banc\u00e1rios, como para os clientes.\u201d, declarou Renata Soeiro.<\/p>\n<p><strong>Fonte: Fetraf RJ\/ES<\/strong><\/p>\n","protected":false},"excerpt":{"rendered":"<p>Nesta quinta-feira, 9 de junho, funcion\u00e1rios do Bancos Bradesco se reuniram para seu Encontro Nacional. O evento ocorre no formato h\u00edbrido. A parte presencial est\u00e1 sendo realizada na sede da Confedera\u00e7\u00e3o Nacional dos Trabalhadores do Ramo Financeiro (Contraf-CUT), em S\u00e3o Paulo. A\u00a0Federac\u0327a\u0303o dos Trabalhadores do Ramo Financeiro dos Estados do Rio de Janeiro e Espi\u0301rito [&hellip;]<\/p>\n","protected":false},"author":2,"featured_media":12647,"comment_status":"","ping_status":"","sticky":false,"template":"","format":"standard","meta":{"footnotes":""},"categories":[3],"tags":[],"class_list":["post-12648","post","type-post","status-publish","format-standard","has-post-thumbnail","hentry","category-noticias"],"_links":{"self":[{"href":"https:\/\/hostnetart.com.br\/baixada\/wp-json\/wp\/v2\/posts\/12648","targetHints":{"allow":["GET"]}}],"collection":[{"href":"https:\/\/hostnetart.com.br\/baixada\/wp-json\/wp\/v2\/posts"}],"about":[{"href":"https:\/\/hostnetart.com.br\/baixada\/wp-json\/wp\/v2\/types\/post"}],"author":[{"embeddable":true,"href":"https:\/\/hostnetart.com.br\/baixada\/wp-json\/wp\/v2\/users\/2"}],"replies":[{"embeddable":true,"href":"https:\/\/hostnetart.com.br\/baixada\/wp-json\/wp\/v2\/comments?post=12648"}],"version-history":[{"count":0,"href":"https:\/\/hostnetart.com.br\/baixada\/wp-json\/wp\/v2\/posts\/12648\/revisions"}],"wp:featuredmedia":[{"embeddable":true,"href":"https:\/\/hostnetart.com.br\/baixada\/wp-json\/wp\/v2\/media\/12647"}],"wp:attachment":[{"href":"https:\/\/hostnetart.com.br\/baixada\/wp-json\/wp\/v2\/media?parent=12648"}],"wp:term":[{"taxonomy":"category","embeddable":true,"href":"https:\/\/hostnetart.com.br\/baixada\/wp-json\/wp\/v2\/categories?post=12648"},{"taxonomy":"post_tag","embeddable":true,"href":"https:\/\/hostnetart.com.br\/baixada\/wp-json\/wp\/v2\/tags?post=12648"}],"curies":[{"name":"wp","href":"https:\/\/api.w.org\/{rel}","templated":true}]}}