{"id":12644,"date":"2022-06-08T18:55:59","date_gmt":"2022-06-08T21:55:59","guid":{"rendered":"https:\/\/hostnetart.com.br\/baixada\/dieese-flexibilizacao-das-leis-trabalhistas-foi-ponte-para-o-futuro-de-um-pais-desempregado\/"},"modified":"2022-06-08T18:55:59","modified_gmt":"2022-06-08T21:55:59","slug":"dieese-flexibilizacao-das-leis-trabalhistas-foi-ponte-para-o-futuro-de-um-pais-desempregado","status":"publish","type":"post","link":"https:\/\/hostnetart.com.br\/baixada\/dieese-flexibilizacao-das-leis-trabalhistas-foi-ponte-para-o-futuro-de-um-pais-desempregado\/","title":{"rendered":"Dieese: flexibiliza\u00e7\u00e3o das leis trabalhistas foi \u201cponte para o futuro\u201d de um pa\u00eds desempregado"},"content":{"rendered":"<p>Cinco anos depois da aprova\u00e7\u00e3o da reforma trabalhista, trabalhadores perderam direitos, grandes empres\u00e1rios mant\u00eam seus lucros e a taxa de desemprego n\u00e3o caiu, ap\u00f3s bater recorde em 2020 e 2021. A an\u00e1lise \u00e9 de Lucia Garcia, economista do Departamento Intersindical de Estat\u00edstica e Estudos Socioecon\u00f4micos (Dieese).\u00a0<\/p>\n<p>\u201cAl\u00e9m disso, o mercado interno foi desintegrado e a renda p\u00fablica foi colocada em risco, principalmente o or\u00e7amento da Previd\u00eancia Social\u201d, afirma a especialista em mercado de trabalho. \u201cQuem ganhou com as reformas foram os setores exportadores e financeiro, aprofundando nossa voca\u00e7\u00e3o de entregar o sangue de povo para lux\u00faria da elite\u201d, complementa.<\/p>\n<p><strong><a href=\"https:\/\/www.brasildefato.com.br\/2022\/05\/18\/reforma-trabalhista-nao-criou-empregos-como-prometido-diz-estudo-da-usp\">:: &#8220;Reforma&#8221; trabalhista n\u00e3o criou empregos como prometido, diz estudo da USP ::<\/a><\/strong><\/p>\n<p>O projeto que alterou ou revogou mais de 100 artigos da Consolida\u00e7\u00e3o das Leis do Trabalho (CLT) foi apresentado, votado e aprovado em menos de um ano ap\u00f3s o golpe que tirou Dilma Rousseff (PT) da presid\u00eancia, no bojo do programa \u201cPonte para o futuro\u201d lan\u00e7ado pelo ent\u00e3o vice-presidente Michel Temer (MDB).<\/p>\n<p class=\"ckeditor-subtitle\">\u201cPonte para o abismo\u201d<\/p>\n<p>Chamado por sindicatos de \u201cPonte para o abismo\u201d, o projeto foi formulado pelo ent\u00e3o PMDB com amplo apoio do setor empresarial brasileiro, a exemplo da Federa\u00e7\u00e3o das Ind\u00fastrias do Estado de S\u00e3o Paulo (Fiesp) e da Confedera\u00e7\u00e3o Nacional da Ind\u00fastria (CNI). Nem mesmo greves gerais e intensos protestos impediram sua implanta\u00e7\u00e3o.<\/p>\n<p>A precariza\u00e7\u00e3o n\u00e3o parou por a\u00ed. Foi aprofundada por Jair Bolsonaro com diversas medidas provis\u00f3rias. Uma delas, que cria o Programa Nacional de Presta\u00e7\u00e3o de Servi\u00e7o Civil Volunt\u00e1rio, est\u00e1 prestes a virar lei. A\u00a0<a href=\"https:\/\/www.brasildefato.com.br\/2022\/05\/26\/programa-de-servico-civil-voluntario-e-mais-um-passo-rumo-a-precarizacao-do-trabalho\" target=\"_blank\" rel=\"noopener noreferrer\">MP 1099\/22<\/a>\u00a0foi aprovada pelo Senado no dia 25 de maio.<\/p>\n<p class=\"ckeditor-img-caption\"><img decoding=\"async\" src=\"https:\/\/images02.brasildefato.com.br\/057d2b0ebb23511dd5d7e42552b19179.jpeg\" \/><br \/>Arte: Brasil de Fato RS \/ Fonte: IBGE<\/p>\n<p class=\"ckeditor-subtitle\">Modelo espanhol que inspirou reforma no Brasil n\u00e3o deu certo e foi revisto<\/p>\n<p>Um estudo recente da Universidade de S\u00e3o Paulo (USP), assinado pelos pesquisadores Gustavo Serra, Ana Bottega e Marina da Silva Sanches, concluiu que, ao contr\u00e1rio do que prometiam os defensores da reforma trabalhista, cortar direitos do trabalhador n\u00e3o teve impactos positivos no mercado de trabalho. A pesquisa cita, ainda, que reformas semelhantes adotadas na Europa tamb\u00e9m n\u00e3o entregaram o que prometiam.\u00a0<\/p>\n<p>Um exemplo \u00e9 o da Espanha, que serviu de inspira\u00e7\u00e3o para a reforma no Brasil. O estudo \u201cA desregulamenta\u00e7\u00e3o diminui o desemprego?: uma an\u00e1lise emp\u00edrica do mercado de trabalho na Espanha\u201d constata que as altera\u00e7\u00f5es de 2010 e 2012, visando flexibilizar as leis trabalhistas e estimular contratos tempor\u00e1rios, tiveram efeito zero sobre o desemprego. Acabaram apenas reduzindo a capacidade de negocia\u00e7\u00e3o dos trabalhadores.<\/p>\n<p>Um terceiro levantamento, abrangendo v\u00e1rios pa\u00edses europeus que desregulamentaram as leis trabalhistas, indicou, em vez de avan\u00e7os, uma eleva\u00e7\u00e3o da taxa de desemprego.<\/p>\n<p><a href=\"https:\/\/www.brasildefato.com.br\/2022\/01\/03\/espanha-revoga-reforma-trabalhista-que-precarizou-trabalho-e-nao-criou-empregos\" target=\"_blank\" rel=\"noopener noreferrer\">No in\u00edcio de 2022, a reforma espanhola foi parcialmente revogada pelo governo do primeiro-ministro Pedro S\u00e1nchez, do partido socialista<\/a>. Caminho que pode ser seguido no Brasil, a depender do resultado das elei\u00e7\u00f5es deste ano. Entre os pr\u00e9-candidatos \u00e0 presid\u00eancia da Rep\u00fablica, Luiz In\u00e1cio Lula da Silva (PT) e Ciro Gomes (PDT) prop\u00f5em rever a legisla\u00e7\u00e3o, enquanto Jair Bolsonaro (PL) defende medidas que favorecem os empres\u00e1rios.<\/p>\n<p><strong>Fonte:\u00a0<\/strong><a href=\"https:\/\/www.brasildefators.com.br\/2022\/06\/08\/flexibilizacao-das-leis-trabalhistas-foi-ponte-para-o-futuro-de-um-pais-desempregado\" target=\"_blank\" rel=\"noopener noreferrer\">BdF Rio Grande do Sul<\/a><\/p>\n","protected":false},"excerpt":{"rendered":"<p>Cinco anos depois da aprova\u00e7\u00e3o da reforma trabalhista, trabalhadores perderam direitos, grandes empres\u00e1rios mant\u00eam seus lucros e a taxa de desemprego n\u00e3o caiu, ap\u00f3s bater recorde em 2020 e 2021. A an\u00e1lise \u00e9 de Lucia Garcia, economista do Departamento Intersindical de Estat\u00edstica e Estudos Socioecon\u00f4micos (Dieese).\u00a0 \u201cAl\u00e9m disso, o mercado interno foi desintegrado e a [&hellip;]<\/p>\n","protected":false},"author":2,"featured_media":12643,"comment_status":"","ping_status":"","sticky":false,"template":"","format":"standard","meta":{"footnotes":""},"categories":[3],"tags":[],"class_list":["post-12644","post","type-post","status-publish","format-standard","has-post-thumbnail","hentry","category-noticias"],"_links":{"self":[{"href":"https:\/\/hostnetart.com.br\/baixada\/wp-json\/wp\/v2\/posts\/12644","targetHints":{"allow":["GET"]}}],"collection":[{"href":"https:\/\/hostnetart.com.br\/baixada\/wp-json\/wp\/v2\/posts"}],"about":[{"href":"https:\/\/hostnetart.com.br\/baixada\/wp-json\/wp\/v2\/types\/post"}],"author":[{"embeddable":true,"href":"https:\/\/hostnetart.com.br\/baixada\/wp-json\/wp\/v2\/users\/2"}],"replies":[{"embeddable":true,"href":"https:\/\/hostnetart.com.br\/baixada\/wp-json\/wp\/v2\/comments?post=12644"}],"version-history":[{"count":0,"href":"https:\/\/hostnetart.com.br\/baixada\/wp-json\/wp\/v2\/posts\/12644\/revisions"}],"wp:featuredmedia":[{"embeddable":true,"href":"https:\/\/hostnetart.com.br\/baixada\/wp-json\/wp\/v2\/media\/12643"}],"wp:attachment":[{"href":"https:\/\/hostnetart.com.br\/baixada\/wp-json\/wp\/v2\/media?parent=12644"}],"wp:term":[{"taxonomy":"category","embeddable":true,"href":"https:\/\/hostnetart.com.br\/baixada\/wp-json\/wp\/v2\/categories?post=12644"},{"taxonomy":"post_tag","embeddable":true,"href":"https:\/\/hostnetart.com.br\/baixada\/wp-json\/wp\/v2\/tags?post=12644"}],"curies":[{"name":"wp","href":"https:\/\/api.w.org\/{rel}","templated":true}]}}