{"id":12642,"date":"2022-06-08T18:53:58","date_gmt":"2022-06-08T21:53:58","guid":{"rendered":"https:\/\/hostnetart.com.br\/baixada\/itau-desrespeita-acordos-e-legislacao-da-colombia-para-demitir\/"},"modified":"2022-06-08T18:53:58","modified_gmt":"2022-06-08T21:53:58","slug":"itau-desrespeita-acordos-e-legislacao-da-colombia-para-demitir","status":"publish","type":"post","link":"https:\/\/hostnetart.com.br\/baixada\/itau-desrespeita-acordos-e-legislacao-da-colombia-para-demitir\/","title":{"rendered":"Ita\u00fa desrespeita acordos e legisla\u00e7\u00e3o da Col\u00f4mbia para demitir"},"content":{"rendered":"<p>A Uni\u00f3n Nacional de Empleados Bancarios (Uneb), da Col\u00f4mbia, denuncia que o Ita\u00fa vem adotando grave pol\u00edtica de demiss\u00e3o, sem respeitar acordos com a categoria nem a legisla\u00e7\u00e3o do pa\u00eds. Em 2021 foram 190 desligamentos e outros 130 neste ano. Nos \u00faltimos dias, o banco tamb\u00e9m anunciou que j\u00e1 informou o Minist\u00e9rio do Trabalho local que desligar\u00e1 outros 288 trabalhadores, entre os quais, segundo a Uneb, v\u00e1rios que possuem estabilidade por quest\u00e3o de sa\u00fade ou por estarem em fun\u00e7\u00f5es sindicais, que t\u00eam garantia de emprego por for\u00e7a constitucional.<\/p>\n<p>A entidade dos banc\u00e1rios colombianos afirma que o Ita\u00fa est\u00e1 desrespeitando \u201cos direitos fundamentais dos trabalhadores\u201d, bem como os sindicatos, aos quais deve informar sobre o alcance das medidas que afetam seus funcion\u00e1rios. A Uneb tamb\u00e9m diz que o banco n\u00e3o se mostrou interessado em \u201cpromover realoca\u00e7\u00e3o de locais de trabalho nem requalifica\u00e7\u00e3o da m\u00e3o de obra (\u2026), ao mesmo tempo em que tamb\u00e9m informa a contrata\u00e7\u00e3o de 150 novos funcion\u00e1rios, com novas fun\u00e7\u00f5es\u201d.<\/p>\n<h3><strong>Menosprezo<\/strong><\/h3>\n<p>Para a entidade representativa dos banc\u00e1rios, o comportamento omisso do Ita\u00fa em rela\u00e7\u00e3o aos diretos dos trabalhadores \u201cdemonstra n\u00e3o apenas o menosprezo pela dignidade humana dos trabalhadores, como tamb\u00e9m ao direito ao trabalho e aos casos de estabilidade\u201d, em especial neste momento cr\u00edtico decorrente da pandemia da covid-19.<\/p>\n<p>V\u00e1rias organiza\u00e7\u00f5es sindicais do pa\u00eds anunciaram que, junto com a Uneb, est\u00e3o se organizando, tanto para dar apoio aos funcion\u00e1rios demitidos como tamb\u00e9m para agir junto ao Minist\u00e9rio do Trabalho, a fim de cobrar a\u00e7\u00f5es contra a atitude do Ita\u00fa, que chamam de \u201catentado contra os direitos dos trabalhadores, de associa\u00e7\u00e3o e de conven\u00e7\u00e3o coletiva\u201d.<\/p>\n<h3><strong>Ass\u00e9dio moral<\/strong><\/h3>\n<p>A Uneb, em nota conjunta do presidente Juan Francisco Sanchez e da secret\u00e1ria geral Mar\u00eda Consuelo Bautista, denunciou ainda que o Ita\u00fa tem cometido ass\u00e9dio moral contra os funcion\u00e1rios demitidos ao for\u00e7\u00e1-los a assinar a rescis\u00e3o com a informa\u00e7\u00e3o falsa de que o desligamento ocorreu de modo pac\u00edfico e consensual.<\/p>\n<p>Para a secret\u00e1ria de Rela\u00e7\u00f5es Internacionais da Confedera\u00e7\u00e3o Nacional dos Trabalhadores do Ramo Financeiro (Contraf-CUT), Rita Berlofa, que tamb\u00e9m \u00e9 presidenta da UNI Finan\u00e7as Global, \u201c\u00e9 inaceit\u00e1vel a postura do banco Ita\u00fa na Col\u00f4mbia. Realizar demiss\u00e3o em massa, mesmo tendo obtido um grande lucro, \u00e9, no m\u00ednimo, falta de responsabilidade social\u201d.<\/p>\n<p><strong>Fonte: Contraf-CUT<\/strong><\/p>\n","protected":false},"excerpt":{"rendered":"<p>A Uni\u00f3n Nacional de Empleados Bancarios (Uneb), da Col\u00f4mbia, denuncia que o Ita\u00fa vem adotando grave pol\u00edtica de demiss\u00e3o, sem respeitar acordos com a categoria nem a legisla\u00e7\u00e3o do pa\u00eds. Em 2021 foram 190 desligamentos e outros 130 neste ano. Nos \u00faltimos dias, o banco tamb\u00e9m anunciou que j\u00e1 informou o Minist\u00e9rio do Trabalho local [&hellip;]<\/p>\n","protected":false},"author":2,"featured_media":12641,"comment_status":"","ping_status":"","sticky":false,"template":"","format":"standard","meta":{"footnotes":""},"categories":[3],"tags":[],"class_list":["post-12642","post","type-post","status-publish","format-standard","has-post-thumbnail","hentry","category-noticias"],"_links":{"self":[{"href":"https:\/\/hostnetart.com.br\/baixada\/wp-json\/wp\/v2\/posts\/12642","targetHints":{"allow":["GET"]}}],"collection":[{"href":"https:\/\/hostnetart.com.br\/baixada\/wp-json\/wp\/v2\/posts"}],"about":[{"href":"https:\/\/hostnetart.com.br\/baixada\/wp-json\/wp\/v2\/types\/post"}],"author":[{"embeddable":true,"href":"https:\/\/hostnetart.com.br\/baixada\/wp-json\/wp\/v2\/users\/2"}],"replies":[{"embeddable":true,"href":"https:\/\/hostnetart.com.br\/baixada\/wp-json\/wp\/v2\/comments?post=12642"}],"version-history":[{"count":0,"href":"https:\/\/hostnetart.com.br\/baixada\/wp-json\/wp\/v2\/posts\/12642\/revisions"}],"wp:featuredmedia":[{"embeddable":true,"href":"https:\/\/hostnetart.com.br\/baixada\/wp-json\/wp\/v2\/media\/12641"}],"wp:attachment":[{"href":"https:\/\/hostnetart.com.br\/baixada\/wp-json\/wp\/v2\/media?parent=12642"}],"wp:term":[{"taxonomy":"category","embeddable":true,"href":"https:\/\/hostnetart.com.br\/baixada\/wp-json\/wp\/v2\/categories?post=12642"},{"taxonomy":"post_tag","embeddable":true,"href":"https:\/\/hostnetart.com.br\/baixada\/wp-json\/wp\/v2\/tags?post=12642"}],"curies":[{"name":"wp","href":"https:\/\/api.w.org\/{rel}","templated":true}]}}