{"id":12640,"date":"2022-06-08T17:15:09","date_gmt":"2022-06-08T20:15:09","guid":{"rendered":"https:\/\/hostnetart.com.br\/baixada\/presidente-do-bradesco-enaltece-exercito-em-pronunciamento\/"},"modified":"2022-06-08T17:15:09","modified_gmt":"2022-06-08T20:15:09","slug":"presidente-do-bradesco-enaltece-exercito-em-pronunciamento","status":"publish","type":"post","link":"https:\/\/hostnetart.com.br\/baixada\/presidente-do-bradesco-enaltece-exercito-em-pronunciamento\/","title":{"rendered":"Presidente do Bradesco enaltece Ex\u00e9rcito em pronunciamento"},"content":{"rendered":"<p>O Movimento Sindical Banc\u00e1rio, atrav\u00e9s da Confedera\u00e7\u00e3o Nacional dos Trabalhadores do Ramo Financeiro (Contraf-CUT), solicitou uma audi\u00eancia com o Bradesco, para obter explica\u00e7\u00f5es sobre o v\u00eddeo em que seu diretor-presidente, Octavio de Lazari Junior, elogia o Ex\u00e9rcito Brasileiro. Na mensagem, que veio a p\u00fablico no \u00faltimo s\u00e1bado (4), o executivo conta que no quartel se apresentava como \u201csoldado 939 Lazari\u201d, que aprendeu que \u201cmiss\u00e3o dada \u00e9 miss\u00e3o cumprida\u201d e que \u201co soldado Lazari continua de prontid\u00e3o\u201d.<\/p>\n<p>O pronunciamento faz refer\u00eancias ao banco como \u201cum dos maiores do mundo\u201d, com \u201c90 mil funcion\u00e1rios\u201d, e o v\u00eddeo traz a logomarca do Bradesco na abertura e no encerramento, o que lhe d\u00e1 caracter\u00edsticas de pe\u00e7a institucional. O CEO diz ainda que no Ex\u00e9rcito refor\u00e7ou valores e que \u201cesses princ\u00edpios foram fundamentais para que eu pudesse construir minha carreira\u201d.<\/p>\n<p>O pronunciamento de Octavio de Lazari Junior causou estranheza e indigna\u00e7\u00e3o ao movimento sindical, pois o presidente capit\u00e3o do Ex\u00e9rcito Jair Bolsonaro ataca insistentemente o sistema eleitoral, o Poder Judici\u00e1rio, a imprensa, as entidades sindicais, as universidades e os movimentos sociais. A fala de Lazari, portanto, pode ser entendida como um apoio do Bradesco a esses ataques \u00e0 democracia.<\/p>\n<p>Na audi\u00eancia com o Bradesco, a Contraf-CUT debater\u00e1 em especial se o CEO falou em nome da entidade e qual o posicionamento do banco sobre a democracia, pois essas informa\u00e7\u00f5es interessam a seus mais de 90 mil trabalhadores e a seus clientes, bem como a toda a sociedade brasileira, pois uma institui\u00e7\u00e3o financeira \u00e9 uma concess\u00e3o p\u00fablica. Trata-se de uma regra fundamental do estado de direito, e democracia exige o pleno respeito \u00e0s regras.<\/p>\n<p>Durante a ditadura militar, de 1964 a 1985, quando a Constitui\u00e7\u00e3o em vigor foi rasgada, os sindicatos \u2013 inclusive v\u00e1rios da categoria banc\u00e1ria \u2013 sofreram interven\u00e7\u00f5es, muitos de seus dirigentes foram perseguidos, presos, torturados e at\u00e9 mortos por for\u00e7as da repress\u00e3o. Os direitos trabalhistas n\u00e3o eram respeitados e muitas conquistas foram retiradas. Hoje, o que se v\u00ea do governo Bolsonaro \u00e9 um esfor\u00e7o para que o pa\u00eds volte a essa p\u00e1gina infeliz da hist\u00f3ria, com o desmantelamento do patrim\u00f4nio nacional, a venda de bancos e empresas p\u00fablicas, a desvaloriza\u00e7\u00e3o dos acordos trabalhistas, altos \u00edndices de infla\u00e7\u00e3o e desemprego. O movimento sindical, portanto, defende incondicionalmente a democracia, por se tratar de um valor fundamental e inegoci\u00e1vel, pois somente com ele a classe trabalhadora pode se mobilizar para defender os seus direitos.<\/p>\n<p><strong>Fonte: Contraf-CUT<\/strong><\/p>\n","protected":false},"excerpt":{"rendered":"<p>O Movimento Sindical Banc\u00e1rio, atrav\u00e9s da Confedera\u00e7\u00e3o Nacional dos Trabalhadores do Ramo Financeiro (Contraf-CUT), solicitou uma audi\u00eancia com o Bradesco, para obter explica\u00e7\u00f5es sobre o v\u00eddeo em que seu diretor-presidente, Octavio de Lazari Junior, elogia o Ex\u00e9rcito Brasileiro. Na mensagem, que veio a p\u00fablico no \u00faltimo s\u00e1bado (4), o executivo conta que no quartel se [&hellip;]<\/p>\n","protected":false},"author":2,"featured_media":12639,"comment_status":"","ping_status":"","sticky":false,"template":"","format":"standard","meta":{"footnotes":""},"categories":[3],"tags":[],"class_list":["post-12640","post","type-post","status-publish","format-standard","has-post-thumbnail","hentry","category-noticias"],"_links":{"self":[{"href":"https:\/\/hostnetart.com.br\/baixada\/wp-json\/wp\/v2\/posts\/12640","targetHints":{"allow":["GET"]}}],"collection":[{"href":"https:\/\/hostnetart.com.br\/baixada\/wp-json\/wp\/v2\/posts"}],"about":[{"href":"https:\/\/hostnetart.com.br\/baixada\/wp-json\/wp\/v2\/types\/post"}],"author":[{"embeddable":true,"href":"https:\/\/hostnetart.com.br\/baixada\/wp-json\/wp\/v2\/users\/2"}],"replies":[{"embeddable":true,"href":"https:\/\/hostnetart.com.br\/baixada\/wp-json\/wp\/v2\/comments?post=12640"}],"version-history":[{"count":0,"href":"https:\/\/hostnetart.com.br\/baixada\/wp-json\/wp\/v2\/posts\/12640\/revisions"}],"wp:featuredmedia":[{"embeddable":true,"href":"https:\/\/hostnetart.com.br\/baixada\/wp-json\/wp\/v2\/media\/12639"}],"wp:attachment":[{"href":"https:\/\/hostnetart.com.br\/baixada\/wp-json\/wp\/v2\/media?parent=12640"}],"wp:term":[{"taxonomy":"category","embeddable":true,"href":"https:\/\/hostnetart.com.br\/baixada\/wp-json\/wp\/v2\/categories?post=12640"},{"taxonomy":"post_tag","embeddable":true,"href":"https:\/\/hostnetart.com.br\/baixada\/wp-json\/wp\/v2\/tags?post=12640"}],"curies":[{"name":"wp","href":"https:\/\/api.w.org\/{rel}","templated":true}]}}