{"id":12638,"date":"2022-06-08T17:02:04","date_gmt":"2022-06-08T20:02:04","guid":{"rendered":"https:\/\/hostnetart.com.br\/baixada\/assembleia-que-ira-deliberar-sobre-minuta-aprovada-na-conferencia-nacional-sera-dia-14-de-junho\/"},"modified":"2022-06-08T17:02:04","modified_gmt":"2022-06-08T20:02:04","slug":"assembleia-que-ira-deliberar-sobre-minuta-aprovada-na-conferencia-nacional-sera-dia-14-de-junho","status":"publish","type":"post","link":"https:\/\/hostnetart.com.br\/baixada\/assembleia-que-ira-deliberar-sobre-minuta-aprovada-na-conferencia-nacional-sera-dia-14-de-junho\/","title":{"rendered":"Assembleia que ir\u00e1 deliberar sobre minuta aprovada na Confer\u00eancia Nacional ser\u00e1 dia 14 de Junho"},"content":{"rendered":"<p>No pr\u00f3ximo dia 14 de junho, das 8 horas \u00e0s 20 horas, o Sindicato dos Banc\u00e1rios da Baixada Fluminense e demais sindicatos da categoria pelo Brasil, realizam assembleia para\u00a0deliberar sobre a\u00a0minuta de reivindica\u00e7\u00f5es e as resolu\u00e7\u00f5es da Campanha Nacional dos Banc\u00e1rios e o plano de lutas da categoria at\u00e9 2023, aprovada na 24\u00aa Confer\u00eancia Nacional dos Trabalhadores do Ramo Financeiro, realizada entre os dias\u00a010 e 12 de junho.<\/p>\n<div class=\"itemFullText\">\n<p>A atividade ser\u00e1 realizada de forma virtual e, ap\u00f3s a minuta ser aprovada,\u00a0ser\u00e1 entregue \u00e0 Fenaban na quarta-feira (15).<\/p>\n<p>PARA VOTAR<\/p>\n<p>Para votar e participar, basta acessar o link de vota\u00e7\u00e3o:\u00a0<a href=\"https:\/\/bancarios.votabem.com.br\/\" target=\"_blank\" rel=\"noopener noreferrer\" data-saferedirecturl=\"https:\/\/www.google.com\/url?q=https:\/\/bancarios.votabem.com.br\/&amp;source=gmail&amp;ust=1636129454866000&amp;usg=AFQjCNHQCa4_HJ1V-eWySOHv-N1-EZBMLA\">https:\/\/bancarios.<wbr \/>votabem.com.br\/<\/a><\/p>\n<div>\n<div>O link estar\u00e1, tamb\u00e9m, dispon\u00edvel em nosso site (<a href=\"http:\/\/www.bancariosbaixada.org.br\/\" target=\"_blank\" rel=\"noopener noreferrer\" data-saferedirecturl=\"https:\/\/www.google.com\/url?q=http:\/\/www.bancariosbaixada.org.br\/&amp;source=gmail&amp;ust=1636129454866000&amp;usg=AFQjCNEwiU9TBuX_kv6R8xSnRenKPU38WA\">http:\/\/www.bancariosbaixada.<wbr \/>org.br\/<\/a>)<\/div>\n<div>\n<div class=\"elementor-element elementor-element-194680ec elementor-widget elementor-widget-theme-post-content\" data-id=\"194680ec\" data-element_type=\"widget\" data-widget_type=\"theme-post-content.default\">\n<div class=\"elementor-widget-container\">\n<p>\u00a0<\/p>\n<\/div>\n<\/div>\n<\/div>\n<\/div>\n<\/div>\n<div class=\"clr\">\u00a0<\/div>\n<p>\u00a0<\/p>\n<p>\u00a0<\/p>\n<div class=\"itemBody\">\n<div class=\"itemFullText\">\u00a0<\/div>\n<div class=\"clr\">\u00a0<\/div>\n<\/div>\n<div class=\"itemSocialSharing\">\u00a0<\/div>\n","protected":false},"excerpt":{"rendered":"<p>No pr\u00f3ximo dia 14 de junho, das 8 horas \u00e0s 20 horas, o Sindicato dos Banc\u00e1rios da Baixada Fluminense e demais sindicatos da categoria pelo Brasil, realizam assembleia para\u00a0deliberar sobre a\u00a0minuta de reivindica\u00e7\u00f5es e as resolu\u00e7\u00f5es da Campanha Nacional dos Banc\u00e1rios e o plano de lutas da categoria at\u00e9 2023, aprovada na 24\u00aa Confer\u00eancia Nacional [&hellip;]<\/p>\n","protected":false},"author":2,"featured_media":12637,"comment_status":"","ping_status":"","sticky":false,"template":"","format":"standard","meta":{"footnotes":""},"categories":[3],"tags":[],"class_list":["post-12638","post","type-post","status-publish","format-standard","has-post-thumbnail","hentry","category-noticias"],"_links":{"self":[{"href":"https:\/\/hostnetart.com.br\/baixada\/wp-json\/wp\/v2\/posts\/12638","targetHints":{"allow":["GET"]}}],"collection":[{"href":"https:\/\/hostnetart.com.br\/baixada\/wp-json\/wp\/v2\/posts"}],"about":[{"href":"https:\/\/hostnetart.com.br\/baixada\/wp-json\/wp\/v2\/types\/post"}],"author":[{"embeddable":true,"href":"https:\/\/hostnetart.com.br\/baixada\/wp-json\/wp\/v2\/users\/2"}],"replies":[{"embeddable":true,"href":"https:\/\/hostnetart.com.br\/baixada\/wp-json\/wp\/v2\/comments?post=12638"}],"version-history":[{"count":0,"href":"https:\/\/hostnetart.com.br\/baixada\/wp-json\/wp\/v2\/posts\/12638\/revisions"}],"wp:featuredmedia":[{"embeddable":true,"href":"https:\/\/hostnetart.com.br\/baixada\/wp-json\/wp\/v2\/media\/12637"}],"wp:attachment":[{"href":"https:\/\/hostnetart.com.br\/baixada\/wp-json\/wp\/v2\/media?parent=12638"}],"wp:term":[{"taxonomy":"category","embeddable":true,"href":"https:\/\/hostnetart.com.br\/baixada\/wp-json\/wp\/v2\/categories?post=12638"},{"taxonomy":"post_tag","embeddable":true,"href":"https:\/\/hostnetart.com.br\/baixada\/wp-json\/wp\/v2\/tags?post=12638"}],"curies":[{"name":"wp","href":"https:\/\/api.w.org\/{rel}","templated":true}]}}