{"id":12636,"date":"2022-06-08T14:39:50","date_gmt":"2022-06-08T17:39:50","guid":{"rendered":"https:\/\/hostnetart.com.br\/baixada\/devo-seguir-utilizando-mascara-de-protecao-contra-a-covid-19\/"},"modified":"2022-06-08T14:39:50","modified_gmt":"2022-06-08T17:39:50","slug":"devo-seguir-utilizando-mascara-de-protecao-contra-a-covid-19","status":"publish","type":"post","link":"https:\/\/hostnetart.com.br\/baixada\/devo-seguir-utilizando-mascara-de-protecao-contra-a-covid-19\/","title":{"rendered":"Devo seguir utilizando m\u00e1scara de prote\u00e7\u00e3o contra a covid-19?"},"content":{"rendered":"<p>A quarta onda da covid-19 j\u00e1 \u00e9 uma realidade no Brasil. Em duas semanas \u2013 entre os dias 20 de maio e 02 de junho \u2013 o\u00a0n\u00famero\u00a0de casos de covid no Brasil subiu 122%, indo de 14 mil para 31 mil casos confirmados da doen\u00e7a por dia, em m\u00e9dia. Uma das causas desse crescimento \u00e9 a chegada do frio no Sul e no Sudeste, justamente onde os n\u00fameros est\u00e3o aumentando.<\/p>\n<p>\u00c9 neste cen\u00e1rio que estados e munic\u00edpios est\u00e3o recomendando o retorno do uso de m\u00e1scaras em locais fechados, ainda que essa medida n\u00e3o tenha voltado a ser obrigat\u00f3ria.\u00a0<\/p>\n<p><a href=\"https:\/\/www.brasildefatorj.com.br\/2022\/06\/02\/prefeitura-do-rio-recomenda-mascara-para-pessoas-com-sintomas-de-gripe-idosos-e-estudantes\">No Rio, o prefeito Eduardo Paes recomendou na semana passada<\/a>\u00a0que pessoas com sintomas, idosos, pessoas com comorbidades e estudantes das redes p\u00fablica e privada de ensino voltem a utilizar\u00a0<a href=\"https:\/\/www.brasildefato.com.br\/2022\/05\/31\/covid-19-sp-volta-a-recomendar-o-uso-de-mascaras-em-locais-fechados\">m\u00e1scaras<\/a>\u00a0por conta da alta nos casos e tamb\u00e9m pelos surtos de gripe. Al\u00e9m disso, a prefeitura reativou os centros de testagem na cidade.\u00a0<\/p>\n<p>Vale lembrar que o Brasil, desde o in\u00edcio da pandemia vive um cen\u00e1rio de baixa testagem, o que significa\u00a0subnotifica\u00e7\u00e3o dos casos.\u00a0<\/p>\n<p>Em S\u00e3o Paulo, o comit\u00ea de sa\u00fade do governo do estado e a prefeitura da capital\u00a0<a href=\"https:\/\/www.brasildefato.com.br\/2022\/06\/03\/covid-19-chega-a-60-dos-casos-de-sindrome-respiratoria-grave\">tamb\u00e9m est\u00e3o recomendando o uso de m\u00e1scaras<\/a>\u00a0em locais fechados, incluindo escolas. Para as pessoas que est\u00e3o inclu\u00eddas nos grupos de risco, a recomenda\u00e7\u00e3o \u00e9 que usem m\u00e1scaras inclusive em locais abertos.\u00a0<\/p>\n<p>A medida n\u00e3o ser\u00e1 obrigat\u00f3ria, segundo a Secretaria de Sa\u00fade estadual, mas os munic\u00edpios podem lan\u00e7ar decretos tornando a recomenda\u00e7\u00e3o uma obrigatoriedade. Na capital, a medida segue sendo obrigat\u00f3ria apenas em ambientes hospitalares e nos transportes coletivos como \u00f4nibus, trens e metr\u00f4s.\u00a0<\/p>\n<p><a href=\"https:\/\/www.brasildefators.com.br\/2022\/05\/19\/com-avanco-da-covid-19-governo-do-rs-emite-avisos-para-todo-o-estado\">No Rio Grande do Sul, o governo tamb\u00e9m est\u00e1 sugerindo o uso de m\u00e1scaras<\/a>\u00a0em locais fechados. Os comit\u00eas regionais devem avaliar e determinar as regras de uso.\u00a0<\/p>\n<p>Para o m\u00e9dico pediatra Alexandre Bublitz, pa\u00edses que realizaram a flexibiliza\u00e7\u00e3o do uso de m\u00e1scaras e de outras medidas tiveram aumento de casos, sobretudo da variante \u00f4micron.\u00a0<\/p>\n<p>&#8220;Quando a gente retira as medidas de seguran\u00e7a, a tend\u00eancia do n\u00famero de casos \u00e9 aumentar. A covid obviamente est\u00e1 bem mais controlada. Nesse momento a pandemia est\u00e1 em um momento diferente do que a gente teve nos anos anteriores, mas ela n\u00e3o acabou ainda. Continuamos tendo alto n\u00famero de casos no mundo todo e continuamos tendo \u00f3bitos todos os dias&#8221;, comenta.\u00a0<\/p>\n<p>Ainda no m\u00eas passado, a\u00a0<a href=\"https:\/\/www.brasildefato.com.br\/2022\/05\/30\/mascara-pode-voltar-a-ser-novamente-obrigatoria-em-curitiba-acredita-epidemiologista\">Secretaria Municipal de Sa\u00fade de Curitiba voltou a recomendar o uso de m\u00e1scaras<\/a>\u00a0em locais fechados ou abertos que tenham aglomera\u00e7\u00f5es de pessoas. A medida, que n\u00e3o \u00e9 de car\u00e1ter obrigat\u00f3rio, foi tomada depois de a capital registrar alta no n\u00famero de novos casos e de casos ativos de covid-19 ao mesmo tempo em que o sistema de sa\u00fade enfrenta aumento nas demandas por atendimento de outras doen\u00e7as respirat\u00f3rias.<\/p>\n<p class=\"ckeditor-subtitle\">Eu ainda devo usar m\u00e1scara? E qual a melhor?<\/p>\n<p>Independentemente de normativas dos governos, os especialistas em covid-19 seguem recomendando o uso de m\u00e1scaras e a vacina\u00e7\u00e3o como maneiras de prote\u00e7\u00e3o contra o v\u00edrus.\u00a0<\/p>\n<p><a href=\"https:\/\/infectologia.org.br\/wp-content\/uploads\/2022\/03\/recomendacaoes-sobre-o-uso-de-mascaras-no-atual-cenario-epidemiologico-quem-quando-e-qual-mascara-utilizar-21-03-22.pdf\">Segundo a Sociedade Brasileira de Infectologia<\/a>, o uso de m\u00e1scaras \u00e9 fundamental para pessoas com sintomas de gripe e resfriado e pessoas que est\u00e3o em contato com indiv\u00edduos com sintomas ou que testaram positivo.\u00a0<\/p>\n<p>Al\u00e9m disso, a entidade tamb\u00e9m recomenda o uso de m\u00e1scaras para pessoas que ainda n\u00e3o tenham tomado a terceira dose da vacina, pessoas imunossuprimidas, gestantes e maiores de 60 anos.\u00a0<\/p>\n<p>Locais abertos e fechados que estejam tendo aglomera\u00e7\u00e3o de pessoas e ambientes de servi\u00e7os de sa\u00fade, como cl\u00ednicas, hospitais e unidades b\u00e1sicas de sa\u00fade s\u00e3o locais onde h\u00e1 maior chance de contato com o v\u00edrus.\u00a0<\/p>\n<p>As m\u00e1scaras mais eficientes para a preven\u00e7\u00e3o do cont\u00e1gio s\u00e3o as chamadas PFF2 ou N95. A efic\u00e1cia de m\u00e1scaras de tecido depende do material utilizado, do n\u00famero de camadas de pano e do ajuste no rosto. Em geral, no entanto, possuem efic\u00e1cia bem menor do que as PFF2. M\u00e1scaras cir\u00fargicas s\u00e3o op\u00e7\u00f5es melhores do que as feitas de pano, mas se o acesso a elas n\u00e3o for poss\u00edvel, \u00e9 melhor usar uma de tecido do que n\u00e3o usar.<\/p>\n<p>De acordo com um\u00a0<a href=\"https:\/\/www.dw.com\/pt-br\/risco-de-contrair-covid-19-com-m%C3%A1scara-pff2-%C3%A9-m%C3%ADnimo-aponta-estudo\/a-60021502\">estudo alem\u00e3o realizado pelo Instituto Max Planck<\/a>, mesmo que todos a sua volta estejam sem m\u00e1scaras, se voc\u00ea estiver utilizando a m\u00e1scara correta bem ajustada ao rosto, cobrindo nariz e boca, a efic\u00e1cia est\u00e1 garantida.<\/p>\n<p class=\"ckeditor-subtitle\">Vacina\u00e7\u00e3o \u00e9 fundamental para prote\u00e7\u00e3o<\/p>\n<p>Depois de um in\u00edcio promissor, a vacina\u00e7\u00e3o contra a covid-19 est\u00e1 estagnada no Brasil. Isso faz com que o v\u00edrus tenha mais facilidade para circular, j\u00e1 que os imunizantes atuam tamb\u00e9m para reduzir o cont\u00e1gio. Por isso, \u00e9 preciso completar o esquema de vacina\u00e7\u00e3o.<\/p>\n<p>A quarta dose come\u00e7ou a ser aplicada na \u00faltima segunda-feira (6) e est\u00e1 dispon\u00edvel em todo o pa\u00eds\u00a0para pessoas acima de 50 anos, profissionais da sa\u00fade e pessoas imunossuprimidas. S\u00f3 em S\u00e3o Paulo capital, mais de 1 milh\u00e3o e meio de pessoas s\u00e3o aguardadas pelo SUS para tomarem a nova dose da vacina.\u00a0<\/p>\n<p>Se voc\u00ea est\u00e1 nesse grupo, procure o posto de vacina\u00e7\u00e3o mais pr\u00f3ximo para refor\u00e7ar a imuniza\u00e7\u00e3o. N\u00e3o esque\u00e7a de levar um documento com foto e seu cart\u00e3o de vacina\u00e7\u00e3o.<\/p>\n<p><strong>Fonte: Contraf-CUT<\/strong><\/p>\n","protected":false},"excerpt":{"rendered":"<p>A quarta onda da covid-19 j\u00e1 \u00e9 uma realidade no Brasil. Em duas semanas \u2013 entre os dias 20 de maio e 02 de junho \u2013 o\u00a0n\u00famero\u00a0de casos de covid no Brasil subiu 122%, indo de 14 mil para 31 mil casos confirmados da doen\u00e7a por dia, em m\u00e9dia. Uma das causas desse crescimento \u00e9 [&hellip;]<\/p>\n","protected":false},"author":2,"featured_media":12635,"comment_status":"","ping_status":"","sticky":false,"template":"","format":"standard","meta":{"footnotes":""},"categories":[3],"tags":[],"class_list":["post-12636","post","type-post","status-publish","format-standard","has-post-thumbnail","hentry","category-noticias"],"_links":{"self":[{"href":"https:\/\/hostnetart.com.br\/baixada\/wp-json\/wp\/v2\/posts\/12636","targetHints":{"allow":["GET"]}}],"collection":[{"href":"https:\/\/hostnetart.com.br\/baixada\/wp-json\/wp\/v2\/posts"}],"about":[{"href":"https:\/\/hostnetart.com.br\/baixada\/wp-json\/wp\/v2\/types\/post"}],"author":[{"embeddable":true,"href":"https:\/\/hostnetart.com.br\/baixada\/wp-json\/wp\/v2\/users\/2"}],"replies":[{"embeddable":true,"href":"https:\/\/hostnetart.com.br\/baixada\/wp-json\/wp\/v2\/comments?post=12636"}],"version-history":[{"count":0,"href":"https:\/\/hostnetart.com.br\/baixada\/wp-json\/wp\/v2\/posts\/12636\/revisions"}],"wp:featuredmedia":[{"embeddable":true,"href":"https:\/\/hostnetart.com.br\/baixada\/wp-json\/wp\/v2\/media\/12635"}],"wp:attachment":[{"href":"https:\/\/hostnetart.com.br\/baixada\/wp-json\/wp\/v2\/media?parent=12636"}],"wp:term":[{"taxonomy":"category","embeddable":true,"href":"https:\/\/hostnetart.com.br\/baixada\/wp-json\/wp\/v2\/categories?post=12636"},{"taxonomy":"post_tag","embeddable":true,"href":"https:\/\/hostnetart.com.br\/baixada\/wp-json\/wp\/v2\/tags?post=12636"}],"curies":[{"name":"wp","href":"https:\/\/api.w.org\/{rel}","templated":true}]}}