{"id":12634,"date":"2022-06-08T14:24:25","date_gmt":"2022-06-08T17:24:25","guid":{"rendered":"https:\/\/hostnetart.com.br\/baixada\/bancarios-realizam-encontros-nacionais-por-bancos-a-partir-desta-4\/"},"modified":"2022-06-08T14:24:25","modified_gmt":"2022-06-08T17:24:25","slug":"bancarios-realizam-encontros-nacionais-por-bancos-a-partir-desta-4","status":"publish","type":"post","link":"https:\/\/hostnetart.com.br\/baixada\/bancarios-realizam-encontros-nacionais-por-bancos-a-partir-desta-4\/","title":{"rendered":"Banc\u00e1rios realizam encontros nacionais por bancos a partir desta 4\u00aa"},"content":{"rendered":"<p>Banc\u00e1rios de todo o Brasil realizam nesta quarta-feira (8), a partir das 18h, a abertura solene dos encontros nacionais espec\u00edficos dos trabalhadores de bancos p\u00fablicos nacionais (Caixa, BB, BNB, Basa e BNDES), para refletirem sobre seus cotidianos de trabalho e sobre quest\u00f5es que afetam toda a sociedade, como a carestia de pre\u00e7os de praticamente todos os produtos da cesta b\u00e1sica e a crise socioecon\u00f4mica e pol\u00edtica que se instalou no pa\u00eds ap\u00f3s o golpe que tirou Dilma Rousseff da Presid\u00eancia da Rep\u00fablica e se aprofundou ap\u00f3s a elei\u00e7\u00e3o de 2018.<\/p>\n<p>\u201c\u00c9 um momento importante da Campanha Nacional dos Banc\u00e1rios, no qual se faz o debate sobre as reivindica\u00e7\u00f5es para as mesas espec\u00edficas e tamb\u00e9m sobre a import\u00e2ncia e o papel dos bancos p\u00fablicos para o desenvolvimento econ\u00f4mico, assim como para a gera\u00e7\u00e3o e distribui\u00e7\u00e3o de renda\u201d, explicou a presidenta da Confedera\u00e7\u00e3o Nacional dos Trabalhadores do Ramo Financeiro (Contraf-CUT) e coordenadora do Comando Nacional dos Banc\u00e1rios, Juvandia Moreira.<\/p>\n<p>Os encontros nacionais dos trabalhadores do Banco do Nordeste do Brasil, do Banco da Amaz\u00f4nia e do Banco Nacional de Desenvolvimento Econ\u00f4mico e Social (BNDES) j\u00e1 ocorreram. Os dos empregados da Caixa e funcion\u00e1rios do banco do Brasil seguem nesta quinta (9) e sexta-feira (10).<\/p>\n<h3><strong>Contexto social<\/strong><\/h3>\n<p>Para Juvandia, tamb\u00e9m \u00e9 importante o debate sobre o contexto social que o pa\u00eds vive. \u201cNum cen\u00e1rio de infla\u00e7\u00e3o alta, desemprego crescente, crise dos combust\u00edveis e carestia generalizada, a categoria tem que fortalecer a unidade e se mobilizar ainda mais, para garantir seus direitos nas quest\u00f5es sociais, de remunera\u00e7\u00e3o, de sa\u00fade e de condi\u00e7\u00f5es de trabalho na negocia\u00e7\u00e3o com os bancos\u201d, disse. \u201cS\u00e3o coisas que afetam diretamente o cotidiano dos banc\u00e1rios, mas n\u00e3o conseguimos resolver em nossa mesa de negocia\u00e7\u00f5es com os bancos. Por isso, precisamos debater o Brasil que a gente quer e como cada um, em seu dia a dia, pode atuar para eleger um presidente da Rep\u00fablica, governadores, senadores e deputados que tenham compromisso com a classe trabalhadora e que sejam capazes de tirar o pa\u00eds da situa\u00e7\u00e3o cr\u00edtica na qual se encontra\u201d, completou.<\/p>\n<p>Para ajudar a refletir sobre estas quest\u00f5es j\u00e1 nesta quarta-feira, na abertura dos encontros, foram convidados o engenheiro e economista Eduardo Moreira, que foi um dos s\u00f3cios-fundadores do banco Pactual, o banc\u00e1rio e ex-governador do Piau\u00ed, Wellington Dias, e a especialista em Energia e Sociedade no Capitalismo Contempor\u00e2neo pela UFRJ, trabalhadora do sistema Eletrobr\u00e1s e dirigente do Sindicato dos Urbanit\u00e1rios do Distrito Federal, Fabiola Latino Antezana.<\/p>\n<p>Representantes de todas as correntes pol\u00edticas que atuam no movimento sindical banc\u00e1rio, dirigentes de cada um dos bancos p\u00fablicos e o presidente da Federa\u00e7\u00e3o Nacional das Associa\u00e7\u00f5es do Pessoal da Caixa (Fenae), Sergio Takemoto, tamb\u00e9m contribuir\u00e3o com as reflex\u00f5es.<\/p>\n<h3>Encontros de bancos privados<\/h3>\n<p>Os funcion\u00e1rios do Bradesco, Ita\u00fa e Santander tamb\u00e9m realizam seus encontros nacionais nesta quinta-feira (9). Al\u00e9m de debaterem quest\u00f5es gerais, que envolvem toda a categoria, tamb\u00e9m debater\u00e3o pautas espec\u00edficas para contribu\u00edrem com a elabora\u00e7\u00e3o da minuta de reivindica\u00e7\u00f5es dos banc\u00e1rios, que ser\u00e1 entregue \u00e0 Federa\u00e7\u00e3o Nacional dos Bancos (Fenaban), ap\u00f3s a defini\u00e7\u00e3o da Confer\u00eancia Nacional dos Banc\u00e1rios, que ser\u00e1 realizada de 10 a 12 de junho, e a aprova\u00e7\u00e3o pelas assembleias que ser\u00e3o realizadas pelos sindicatos de banc\u00e1rios de todo o pa\u00eds.<\/p>\n<h3><strong>Cuidados com a covid-19<\/strong><\/h3>\n<p>Todas as delegadas e todos os delegados que forem participar presencialmente dever\u00e3o apresentar comprova\u00e7\u00e3o de vacina\u00e7\u00e3o contra a covid-19 (passaporte vacinal) no ato do credenciamento. Tamb\u00e9m dever\u00e3o apresentar o comprovante de teste negativo, do tipo ant\u00edgeno, contra a covid-19, realizado em at\u00e9 tr\u00eas dias antes do credenciamento.<\/p>\n<p><strong>Fonte: Contraf-CUT<\/strong><\/p>\n","protected":false},"excerpt":{"rendered":"<p>Banc\u00e1rios de todo o Brasil realizam nesta quarta-feira (8), a partir das 18h, a abertura solene dos encontros nacionais espec\u00edficos dos trabalhadores de bancos p\u00fablicos nacionais (Caixa, BB, BNB, Basa e BNDES), para refletirem sobre seus cotidianos de trabalho e sobre quest\u00f5es que afetam toda a sociedade, como a carestia de pre\u00e7os de praticamente todos [&hellip;]<\/p>\n","protected":false},"author":2,"featured_media":12633,"comment_status":"","ping_status":"","sticky":false,"template":"","format":"standard","meta":{"footnotes":""},"categories":[3],"tags":[],"class_list":["post-12634","post","type-post","status-publish","format-standard","has-post-thumbnail","hentry","category-noticias"],"_links":{"self":[{"href":"https:\/\/hostnetart.com.br\/baixada\/wp-json\/wp\/v2\/posts\/12634","targetHints":{"allow":["GET"]}}],"collection":[{"href":"https:\/\/hostnetart.com.br\/baixada\/wp-json\/wp\/v2\/posts"}],"about":[{"href":"https:\/\/hostnetart.com.br\/baixada\/wp-json\/wp\/v2\/types\/post"}],"author":[{"embeddable":true,"href":"https:\/\/hostnetart.com.br\/baixada\/wp-json\/wp\/v2\/users\/2"}],"replies":[{"embeddable":true,"href":"https:\/\/hostnetart.com.br\/baixada\/wp-json\/wp\/v2\/comments?post=12634"}],"version-history":[{"count":0,"href":"https:\/\/hostnetart.com.br\/baixada\/wp-json\/wp\/v2\/posts\/12634\/revisions"}],"wp:featuredmedia":[{"embeddable":true,"href":"https:\/\/hostnetart.com.br\/baixada\/wp-json\/wp\/v2\/media\/12633"}],"wp:attachment":[{"href":"https:\/\/hostnetart.com.br\/baixada\/wp-json\/wp\/v2\/media?parent=12634"}],"wp:term":[{"taxonomy":"category","embeddable":true,"href":"https:\/\/hostnetart.com.br\/baixada\/wp-json\/wp\/v2\/categories?post=12634"},{"taxonomy":"post_tag","embeddable":true,"href":"https:\/\/hostnetart.com.br\/baixada\/wp-json\/wp\/v2\/tags?post=12634"}],"curies":[{"name":"wp","href":"https:\/\/api.w.org\/{rel}","templated":true}]}}