{"id":12632,"date":"2022-06-07T17:34:28","date_gmt":"2022-06-07T20:34:28","guid":{"rendered":"https:\/\/hostnetart.com.br\/baixada\/santander-apresenta-nova-proposta-para-compensacao-de-horas\/"},"modified":"2022-06-07T17:34:28","modified_gmt":"2022-06-07T20:34:28","slug":"santander-apresenta-nova-proposta-para-compensacao-de-horas","status":"publish","type":"post","link":"https:\/\/hostnetart.com.br\/baixada\/santander-apresenta-nova-proposta-para-compensacao-de-horas\/","title":{"rendered":"Santander apresenta nova proposta para compensa\u00e7\u00e3o de horas"},"content":{"rendered":"<p>A Comiss\u00e3o de Organiza\u00e7\u00e3o dos Empregados (COE) do Santander se reuniu com o banco nesta ter\u00e7a-feira (7) para dar continuidade \u00e0s negocia\u00e7\u00f5es sobre a compensa\u00e7\u00e3o de horas negativas, acumuladas no per\u00edodo mais intenso da pandemia. Ap\u00f3s reivindica\u00e7\u00e3o dos trabalhadores na primeira reuni\u00e3o, o Santander apresentou nova proposta, com prazo menor para a compensa\u00e7\u00e3o e maior anistia, levando em conta a quantidade de horas compensadas.<\/p>\n<p>\u201cQuanto mais o banc\u00e1rio compensar, maior ser\u00e1 a anistia no saldo final das horas\u201d, explicou a coordenadora da COE Santander, Lucimara Malaquias. \u201cVamos analisar a proposta para entender e fazer c\u00e1lculos para ver se, dessa maneira, com essa progress\u00e3o de anistia, de fato ela \u00e9 positiva para os trabalhadores\u201d, completou.\u00a0<\/p>\n<figure class=\"wp-block-embed-youtube wp-block-embed is-type-video is-provider-youtube wp-embed-aspect-4-3 wp-has-aspect-ratio\"><\/figure>\n<h3><strong>Reuni\u00e3o anterior<\/strong><\/h3>\n<p>Na reuni\u00e3o anterior, Lucimara observou que a proposta apresentada pelo banco trazia um prazo bastante extenso de compensa\u00e7\u00e3o, o que poderia significar um aumento de jornada expressivo para estes trabalhadores durante um longo per\u00edodo e que tal aumento poderia causar adoecimento ou a piora das sequelas j\u00e1 existentes. Por isso, o movimento pediu a redu\u00e7\u00e3o do prazo e uma anistia maior das horas pendentes.<\/p>\n<p>A representa\u00e7\u00e3o sindical dos trabalhadores tamb\u00e9m prop\u00f4s que o banco utilizasse as horas que o trabalhador estivesse em cursos, treinamentos, forma\u00e7\u00f5es e outros momentos de capacita\u00e7\u00e3o para abater as horas negativas. Mas, o banco recusou a proposta.<\/p>\n<h3><strong>Pr\u00f3xima reuni\u00e3o<\/strong><\/h3>\n<p>Uma nova reuni\u00e3o ser\u00e1 realizada na pr\u00f3xima semana para que as partes tentem concluir esse processo. \u201cPrecisamos ter cautela, mas temos que resolver isso o mais r\u00e1pido poss\u00edvel para trazer um pouco mais de calma e seguran\u00e7a aos trabalhadores\u201d, concluiu a coordenadora da COE\/Santander.<\/p>\n<p><strong>Fonte: Contraf-CUT<\/strong><\/p>\n","protected":false},"excerpt":{"rendered":"<p>A Comiss\u00e3o de Organiza\u00e7\u00e3o dos Empregados (COE) do Santander se reuniu com o banco nesta ter\u00e7a-feira (7) para dar continuidade \u00e0s negocia\u00e7\u00f5es sobre a compensa\u00e7\u00e3o de horas negativas, acumuladas no per\u00edodo mais intenso da pandemia. Ap\u00f3s reivindica\u00e7\u00e3o dos trabalhadores na primeira reuni\u00e3o, o Santander apresentou nova proposta, com prazo menor para a compensa\u00e7\u00e3o e maior [&hellip;]<\/p>\n","protected":false},"author":2,"featured_media":12631,"comment_status":"","ping_status":"","sticky":false,"template":"","format":"standard","meta":{"footnotes":""},"categories":[3],"tags":[],"class_list":["post-12632","post","type-post","status-publish","format-standard","has-post-thumbnail","hentry","category-noticias"],"_links":{"self":[{"href":"https:\/\/hostnetart.com.br\/baixada\/wp-json\/wp\/v2\/posts\/12632","targetHints":{"allow":["GET"]}}],"collection":[{"href":"https:\/\/hostnetart.com.br\/baixada\/wp-json\/wp\/v2\/posts"}],"about":[{"href":"https:\/\/hostnetart.com.br\/baixada\/wp-json\/wp\/v2\/types\/post"}],"author":[{"embeddable":true,"href":"https:\/\/hostnetart.com.br\/baixada\/wp-json\/wp\/v2\/users\/2"}],"replies":[{"embeddable":true,"href":"https:\/\/hostnetart.com.br\/baixada\/wp-json\/wp\/v2\/comments?post=12632"}],"version-history":[{"count":0,"href":"https:\/\/hostnetart.com.br\/baixada\/wp-json\/wp\/v2\/posts\/12632\/revisions"}],"wp:featuredmedia":[{"embeddable":true,"href":"https:\/\/hostnetart.com.br\/baixada\/wp-json\/wp\/v2\/media\/12631"}],"wp:attachment":[{"href":"https:\/\/hostnetart.com.br\/baixada\/wp-json\/wp\/v2\/media?parent=12632"}],"wp:term":[{"taxonomy":"category","embeddable":true,"href":"https:\/\/hostnetart.com.br\/baixada\/wp-json\/wp\/v2\/categories?post=12632"},{"taxonomy":"post_tag","embeddable":true,"href":"https:\/\/hostnetart.com.br\/baixada\/wp-json\/wp\/v2\/tags?post=12632"}],"curies":[{"name":"wp","href":"https:\/\/api.w.org\/{rel}","templated":true}]}}