{"id":12630,"date":"2022-06-07T17:26:21","date_gmt":"2022-06-07T20:26:21","guid":{"rendered":"https:\/\/hostnetart.com.br\/baixada\/congressos-nacionais-da-caixa-e-do-banco-do-brasil-ocorrem-entre-os-dias-8-e-10-de-junho\/"},"modified":"2022-06-07T17:26:21","modified_gmt":"2022-06-07T20:26:21","slug":"congressos-nacionais-da-caixa-e-do-banco-do-brasil-ocorrem-entre-os-dias-8-e-10-de-junho","status":"publish","type":"post","link":"https:\/\/hostnetart.com.br\/baixada\/congressos-nacionais-da-caixa-e-do-banco-do-brasil-ocorrem-entre-os-dias-8-e-10-de-junho\/","title":{"rendered":"Congressos Nacionais da Caixa e do Banco do Brasil ocorrem entre os dias 8 e 10 de junho"},"content":{"rendered":"<p>Entre os dias 8 e 10 de junho, de quarta a sexta-feira, funcion\u00e1rias e funcion\u00e1rios do Banco do Brasil e da Caixa Econ\u00f4mica Federal, realizam seus Congressos Nacionais. Confira:<\/p>\n<p><span style=\"text-decoration: underline;\"><strong>BANCO DO BRASIL<\/strong><\/span><\/p>\n<p>O 33\u00b0 Congresso Nacional dos Funcion\u00e1rios do Banco do Brasil \u201cBB p\u00fablico sim, BB mais social sempre!\u201d ser\u00e1 realizado nessa quarta, quinta e sexta-feira (08, 09 e 10), em formato h\u00edbrido. Presencialmente, o evento acontece no Holiday Inn Parque Anhembi, em S\u00e3o Paulo.<\/p>\n<p>O evento abrigar\u00e1 mesas de debate sobre melhores condi\u00e7\u00f5es de trabalho no banco e sobre o papel da institui\u00e7\u00e3o no desenvolvimento econ\u00f4mico e social, no combate \u00e0 fome e na reconstru\u00e7\u00e3o do pa\u00eds. \u201cA proposta do 33\u00ba Congresso \u00e9 refor\u00e7ar a import\u00e2ncia do BB e dos demais bancos p\u00fablicos para o Brasil\u201d, afirmou o coordenador da Comiss\u00e3o de Empresa dos Funcion\u00e1rios do Banco do Brasil (CEBB), Jo\u00e3o Fukunaga.<\/p>\n<h3><strong>Cuidados com a covid-19<\/strong><\/h3>\n<p>Todas as delegadas e todos os delegados que forem participar presencialmente dever\u00e3o apresentar comprova\u00e7\u00e3o de vacina\u00e7\u00e3o contra a covid-19 (passaporte vacinal) no ato do credenciamento. Tamb\u00e9m dever\u00e3o apresentar o comprovante de teste negativo, do tipo ant\u00edgeno, contra a covid-19, realizado em at\u00e9 tr\u00eas dias antes do credenciamento.<\/p>\n<h3><strong>Programa\u00e7\u00e3o<\/strong><\/h3>\n<p><strong>9 de junho de 2022 \u2013 quinta-feira<br \/><\/strong>9h \u00e0s 9h50 \u2013 Aprova\u00e7\u00e3o do Regimento Interno do 33\u00ba Congresso Nacional dos Funcion\u00e1rios do Banco do Brasil e falas dos representantes das centrais\/correntes, por apresenta\u00e7\u00e3o de v\u00eddeo com dura\u00e7\u00e3o m\u00e1xima de 3 (tr\u00eas) minutos<br \/>10h \u00e0s 11h30 \u2013 Mesa 1: Melhores condi\u00e7\u00f5es de trabalho, mais dignidade no Banco do Brasil<br \/>11h35 \u00e0s 13h \u2013 Mesa 2: Desenvolvimento econ\u00f4mico regional com banco p\u00fablico<\/p>\n<p><strong>13h \u00e0s 14h \u2013 Almo\u00e7o<\/p>\n<p><\/strong>14h \u00e0s 15h30 \u2013 Mesa 3: A fome se combate com agricultura familiar<br \/>15h35 \u00e0s 18h \u2013 Mesa 4: O papel do Banco do Brasil na reconstru\u00e7\u00e3o do Brasil que a gente quer<\/p>\n<p><strong>10 de junho de 2022 \u2013 sexta-feira<br \/><\/strong>09h\/10h30 \u2013 Encontro sobre Desigualdade de G\u00eanero e Ra\u00e7a no Trabalho e Renda<br \/>10h35\/12h \u2013 Encontro sobre Juventude: acesso ao trabalho e renda<\/p>\n<p><span style=\"text-decoration: underline;\"><strong>CAIXA<\/strong><\/span><\/p>\n<p>Banc\u00e1rios e banc\u00e1rias da Caixa Econ\u00f4mica Federal realizam de quarta-feira (8) a sexta-feira (10) o seu 38\u00ba Congresso Nacional dos Empregados da Caixa Econ\u00f4mica Federal (Conecef) para debaterem sobre as quest\u00f5es que afetam seu dia a dia de trabalho e definirem suas pautas espec\u00edficas de reivindica\u00e7\u00f5es, que ser\u00e3o negociadas com o banco durante a Campanha Nacional da categoria. O congresso ser\u00e1 realizado de forma h\u00edbrida, com participa\u00e7\u00e3o no local, em S\u00e3o Paulo, e de forma remota, por uma plataforma eletr\u00f4nica de videoconfer\u00eancia e de vota\u00e7\u00e3o.<\/p>\n<p>Os debates girar\u00e3o em torno de quatro eixos distintos: 1. Defesa dos bancos e empresas p\u00fablicas; Defesa da Caixa 100% P\u00fablica; 2. Sa\u00fade e condi\u00e7\u00f5es de trabalho, incluindo o plano de sa\u00fade dos empregados (Sa\u00fade Caixa); e Fundo de Previd\u00eancia dos empregados (Funcef); 3. Manuten\u00e7\u00e3o dos direitos atuais e conquistas de novos; Mais contrata\u00e7\u00f5es; 4. Organiza\u00e7\u00e3o sindical e defesa da democracia.<\/p>\n<p>\u201cS\u00e3o quatro eixos de discuss\u00f5es que englobam n\u00e3o apenas as quest\u00f5es que est\u00e3o no dia a dia dos empregados, v\u00e3o al\u00e9m e entram em temas que est\u00e3o na ordem do dia de toda a sociedade\u201d, disse a coordenadora da Comiss\u00e3o Executiva dos Empregados (CEE) da Caixa, Fabiana Uehara Proscholdt. \u201cJ\u00e1 \u00e9 cultural no movimento sindical banc\u00e1rio debater e apresentar solu\u00e7\u00f5es para as pautas da categoria e tamb\u00e9m para pautas sociais. Trata-se de nosso perfil de sindicato cidad\u00e3o\u201d, completou.<\/p>\n<h3><strong>Cuidados com a covid-19<\/strong><\/h3>\n<p>Todas as delegadas e todos os delegados que forem participar presencialmente dever\u00e3o apresentar comprova\u00e7\u00e3o de vacina\u00e7\u00e3o contra a covid-19 (passaporte vacinal) no ato do credenciamento. Tamb\u00e9m dever\u00e3o apresentar o comprovante de teste negativo, do tipo ant\u00edgeno, contra a covid-19, realizado em at\u00e9 tr\u00eas dias antes do credenciamento.<\/p>\n<h3><strong>Programa\u00e7\u00e3o<\/strong><\/h3>\n<p>38\u00ba Congresso Nacional dos Empregados da Caixa Econ\u00f4mica Federal<br \/>8, 9 e 10 de junho de 2022<\/p>\n<p><strong>8 de junho de 2022 \u2013 quarta-feira<br \/><\/strong>14h\/20h \u2013 Credenciamento presencial e eletr\u00f4nico de delegados e delegadas inscritos<br \/>19h \u2013 Abertura solene conjunta do 38\u00ba Congresso Nacional dos Empregados da Caixa; 33\u00ba Congresso Nacional dos Funcion\u00e1rios do Banco do Brasil; 28\u00ba Congresso Nacional dos Funcion\u00e1rios do Banco do Nordeste do Brasil; 14\u00ba Congresso dos Funcion\u00e1rios do Banco da Amaz\u00f4nia e 2\u00ba Congresso Nacional dos Funcion\u00e1rios do BNDES.<\/p>\n<p><strong>9 de junho de 2022 \u2013 quinta-feira<br \/><\/strong>9h\/09h30 \u2013 Aprova\u00e7\u00e3o do Regimento Interno do 38\u00ba Congresso Nacional dos Empregados da Caixa Econ\u00f4mica Federal<br \/>9h30\/11h \u2013 Apresenta\u00e7\u00e3o de teses<br \/>11h\/12h30 \u2013 Mesa 1 \u2013 Defesa das Empresas P\u00fablicas, Defesa dos Bancos P\u00fablicos e Caixa 100% P\u00fablica.<\/p>\n<p><strong>12h30\/13h30 \u2013 Almo\u00e7o<\/p>\n<p><\/strong>13h30\/15h \u2013 Mesa 2 \u2013 Sa\u00fade e Condi\u00e7\u00f5es de Trabalho\/Sa\u00fade Caixa<br \/>15h\/16h30 \u2013 Mesa 3 \u2013 Funcef<br \/>16h30\/18h \u2013 Mesa 4 \u2013 ACT e CCT\/Contrata\u00e7\u00f5es<\/p>\n<p><strong>10 de junho de 2022 \u2013 sexta-feira<br \/><\/strong>09h\/10h30 \u2013 Mesa 5 \u2013 Organiza\u00e7\u00e3o do Movimento<br \/>10h30\/12h \u2013 Mesa 6 \u2013 Democracia<\/p>\n<p><em><strong>Fonte: Contraf-CUT<\/strong><\/em><\/p>\n","protected":false},"excerpt":{"rendered":"<p>Entre os dias 8 e 10 de junho, de quarta a sexta-feira, funcion\u00e1rias e funcion\u00e1rios do Banco do Brasil e da Caixa Econ\u00f4mica Federal, realizam seus Congressos Nacionais. Confira: BANCO DO BRASIL O 33\u00b0 Congresso Nacional dos Funcion\u00e1rios do Banco do Brasil \u201cBB p\u00fablico sim, BB mais social sempre!\u201d ser\u00e1 realizado nessa quarta, quinta e [&hellip;]<\/p>\n","protected":false},"author":2,"featured_media":12629,"comment_status":"","ping_status":"","sticky":false,"template":"","format":"standard","meta":{"footnotes":""},"categories":[3],"tags":[],"class_list":["post-12630","post","type-post","status-publish","format-standard","has-post-thumbnail","hentry","category-noticias"],"_links":{"self":[{"href":"https:\/\/hostnetart.com.br\/baixada\/wp-json\/wp\/v2\/posts\/12630","targetHints":{"allow":["GET"]}}],"collection":[{"href":"https:\/\/hostnetart.com.br\/baixada\/wp-json\/wp\/v2\/posts"}],"about":[{"href":"https:\/\/hostnetart.com.br\/baixada\/wp-json\/wp\/v2\/types\/post"}],"author":[{"embeddable":true,"href":"https:\/\/hostnetart.com.br\/baixada\/wp-json\/wp\/v2\/users\/2"}],"replies":[{"embeddable":true,"href":"https:\/\/hostnetart.com.br\/baixada\/wp-json\/wp\/v2\/comments?post=12630"}],"version-history":[{"count":0,"href":"https:\/\/hostnetart.com.br\/baixada\/wp-json\/wp\/v2\/posts\/12630\/revisions"}],"wp:featuredmedia":[{"embeddable":true,"href":"https:\/\/hostnetart.com.br\/baixada\/wp-json\/wp\/v2\/media\/12629"}],"wp:attachment":[{"href":"https:\/\/hostnetart.com.br\/baixada\/wp-json\/wp\/v2\/media?parent=12630"}],"wp:term":[{"taxonomy":"category","embeddable":true,"href":"https:\/\/hostnetart.com.br\/baixada\/wp-json\/wp\/v2\/categories?post=12630"},{"taxonomy":"post_tag","embeddable":true,"href":"https:\/\/hostnetart.com.br\/baixada\/wp-json\/wp\/v2\/tags?post=12630"}],"curies":[{"name":"wp","href":"https:\/\/api.w.org\/{rel}","templated":true}]}}