{"id":12628,"date":"2022-06-07T16:16:24","date_gmt":"2022-06-07T19:16:24","guid":{"rendered":"https:\/\/hostnetart.com.br\/baixada\/funcionarios-de-bancos-privados-realizam-encontros-nacionais-nesta-quinta-feira-9\/"},"modified":"2022-06-07T16:16:24","modified_gmt":"2022-06-07T19:16:24","slug":"funcionarios-de-bancos-privados-realizam-encontros-nacionais-nesta-quinta-feira-9","status":"publish","type":"post","link":"https:\/\/hostnetart.com.br\/baixada\/funcionarios-de-bancos-privados-realizam-encontros-nacionais-nesta-quinta-feira-9\/","title":{"rendered":"Funcion\u00e1rios de bancos privados realizam Encontros Nacionais nesta quinta-feira (9)"},"content":{"rendered":"<p>Os funcion\u00e1rios dos bancos Bradesco, Ita\u00fa e Santander realizam, nesta quinta-feira, 9 de junho, seu encontros nacionais, que debater\u00e3o sobre a pauta de reivindica\u00e7\u00f5es da categoria para a Campanha Nacional do Banc\u00e1rios.<\/p>\n<p>BRADESCO<\/p>\n<p>Os banc\u00e1rios do Bradesco realizam seu encontro nacional, nesta quinta-feira (9), em formato h\u00edbrido. A parte presencial ser\u00e1 realizada na sede da Confedera\u00e7\u00e3o Nacional dos Trabalhadores do Ramo Financeiro (Contraf-CUT), em S\u00e3o Paulo.<\/p>\n<p>Os debates do dia ser\u00e3o convergidos na minuta espec\u00edfica dos trabalhadores, entregue ao Bradesco posteriormente. \u201cN\u00f3s precisamos discutir a fundo a dura realidade que estamos enfrentando. Vamos debater a import\u00e2ncia da mobiliza\u00e7\u00e3o num ano eleitoral e de campanha salarial\u201d, afirmou Magaly Fagundes, coordenadora da Comiss\u00e3o de Organiza\u00e7\u00e3o dos Empregados (COE) do Bradesco.<\/p>\n<p>ITA\u00da<\/p>\n<p>O Encontro Nacional dos Funcion\u00e1rios do Banco Ita\u00fa-Unibanco acontece nesta quinta-feira (9), em formato h\u00edbrido. As atividades ocorrer\u00e3o, a partir das 9h, na sede do Sindicato dos Banc\u00e1rios de S\u00e3o Paulo (rua S\u00e3o Bento, 413, Centro, S\u00e3o Paulo). Os trabalhadores debater\u00e3o emprego, remunera\u00e7\u00e3o, sa\u00fade, condi\u00e7\u00f5es de trabalho, diversidade e previd\u00eancia complementar.<\/p>\n<p>\u201cNosso objetivo \u00e9 tirar uma estrat\u00e9gia para negociar com o banco nossa pauta de reivindica\u00e7\u00f5es espec\u00edficas, fruto desse encontro\u201d, afirmou Jair Alves, coordenador da Comiss\u00e3o de Organiza\u00e7\u00e3o dos Empregados (COE) do Ita\u00fa.<\/p>\n<p>SANTANDER<\/p>\n<p>Os funcion\u00e1rios do Banco Santander realizam na quinta-feira (9) seu encontro nacional para debater sobre a pauta de reivindica\u00e7\u00f5es da categoria para a Campanha Nacional do Banc\u00e1rios e sobre o Acordo Coletivo de Trabalho (ACT) espec\u00edfico com banco. O evento re\u00fane funcion\u00e1rios de todo o pa\u00eds, sendo que parte participar\u00e1 presencialmente e a outra na modalidade remota, por meio de uma plataforma digital de videoconfer\u00eancias. O encontro presencial ser\u00e1 realizado no Holiday Inn Parque Anhembi, em S\u00e3o Paulo.<\/p>\n<p>\u201c\u00c9 um momento estrat\u00e9gico para nossa Campanha Nacional, no qual vamos debater sobre quest\u00f5es que afligem funcion\u00e1rios do Santander em todo o pa\u00eds para definir as reivindica\u00e7\u00f5es espec\u00edficas que apresentaremos ao banco e tamb\u00e9m nossos pontos de vista sobre a pauta geral da categoria, que ser\u00e1 debatida e definida no pr\u00f3ximo final de semana, durante a 24\u00aa Confer\u00eancia Nacional dos Banc\u00e1rios\u201d, disse a coordenadora da Comiss\u00e3o de Organiza\u00e7\u00e3o dos Empregados (COE) do Santander, Lucimara Malaquias.<\/p>\n<p>Entre os pontos a serem debatidos est\u00e3o: Melhores condi\u00e7\u00f5es de trabalho; valoriza\u00e7\u00e3o dos trabalhadores com distribui\u00e7\u00e3o dos lucros; defini\u00e7\u00e3o transparente e participativa das metas; manuten\u00e7\u00e3o do protocolo de preven\u00e7\u00e3o e seguran\u00e7a contra a covid-19; valoriza\u00e7\u00e3o da sa\u00fade e do bem estar dos funcion\u00e1rios e clientes; reajuste justo nas bolsas de gradua\u00e7\u00e3o e p\u00f3s-gradu\u00e7\u00e3o; fim das terceiriza\u00e7\u00f5es e das demiss\u00f5es; mais contrata\u00e7\u00f5es j\u00e1 e com condi\u00e7\u00f5es dignas de trabalho.<\/p>\n<p><strong>Cuidados com a covid-19<\/strong><\/p>\n<p>Todas as delegadas e todos os delegados que forem participar presencialmente dever\u00e3o apresentar comprova\u00e7\u00e3o de vacina\u00e7\u00e3o contra a covid-19 (passaporte vacinal) no ato do credenciamento. Tamb\u00e9m dever\u00e3o apresentar o comprovante de teste negativo, do tipo ant\u00edgeno, contra a covid-19, realizado em at\u00e9 tr\u00eas dias antes do credenciamento.<\/p>\n<p><strong>PROGRAMA\u00c7\u00d5ES<\/strong><\/p>\n<p><span style=\"text-decoration: underline;\"><strong>Encontro Nacional dos Funcion\u00e1rios do Bradesco (Quinta-feira, 9 de junho)<\/strong><\/span><\/p>\n<h3><span style=\"color: #333333; font-family: Tahoma, Helvetica, Arial, sans-serif; font-size: 12.16px;\">9h \u00e0s 10h30 \u2013 Abertura<\/span><\/h3>\n<p>Composi\u00e7\u00e3o: um representante por federa\u00e7\u00e3o, coordena\u00e7\u00e3o da COE e representa\u00e7\u00e3o da Contraf-CUT<br \/>10h30 \u00e0s 11h30 \u2013 An\u00e1lise de conjuntura \u2013 Juvandia Moreira, presidenta da Confedera\u00e7\u00e3o Nacional dos Trabalhadores do Ramo Financeiro (Contraf-CUT)<br \/>11h30 \u00e0s 12h30 \u2013 Apresenta\u00e7\u00e3o do Dieese<br \/>Convidado: Gustavo Cavarzan \u2013 T\u00e9cnico do Dieese<\/p>\n<p><strong>13h \u00e0s 14h \u2013 Almo\u00e7o<\/strong><\/p>\n<p>14h \u2013 Unidade de neg\u00f3cio \u2013 Elias Jord\u00e3o (secret\u00e1rio de Pol\u00edticas Sociais da Contraf-CUT) e Jefferson Martins de Oliveira (assessor jur\u00eddico da Contraf-CUT)<br \/>15h \u2013 Apresenta\u00e7\u00e3o da minuta de reivindica\u00e7\u00f5es dos (as) funcion\u00e1rios (as) do Banco Bradesco S.A.<br \/>Composi\u00e7\u00e3o: Coordena\u00e7\u00e3o da COE Bradesco<br \/>16h \u2013 Apresenta\u00e7\u00e3o das federa\u00e7\u00f5es do levantamento das principais demandas dos(as) trabalhadores (as):<br \/>\u2013 Emprego<br \/>\u2013 Sa\u00fade\/teletrabalho<br \/>\u2013 Seguran\u00e7a<br \/>17h \u2013 Discuss\u00e3o das estrat\u00e9gias, organiza\u00e7\u00e3o da COE Bradesco e encerramento<br \/>18h \u2013 Encerramento<\/p>\n<p><span style=\"text-decoration: underline;\"><strong>Encontro Nacional dos Funcion\u00e1rios do Ita\u00fa (Quinta-feira, 9 de junho)<\/strong><\/span><\/p>\n<h3><strong style=\"color: #333333; font-family: Tahoma, Helvetica, Arial, sans-serif; font-size: 12.16px;\">Dia 9\/6\/2022 \u2013 quinta-feira<\/strong><\/h3>\n<p>8h \u00e0s 11h \u2013 Credenciamento presencial de delegados e delegadas inscritos<br \/>9h \u00e0s 9h30 \u2013 Abertura solene do Encontro Nacional dos Funcion\u00e1rios do Ita\u00fa-Unibanco<br \/>9h30 \u00e0s 10h \u2013 Mesa 1 \u2013 Apresenta\u00e7\u00e3o pelo Dieese do Balan\u00e7o Trimestral do Banco e Emprego<br \/>10h \u00e0s 11h \u2013 Mesa 2 \u2013 Sa\u00fade e Condi\u00e7\u00f5es de Trabalho<br \/>11h10 \u00e0s 12h10 \u2013 Mesa 3 \u2013 Emprego<br \/>12h10 \u00e0s 13h \u2013 Mesa 4 \u2013 Seguran\u00e7a Banc\u00e1ria<\/p>\n<p><strong>13h \u00e0s 14h30 \u2013 Almo\u00e7o<\/p>\n<p><\/strong>14h30 \u00e0s 15h30 \u2013 Mesa 5 \u2013 Remunera\u00e7\u00e3o<br \/>15h30 \u00e0s 16h \u2013 Mesa 6 \u2013 Previd\u00eancia Privada<br \/>16h \u00e0s 16h30 \u2013 Mesa 7 \u2013 Diversidade<br \/>17h \u2013 Encerramento<\/p>\n<p><span style=\"text-decoration: underline;\"><strong>Encontro Nacional dos Funcion\u00e1rios do Santander (Quinta-feira, 9 de junho)<\/strong><\/span><\/p>\n<p>9h \u2013 Mesa de Abertura<\/p>\n<p>Juvandia Moreira | Presidenta da Contraf-CUT e Coord. do Comando Nacional dos Banc\u00e1rios<br \/>Rita Berlofa | Secret\u00e1ria de Rela\u00e7\u00f5es Internacionais da Contraf-CUT<br \/>Ivone Silva | Presidenta do Seeb\/SP e Coord. do Comando Nacional dos Banc\u00e1rios<br \/>Camilo Fernandes | Afubesp<br \/>Jo\u00e3o Vaccari | Ex-presidente do Seeb\/SP<\/p>\n<p>10h \u2013 An\u00e1lise de conjuntura<\/p>\n<p>Jandira Feghali | Deputada federal<\/p>\n<p>11h \u2013 Planos de Previd\u00eancia Santander<\/p>\n<p>Patr\u00edcia Bassanin | Dirigente da Feeb-SP\/MS e conselheira fiscal do SantanderPrevi<\/p>\n<p><strong>11h15 \u2013 Intervalo<\/strong><\/p>\n<p>11h30 \u2013 Apresenta\u00e7\u00e3o do balan\u00e7o do Santander<\/p>\n<p>Rosangela Vieira | Dieese<\/p>\n<p><strong>12h30 \u2013 Almo\u00e7o<\/strong><\/p>\n<p>14h \u2013 Discuss\u00e3o e aprova\u00e7\u00e3o da minuta do ACT Santander 2022<\/p>\n<p>Wanessa Queiroz | Fetec-SP<br \/>Lucimara Malaquias | Coord. COE\/Santander<\/p>\n<p>15h30 \u2013 Plano de lutas<\/p>\n<p>16h \u2013 Mo\u00e7\u00f5es e encerramento<\/p>\n<p><em><strong>Fonte: Contraf-CUT<\/strong><\/em><\/p>\n<p>\u00a0<\/p>\n","protected":false},"excerpt":{"rendered":"<p>Os funcion\u00e1rios dos bancos Bradesco, Ita\u00fa e Santander realizam, nesta quinta-feira, 9 de junho, seu encontros nacionais, que debater\u00e3o sobre a pauta de reivindica\u00e7\u00f5es da categoria para a Campanha Nacional do Banc\u00e1rios. BRADESCO Os banc\u00e1rios do Bradesco realizam seu encontro nacional, nesta quinta-feira (9), em formato h\u00edbrido. A parte presencial ser\u00e1 realizada na sede da [&hellip;]<\/p>\n","protected":false},"author":2,"featured_media":12627,"comment_status":"","ping_status":"","sticky":false,"template":"","format":"standard","meta":{"footnotes":""},"categories":[3],"tags":[],"class_list":["post-12628","post","type-post","status-publish","format-standard","has-post-thumbnail","hentry","category-noticias"],"_links":{"self":[{"href":"https:\/\/hostnetart.com.br\/baixada\/wp-json\/wp\/v2\/posts\/12628","targetHints":{"allow":["GET"]}}],"collection":[{"href":"https:\/\/hostnetart.com.br\/baixada\/wp-json\/wp\/v2\/posts"}],"about":[{"href":"https:\/\/hostnetart.com.br\/baixada\/wp-json\/wp\/v2\/types\/post"}],"author":[{"embeddable":true,"href":"https:\/\/hostnetart.com.br\/baixada\/wp-json\/wp\/v2\/users\/2"}],"replies":[{"embeddable":true,"href":"https:\/\/hostnetart.com.br\/baixada\/wp-json\/wp\/v2\/comments?post=12628"}],"version-history":[{"count":0,"href":"https:\/\/hostnetart.com.br\/baixada\/wp-json\/wp\/v2\/posts\/12628\/revisions"}],"wp:featuredmedia":[{"embeddable":true,"href":"https:\/\/hostnetart.com.br\/baixada\/wp-json\/wp\/v2\/media\/12627"}],"wp:attachment":[{"href":"https:\/\/hostnetart.com.br\/baixada\/wp-json\/wp\/v2\/media?parent=12628"}],"wp:term":[{"taxonomy":"category","embeddable":true,"href":"https:\/\/hostnetart.com.br\/baixada\/wp-json\/wp\/v2\/categories?post=12628"},{"taxonomy":"post_tag","embeddable":true,"href":"https:\/\/hostnetart.com.br\/baixada\/wp-json\/wp\/v2\/tags?post=12628"}],"curies":[{"name":"wp","href":"https:\/\/api.w.org\/{rel}","templated":true}]}}