{"id":12626,"date":"2022-06-07T14:02:55","date_gmt":"2022-06-07T17:02:55","guid":{"rendered":"https:\/\/hostnetart.com.br\/baixada\/conferencia-nacional-define-pauta-dos-bancarios-no-fim-de-semana\/"},"modified":"2022-06-07T14:02:55","modified_gmt":"2022-06-07T17:02:55","slug":"conferencia-nacional-define-pauta-dos-bancarios-no-fim-de-semana","status":"publish","type":"post","link":"https:\/\/hostnetart.com.br\/baixada\/conferencia-nacional-define-pauta-dos-bancarios-no-fim-de-semana\/","title":{"rendered":"Confer\u00eancia Nacional define pauta dos banc\u00e1rios no fim de semana"},"content":{"rendered":"<p>A 24\u00aa Confer\u00eancia Nacional dos Trabalhadores do Ramo Financeiro, com o tema \u201cUm pa\u00eds + justo pra gente, este \u00e9 o Brasil que a gente quer\u201d, que acontece entre sexta-feira (10) e domingo (12), vai definir a minuta de reivindica\u00e7\u00f5es da Campanha Nacional dos banc\u00e1rios e o plano de lutas da categoria at\u00e9 2023. As decis\u00f5es ser\u00e3o tomadas a partir das propostas apresentadas pelas bases sindicais de todo o pa\u00eds, que v\u00eam sendo debatidas pelas <a href=\"https:\/\/contrafcut.com.br\/noticias\/encerrada-primeira-fase-da-campanha-dos-bancarios\" target=\"_blank\" rel=\"noopener noreferrer\">confer\u00eancias estaduais e regionais<\/a>, e nos\u00a0<a href=\"https:\/\/contrafcut.com.br\/noticias\/falta-uma-semana-para-o-38o-conecef-e-para-o-33o-cnfbb\" target=\"_blank\" rel=\"noopener noreferrer\">congressos e encontros de banc\u00e1rios de bancos p\u00fablicos e privados<\/a>. Tamb\u00e9m foi feita uma\u00a0<a href=\"https:\/\/contrafcut.com.br\/noticias\/consulta-nacional-ajuda-a-definir-reivindicacoes-dos-bancarios\" target=\"_blank\" rel=\"noopener noreferrer\">Consulta Nacional<\/a>, que mobilizou mais de 35 mil banc\u00e1rios e banc\u00e1rias de todo o Brasil, para a defini\u00e7\u00e3o das reivindica\u00e7\u00f5es mais importantes que estar\u00e3o na pauta da categoria. O evento ser\u00e1 realizado de forma h\u00edbrida, com participa\u00e7\u00e3o no local, em S\u00e3o Paulo, e de forma remota, por uma plataforma eletr\u00f4nica de videoconfer\u00eancia e de vota\u00e7\u00e3o.<\/p>\n<p>Para a presidenta da Confedera\u00e7\u00e3o Nacional dos Trabalhadores do Ramo Financeiro (Contraf-CUT), Juvandia Moreira, a confer\u00eancia \u00e9 um momento estrat\u00e9gico. \u201cVamos definir a pauta de reivindica\u00e7\u00f5es da Campanha Nacional e o plano de lutas da categoria, neste que \u00e9 um ano estrat\u00e9gico n\u00e3o apenas para n\u00f3s, mas para todo o pa\u00eds\u201d, disse. \u201cEsperamos conseguir sintetizar os anseios de toda a categoria, que foram levantados em um processo, longo e consistente, com confer\u00eancias em cada regi\u00e3o do pa\u00eds, encontros dos trabalhadores de cada institui\u00e7\u00e3o financeira e a Consulta Nacional\u201d, completou.<\/p>\n<p>Durante as atividades que acontecem no s\u00e1bado (11), o economista, ex-senador e ex-ministro da Educa\u00e7\u00e3o e da Casa Civil, Alo\u00edzio Mercadante, contribuir\u00e1 com reflex\u00f5es, na segunda mesa de debates, sobre o tema \u201cReconstruir o Brasil que a gente quer\u201d, a partir das 9h30\u00a0<em>(veja abaixo a programa\u00e7\u00e3o completa)<\/em>.<\/p>\n<h3><strong>Momento estrat\u00e9gico<\/strong><\/h3>\n<p>Para Juvandia, o evento se torna ainda mais importante no atual momento do pa\u00eds. \u201cNum cen\u00e1rio de infla\u00e7\u00e3o alta, desemprego crescente, crise dos combust\u00edveis e carestia generalizada, a categoria tem que fortalecer a unidade e se mobilizar ainda mais, para garantir seus direitos nas quest\u00f5es sociais, de remunera\u00e7\u00e3o, de sa\u00fade e de condi\u00e7\u00f5es de trabalho na negocia\u00e7\u00e3o com os bancos\u201d, disse Juvandia, que tamb\u00e9m \u00e9 coordenadora do Comando Nacional dos Banc\u00e1rios. \u201cS\u00e3o coisas que afetam diretamente o cotidiano dos banc\u00e1rios, mas n\u00e3o conseguimos resolver em nossa mesa de negocia\u00e7\u00f5es com os bancos. Por isso, precisamos debater o Brasil que a gente quer e como cada um, em seu dia a dia, pode atuar para eleger um presidente da Rep\u00fablica, governadores, senadores e deputados que tenham compromisso com a classe trabalhadora e que sejam capazes de tirar o pa\u00eds da situa\u00e7\u00e3o cr\u00edtica na qual se encontra\u201d, completou.<\/p>\n<h3><strong>In\u00edcio das negocia\u00e7\u00f5es<\/strong><\/h3>\n<p>Depois que a Confer\u00eancia Nacional definir a pauta de reivindica\u00e7\u00f5es, sindicatos da categoria realizar\u00e3o assembleias em todo o pa\u00eds para aprov\u00e1-la. Em seguida, a minuta ser\u00e1 entregue \u00e0 Federa\u00e7\u00e3o Nacional dos Bancos (Fenaban) para o in\u00edcio das negocia\u00e7\u00f5es da Campanha Nacional dos Banc\u00e1rios. O objetivo \u00e9 negociar a Conven\u00e7\u00e3o Coletiva de Trabalho (CCT) da categoria e os Acordos Coletivos de Trabalho (ACTs) espec\u00edficos dos bancos p\u00fablicos, uma vez que os mesmos t\u00eam vig\u00eancia at\u00e9 o dia 31 de agosto. A data-base da categoria \u00e9 1\u00ba de setembro.<\/p>\n<h3><strong>Cuidados com a covid-19<\/strong><\/h3>\n<p>Todas as delegadas e todos os delegados que participarem presencialmente dever\u00e3o apresentar comprova\u00e7\u00e3o de vacina\u00e7\u00e3o contra a covid-19 (passaporte vacinal) no ato do credenciamento. Tamb\u00e9m dever\u00e3o apresentar o comprovante de teste negativo, do tipo ant\u00edgeno, contra a covid-19, realizado em at\u00e9 tr\u00eas dias antes do credenciamento.<\/p>\n<h3><strong>Programa\u00e7\u00e3o<\/strong><\/h3>\n<p><strong>24\u00aa Confer\u00eancia Nacional\u00a0dos\u00a0Trabalhadores\u00a0do Ramo Financeiro 2022<br \/><\/strong><em>\u201cUm pa\u00eds + justo pra gente. Este \u00e9 o Brasil que a gente quer!\u201d<br \/><\/em>10, 11 e 12 de junho de 2022<br \/>Holiday Inn, Parque Anhembi<\/p>\n<p><strong>Dia 9 de junho \u2013 quinta-feira<br \/><\/strong>14h \u00e0s 19h \u2013 Credenciamento presencial dos delegados e delegados<\/p>\n<p><strong>Dia 10 de junho \u2013 sexta-feira<br \/><\/strong>9h \u00e0s 19h \u2013 Credenciamento presencial e eletr\u00f4nico de delegados e delegadas inscritos<br \/>17h \u2013 Abertura solene da 24\u00aa Confer\u00eancia Nacional dos Banc\u00e1rios<\/p>\n<p><strong>Dia 11 de junho \u2013 s\u00e1bado<br \/><\/strong>8h \u00e0s 11h \u2013 Credenciamento presencial e eletr\u00f4nico de delegados e delegadas inscritos<br \/>9h \u2013 Mesa 1 \u2013 Vota\u00e7\u00e3o do Regimento Interno<br \/>9h30 \u00e0s 12h \u2013 Mesa 2 \u2013 Reconstruir o Brasil que a gente quer<br \/><strong>Convidado:<\/strong>\u00a0Alo\u00edzio Mercadante (professor acad\u00eamico, economista e pol\u00edtico, fundador do Partido dos Trabalhadores (PT); foi ministro da Educa\u00e7\u00e3o, da Ci\u00eancia, Tecnologia e Inova\u00e7\u00e3o e da Casa Civil no governo Dilma Rousseff; foi tamb\u00e9m senador e deputado federal por S\u00e3o Paulo; atualmente, \u00e9 presidente da Funda\u00e7\u00e3o Perseu Abramo)<\/p>\n<p><strong>12h \u00e0s 13h30 \u2013 Almo\u00e7o<br \/><\/strong><br \/>12h \u00e0s 14h \u2013 Prazo para substitui\u00e7\u00e3o de delegados ou delegadas por suplentes<br \/>13h30 \u00e0s 15h30 \u2013 Mesa 3 \u2013 Apresenta\u00e7\u00e3o de dados do setor banc\u00e1rio<br \/>15h30 \u00e0s 17h30 \u2013 Mesa 4 \u2013 Apresenta\u00e7\u00e3o do resultado da Consulta dos Banc\u00e1rios 2022; Organiza\u00e7\u00e3o e mobiliza\u00e7\u00e3o para reconstruir o Brasil que a gente quer; Acordo Nacional<\/p>\n<p><strong>19h \u2013 Jantar<\/p>\n<p><\/strong><strong>Dia 12 de junho \u2013 domingo<br \/><\/strong>9h \u00e0s 9h40 \u2013 Apresenta\u00e7\u00e3o e aprova\u00e7\u00e3o da arte da Campanha Nacional dos Banc\u00e1rios 2022<br \/>9h40 \u00e0s 12h \u2013 Apresenta\u00e7\u00e3o e aprova\u00e7\u00e3o das propostas recebidas das Confer\u00eancias Estaduais e Regionais; aprova\u00e7\u00e3o das resolu\u00e7\u00f5es e mo\u00e7\u00f5es; aprova\u00e7\u00e3o do Comando<\/p>\n<p><strong>12h \u2013 Almo\u00e7o<\/strong><\/p>\n<p><em><strong>Fonte: Contraf-CUT<\/strong><\/em><\/p>\n","protected":false},"excerpt":{"rendered":"<p>A 24\u00aa Confer\u00eancia Nacional dos Trabalhadores do Ramo Financeiro, com o tema \u201cUm pa\u00eds + justo pra gente, este \u00e9 o Brasil que a gente quer\u201d, que acontece entre sexta-feira (10) e domingo (12), vai definir a minuta de reivindica\u00e7\u00f5es da Campanha Nacional dos banc\u00e1rios e o plano de lutas da categoria at\u00e9 2023. As [&hellip;]<\/p>\n","protected":false},"author":2,"featured_media":12625,"comment_status":"","ping_status":"","sticky":false,"template":"","format":"standard","meta":{"footnotes":""},"categories":[3],"tags":[],"class_list":["post-12626","post","type-post","status-publish","format-standard","has-post-thumbnail","hentry","category-noticias"],"_links":{"self":[{"href":"https:\/\/hostnetart.com.br\/baixada\/wp-json\/wp\/v2\/posts\/12626","targetHints":{"allow":["GET"]}}],"collection":[{"href":"https:\/\/hostnetart.com.br\/baixada\/wp-json\/wp\/v2\/posts"}],"about":[{"href":"https:\/\/hostnetart.com.br\/baixada\/wp-json\/wp\/v2\/types\/post"}],"author":[{"embeddable":true,"href":"https:\/\/hostnetart.com.br\/baixada\/wp-json\/wp\/v2\/users\/2"}],"replies":[{"embeddable":true,"href":"https:\/\/hostnetart.com.br\/baixada\/wp-json\/wp\/v2\/comments?post=12626"}],"version-history":[{"count":0,"href":"https:\/\/hostnetart.com.br\/baixada\/wp-json\/wp\/v2\/posts\/12626\/revisions"}],"wp:featuredmedia":[{"embeddable":true,"href":"https:\/\/hostnetart.com.br\/baixada\/wp-json\/wp\/v2\/media\/12625"}],"wp:attachment":[{"href":"https:\/\/hostnetart.com.br\/baixada\/wp-json\/wp\/v2\/media?parent=12626"}],"wp:term":[{"taxonomy":"category","embeddable":true,"href":"https:\/\/hostnetart.com.br\/baixada\/wp-json\/wp\/v2\/categories?post=12626"},{"taxonomy":"post_tag","embeddable":true,"href":"https:\/\/hostnetart.com.br\/baixada\/wp-json\/wp\/v2\/tags?post=12626"}],"curies":[{"name":"wp","href":"https:\/\/api.w.org\/{rel}","templated":true}]}}