{"id":12624,"date":"2022-06-07T13:50:11","date_gmt":"2022-06-07T16:50:11","guid":{"rendered":"https:\/\/hostnetart.com.br\/baixada\/quarta-onda-de-covid-ja-e-realidade\/"},"modified":"2022-06-07T13:50:11","modified_gmt":"2022-06-07T16:50:11","slug":"quarta-onda-de-covid-ja-e-realidade","status":"publish","type":"post","link":"https:\/\/hostnetart.com.br\/baixada\/quarta-onda-de-covid-ja-e-realidade\/","title":{"rendered":"Quarta onda de covid j\u00e1 \u00e9 realidade"},"content":{"rendered":"<p lang=\"PT-BR\" xml:lang=\"PT-BR\">Os especialistas em\u00a0<a href=\"https:\/\/www.brasildefato.com.br\/2022\/06\/06\/covid-rio-volta-a-ter-centros-de-testagem-e-pede-reabertura-de-leitos-para\" target=\"_blank\" rel=\"noopener noreferrer\">covid-19<\/a>\u00a0n\u00e3o t\u00eam d\u00favidas. O Brasil est\u00e1 passando por mais uma onda da doen\u00e7a causada pelo coronav\u00edrus. Em duas semanas \u2013 entre 20\/05 e 02\/06 \u2013 o n\u00famero de casos de covid no Brasil subiu 122%, indo de 14 mil para 31 mil casos confirmados. \u00a0<\/p>\n<p lang=\"PT-BR\" xml:lang=\"PT-BR\">A quantidade real de infec\u00e7\u00f5es, no entanto, \u00e9 subestimada. O n\u00famero de testes realizados atualmente no pa\u00eds \u00e9 muito baixo. Em maio, o SUS fez apenas 176 mil testes, contra 1,7 milh\u00e3o\u00a0feitos em janeiro. Sem dados concretos que provem o aumento no n\u00famero de casos, a popula\u00e7\u00e3o fica sem informa\u00e7\u00e3o e n\u00e3o pode agir para se proteger.\u00a0<\/p>\n<p lang=\"PT-BR\" xml:lang=\"PT-BR\">A testagem \u00e9 fundamental para a detec\u00e7\u00e3o das infec\u00e7\u00f5es a tempo de\u00a0quebrar a cadeia de transmiss\u00e3o e tamb\u00e9m para auxiliar a tomada de decis\u00e3o dos gestores em sa\u00fade. &#8220;No Brasil sempre se testou pouco, em todas as ondas. Nunca tivemos estrat\u00e9gias de testagem, e mesmo depois de mais de 2 anos de pandemia, continuamos sem uma pol\u00edtica para isso&#8221;, afirma Alexandra Boing, epidemiologista da Universidade Federal de Santa Catarina (UFSC), da Associa\u00e7\u00e3o Brasileira de Sa\u00fade Coletiva (Abrasco) e integrante do\u00a0<a href=\"https:\/\/covid19br.github.io\/\" target=\"_blank\" rel=\"noopener noreferrer\">Observat\u00f3rio Covid-19Br<\/a>. \u00a0<\/p>\n<p lang=\"PT-BR\" xml:lang=\"PT-BR\">Os testes v\u00eam sendo realizados, via de regra, em pacientes sintom\u00e1ticos. &#8220;N\u00e3o temos disponibiliza\u00e7\u00e3o regular de testes para assintom\u00e1ticos, n\u00e3o temos esclarecimento para a popula\u00e7\u00e3o sobre\u00a0import\u00e2ncia de se testar&#8221;, diz Boing. &#8220;Tampouco as equipes de vigil\u00e2ncia foram refor\u00e7adas para poder atuar nesses casos positivos identificados&#8221;, conta.\u00a0<\/p>\n<p lang=\"PT-BR\" xml:lang=\"PT-BR\"><strong>Leia tamb\u00e9m:\u00a0<a href=\"https:\/\/www.brasildefato.com.br\/2022\/05\/18\/metade-dos-pacientes-com-covid-tem-sequelas-que-passam-de-um-ano-revela-fiocruz\" target=\"_blank\" rel=\"noopener noreferrer\">Metade dos pacientes com covid tem sequelas que passam de um ano, revela Fiocruz<\/a><\/strong><\/p>\n<p lang=\"PT-BR\" xml:lang=\"PT-BR\">Mesmo sem testes, no entanto, j\u00e1 era poss\u00edvel identificar a nova onda. Uma das ferramentas mais confi\u00e1veis para prever o comportamento da covid, a pesquisa conjunta entre a Universidade de Maryland (EUA) e o Facebook mostrou uma revers\u00e3o na tend\u00eancia de queda nos casos do Brasil em 11 de abril.\u00a0<\/p>\n<p lang=\"PT-BR\" xml:lang=\"PT-BR\">Essa pesquisa \u00e9 feita por meio da rede social com um question\u00e1rio de sintomas &#8220;tipo covid&#8221;. Como a pesquisa atinge um grande n\u00famero de pessoas e\u00a0os resultados s\u00e3o computados imediatamente, ela consegue capturar as mudan\u00e7as antes dos n\u00fameros oficiais, que dependem de testagem.\u00a0<\/p>\n<p lang=\"PT-BR\" xml:lang=\"PT-BR\">\u00c9 prov\u00e1vel que esta onda n\u00e3o causa tantas mortes como as observadas em 2020 e 2021. Isso acontece\u00a0<a href=\"https:\/\/www.brasildefato.com.br\/2022\/06\/04\/quarta-dose-da-vacina-contra-a-covid-novo-grupo-ja-pode-se-imunizar-a-partir-deste-sabado-4\" target=\"_blank\" rel=\"noopener noreferrer\">por conta da vacina\u00e7\u00e3o<\/a>, que tamb\u00e9m fez o n\u00famero proporcional de mortes no pa\u00eds despencar na onda de janeiro de 2022. Mesmo assim, h\u00e1 preocupa\u00e7\u00e3o. &#8220;As vacinas n\u00e3o impedem a transmiss\u00e3o: quanto mais o v\u00edrus se transmite, maior a chance de surgirem novas variantes&#8221;, explica Boing. &#8220;Al\u00e9m disso, estudos mostram que mesmo casos n\u00e3o graves podem levar \u00e0 covid longa, situa\u00e7\u00e3o em que as pessoas apresentam sequelas por meses ou anos ap\u00f3s a infec\u00e7\u00e3o&#8221;, diz.\u00a0<\/p>\n<p lang=\"PT-BR\" xml:lang=\"PT-BR\"><strong>Entenda:<\/strong>\u00a0<a href=\"https:\/\/www.brasildefato.com.br\/2022\/03\/07\/e-possivel-ter-covid-19-duas-vezes-em-menos-de-90-dias-especialistas-explicam-reinfeccao\" target=\"_blank\" rel=\"noopener noreferrer\">\u00c9 poss\u00edvel ter covid-19 duas vezes em menos de 90 dias? Especialistas explicam reinfec\u00e7\u00e3o<\/a><\/p>\n<p class=\"ckeditor-subtitle\" lang=\"PT-BR\" xml:lang=\"PT-BR\">Por que agora?\u00a0<\/p>\n<p lang=\"PT-BR\" xml:lang=\"PT-BR\">H\u00e1 m\u00faltiplas causas para o aumento de casos. Uma delas \u00e9 a chegada da esta\u00e7\u00e3o fria no Sul e Sudeste. Esse \u00e9 o momento em que a incid\u00eancia de\u00a0doen\u00e7as respirat\u00f3rias aumenta\u00a0muito nessas regi\u00f5es, por conta da tend\u00eancia de fechar os ambientes para maior conforto t\u00e9rmico. Os n\u00fameros no Norte e Nordeste n\u00e3o est\u00e3o apresentando alta neste momento.\u00a0<\/p>\n<p lang=\"PT-BR\" xml:lang=\"PT-BR\">De acordo com Isaac Schrarstzhaupt, cientista de dados e coordenador da\u00a0<a href=\"https:\/\/redeaanalisecovid.wordpress.com\/\" target=\"_blank\" rel=\"noopener noreferrer\">Rede de An\u00e1lise Covid-19<\/a>, o sistema hospitalar brasileiro sempre teve dificuldades de lidar com a sazonalidade das doen\u00e7as respirat\u00f3rias. &#8220;Mesmo antes da pandemia, havia falta de leitos de UTI nessa \u00e9poca&#8221;, afirma.\u00a0<\/p>\n<p lang=\"PT-BR\" xml:lang=\"PT-BR\">Com a covid, a situa\u00e7\u00e3o \u00e9 muito mais grave. &#8220;Temos hoje no Brasil cerca de 100 mortes por dia por apenas uma doen\u00e7a. At\u00e9 2019, esse n\u00famero n\u00e3o chegava a 15, considerando todas as causas de S\u00edndrome Respirat\u00f3ria Aguda Grave (SRAG)&#8221;, explica. \u00a0<\/p>\n<p lang=\"PT-BR\" xml:lang=\"PT-BR\">Mesmo considerando\u00a0um cen\u00e1rio de menor preocupa\u00e7\u00e3o com a notifica\u00e7\u00e3o, j\u00e1 que n\u00e3o havia pandemia, os n\u00fameros s\u00e3o discrepantes. Em 2020, a m\u00e9dia di\u00e1ria de mortes por SRAG chegou a 730 e cresceu para 1.100 em 2021.\u00a0Em 2022, s\u00e3o 340 mortes por dia, 22 vezes mais do que em 2019.\u00a0<\/p>\n<p lang=\"PT-BR\" xml:lang=\"PT-BR\"><strong>::\u00a0<a href=\"https:\/\/www.brasildefato.com.br\/2022\/06\/03\/covid-19-chega-a-60-dos-casos-de-sindrome-respiratoria-grave\" target=\"_blank\" rel=\"noopener noreferrer\">Covid-19 chega a 60% dos casos de S\u00edndrome Respirat\u00f3ria Grave<\/a>\u00a0::<\/strong><\/p>\n<p class=\"ckeditor-subtitle\" lang=\"PT-BR\" xml:lang=\"PT-BR\">Fim da emerg\u00eancia sanit\u00e1ria\u00a0<\/p>\n<p lang=\"PT-BR\" xml:lang=\"PT-BR\">O cen\u00e1rio nos hospitais \u00e9 agravado com o fim do financiamento de leitos extras pelo Minist\u00e9rio da Sa\u00fade, uma das muitas consequ\u00eancias do fim da emerg\u00eancia sanit\u00e1ria no Brasil, determinada em abril. Sem esse dinheiro, a abertura de leitos ser\u00e1 muito mais dif\u00edcil do que em 2020 e 2021. \u00a0<\/p>\n<p lang=\"PT-BR\" xml:lang=\"PT-BR\">Outra consequ\u00eancia dessa decis\u00e3o do governo Bolsonaro \u00e9 simb\u00f3lica. &#8220;Quando o fim da emerg\u00eancia \u00e9 decretado, h\u00e1 uma mensagem impl\u00edcita de que est\u00e1 tudo bem&#8221;, diz Schrarstzhaupt.\u00a0<\/p>\n<p lang=\"PT-BR\" xml:lang=\"PT-BR\">A flexibiliza\u00e7\u00e3o das medidas de conten\u00e7\u00e3o da transmiss\u00e3o, ocorridas ao longo do primeiro semestre de 2022, tamb\u00e9m impactaram os n\u00fameros. O fim da obrigatoriedade de m\u00e1scaras em ambientes fechados em diversos estados e cidades fez com que o v\u00edrus circulasse com mais facilidade. &#8220;O pa\u00eds j\u00e1 tinha medidas de preven\u00e7\u00e3o fr\u00e1geis e, em dois anos e meio de pandemia, n\u00e3o implementou nenhuma medida de monitoramento da qualidade do ar nos ambientes&#8221;, diz Boing.\u00a0<\/p>\n<p lang=\"PT-BR\" xml:lang=\"PT-BR\">Para ela, o fim da obrigatoriedade das m\u00e1scaras, uma medida altamente efetiva e de baixo custo individual e coletivo,\u00a0n\u00e3o fez e n\u00e3o faz sentido no pa\u00eds. &#8220;Agora estamos colhendo o resultado das decis\u00f5es e das mensagens equivocadas do poder p\u00fablico&#8221;, acredita.\u00a0<\/p>\n<p class=\"ckeditor-subtitle\" lang=\"PT-BR\" xml:lang=\"PT-BR\">Variantes mais transmiss\u00edveis \u00a0<\/p>\n<p lang=\"PT-BR\" xml:lang=\"PT-BR\">Outro ponto que ajuda a formar o quadro da covid hoje \u00e9 o surgimento de variantes mais contagiosas. As variantes da \u00f4micron chamadas B4 e B5 s\u00e3o ainda mais transmiss\u00edveis que a cepa original. Elas tamb\u00e9m possuem um escape imunol\u00f3gico em rela\u00e7\u00e3o \u00e0s primeiras variantes da \u00f4micron, B1 e B2.\u00a0Como elas s\u00f3 foram detectadas no pa\u00eds no fim de maio, existe um cen\u00e1rio propenso para que essas variantes contaminem pessoas que tiveram covid h\u00e1 pouco tempo.\u00a0<\/p>\n<p lang=\"PT-BR\" xml:lang=\"PT-BR\">A estagna\u00e7\u00e3o da vacina\u00e7\u00e3o contra a covid no Brasil \u00e9 outro motivo que ajuda a aumentar os casos. Nenhum estado conseguiu universalizar a segunda dose na vacina. A chamada dose de refor\u00e7o, fundamental para a manuten\u00e7\u00e3o da prote\u00e7\u00e3o contra a doen\u00e7a, tem ades\u00e3o muito menor. Em S\u00e3o Paulo, estado com maior cobertura vacinal, apenas 58% da popula\u00e7\u00e3o est\u00e1 imunizada com a terceira dose. Piau\u00ed, Paran\u00e1, Rio Grande do Sul e Minas Gerais t\u00eam cerca de 50% da popula\u00e7\u00e3o totalmente imunizada. \u00a0<\/p>\n<p class=\"ckeditor-subtitle\" lang=\"PT-BR\" xml:lang=\"PT-BR\">Medidas de conten\u00e7\u00e3o\u00a0<\/p>\n<p lang=\"PT-BR\" xml:lang=\"PT-BR\">Para Boing e Schrarstzhaupt, as\u00a0a\u00e7\u00f5es para o controle da pandemia seguem sendo as mesmas. \u00c9 necess\u00e1rio refor\u00e7ar a vacina\u00e7\u00e3o, com campanhas agressivas, buscas ativas pelos servi\u00e7os de sa\u00fade, mobiliza\u00e7\u00e3o da popula\u00e7\u00e3o e combate \u00e0s\u00a0<em>fake news<\/em>. \u00c9 fundamental, ainda retomar o uso obrigat\u00f3rio de m\u00e1scara em ambientes fechados. Essa medida n\u00e3o impede a transmiss\u00e3o apenas da covid, mas de qualquer doen\u00e7a respirat\u00f3ria. \u00a0<\/p>\n<p lang=\"PT-BR\" xml:lang=\"PT-BR\">Outras medidas s\u00e3o a amplia\u00e7\u00e3o da testagem e o rastreamento de casos e contatos ocorra para se isolar e interromper a cadeia de transmiss\u00e3o e alertar a popula\u00e7\u00e3o sobre os reais riscos desse momento. \u00a0<\/p>\n<p lang=\"PT-BR\" xml:lang=\"PT-BR\">Em um cen\u00e1rio ideal, o pa\u00eds deveria estar fazendo um esfor\u00e7o para implementar o monitoramento da qualidade do ar nos ambientes para poder guiar a\u00e7\u00f5es que melhorem a circula\u00e7\u00e3o nas escolas, com\u00e9rcio e demais espa\u00e7os fechados de uso p\u00fablico. \u201cEstamos em um momento de grande amea\u00e7a \u00e0 natureza, o que acaba gerando oportunidades para a emerg\u00eancia de novos pat\u00f3genos\u201d, diz Schrarstzhaupt. \u201cUma melhor ventila\u00e7\u00e3o dos ambientes \u00e9 uma a\u00e7\u00e3o fundamental a longo prazo, j\u00e1 que \u00e9 prov\u00e1vel que novas pandemias surjam nos pr\u00f3ximos anos\u201d, completa.\u00a0<\/p>\n<p lang=\"PT-BR\" xml:lang=\"PT-BR\"><strong>Fonte: Brasil de Fato<\/strong><\/p>\n","protected":false},"excerpt":{"rendered":"<p>Os especialistas em\u00a0covid-19\u00a0n\u00e3o t\u00eam d\u00favidas. O Brasil est\u00e1 passando por mais uma onda da doen\u00e7a causada pelo coronav\u00edrus. Em duas semanas \u2013 entre 20\/05 e 02\/06 \u2013 o n\u00famero de casos de covid no Brasil subiu 122%, indo de 14 mil para 31 mil casos confirmados. \u00a0 A quantidade real de infec\u00e7\u00f5es, no entanto, \u00e9 [&hellip;]<\/p>\n","protected":false},"author":2,"featured_media":12623,"comment_status":"","ping_status":"","sticky":false,"template":"","format":"standard","meta":{"footnotes":""},"categories":[3],"tags":[],"class_list":["post-12624","post","type-post","status-publish","format-standard","has-post-thumbnail","hentry","category-noticias"],"_links":{"self":[{"href":"https:\/\/hostnetart.com.br\/baixada\/wp-json\/wp\/v2\/posts\/12624","targetHints":{"allow":["GET"]}}],"collection":[{"href":"https:\/\/hostnetart.com.br\/baixada\/wp-json\/wp\/v2\/posts"}],"about":[{"href":"https:\/\/hostnetart.com.br\/baixada\/wp-json\/wp\/v2\/types\/post"}],"author":[{"embeddable":true,"href":"https:\/\/hostnetart.com.br\/baixada\/wp-json\/wp\/v2\/users\/2"}],"replies":[{"embeddable":true,"href":"https:\/\/hostnetart.com.br\/baixada\/wp-json\/wp\/v2\/comments?post=12624"}],"version-history":[{"count":0,"href":"https:\/\/hostnetart.com.br\/baixada\/wp-json\/wp\/v2\/posts\/12624\/revisions"}],"wp:featuredmedia":[{"embeddable":true,"href":"https:\/\/hostnetart.com.br\/baixada\/wp-json\/wp\/v2\/media\/12623"}],"wp:attachment":[{"href":"https:\/\/hostnetart.com.br\/baixada\/wp-json\/wp\/v2\/media?parent=12624"}],"wp:term":[{"taxonomy":"category","embeddable":true,"href":"https:\/\/hostnetart.com.br\/baixada\/wp-json\/wp\/v2\/categories?post=12624"},{"taxonomy":"post_tag","embeddable":true,"href":"https:\/\/hostnetart.com.br\/baixada\/wp-json\/wp\/v2\/tags?post=12624"}],"curies":[{"name":"wp","href":"https:\/\/api.w.org\/{rel}","templated":true}]}}