{"id":12622,"date":"2022-06-06T22:26:16","date_gmt":"2022-06-07T01:26:16","guid":{"rendered":"https:\/\/hostnetart.com.br\/baixada\/congresso-dos-empregados-do-bndes-sera-realizado-nesta-terca-feira-7\/"},"modified":"2022-06-06T22:26:16","modified_gmt":"2022-06-07T01:26:16","slug":"congresso-dos-empregados-do-bndes-sera-realizado-nesta-terca-feira-7","status":"publish","type":"post","link":"https:\/\/hostnetart.com.br\/baixada\/congresso-dos-empregados-do-bndes-sera-realizado-nesta-terca-feira-7\/","title":{"rendered":"Congresso dos Empregados do BNDES ser\u00e1 realizado nesta ter\u00e7a-feira (7)"},"content":{"rendered":"<p>As associa\u00e7\u00f5es dos funcion\u00e1rios do sistema BNDES (<a href=\"http:\/\/www.afbndes.org.br\/vinc1495\/acontece1.htm\" target=\"_blank\" rel=\"noopener noreferrer\">AFBNDES<\/a>, AFBNDESPAR e AFFINAME), com o apoio do Sindicato dos Banc\u00e1rios do Rio e da Confedera\u00e7\u00e3o Nacional dos Trabalhadores do Ramo Financeiro (Contraf-CUT), ir\u00e3o realizar na pr\u00f3xima ter\u00e7a-feira (7), das 19 \u00e0s 21h, o Congresso Nacional dos Funcion\u00e1rios do Banco Nacional de Desenvolvimento Econ\u00f4mico e Social (BNDES). O evento ser\u00e1 virtual, por meio da plataforma Zoom.<\/p>\n<p>No Congresso, ser\u00e1 debatida a pauta de reivindica\u00e7\u00f5es para a negocia\u00e7\u00e3o coletiva deste ano e eleitos os membros de base para integrar a comiss\u00e3o que negociar\u00e1 com a administra\u00e7\u00e3o do banco o Acordo Coletivo de Trabalho.<\/p>\n<p><strong>Fonte: Contraf-CUT<\/strong><\/p>\n","protected":false},"excerpt":{"rendered":"<p>As associa\u00e7\u00f5es dos funcion\u00e1rios do sistema BNDES (AFBNDES, AFBNDESPAR e AFFINAME), com o apoio do Sindicato dos Banc\u00e1rios do Rio e da Confedera\u00e7\u00e3o Nacional dos Trabalhadores do Ramo Financeiro (Contraf-CUT), ir\u00e3o realizar na pr\u00f3xima ter\u00e7a-feira (7), das 19 \u00e0s 21h, o Congresso Nacional dos Funcion\u00e1rios do Banco Nacional de Desenvolvimento Econ\u00f4mico e Social (BNDES). O [&hellip;]<\/p>\n","protected":false},"author":2,"featured_media":12621,"comment_status":"","ping_status":"","sticky":false,"template":"","format":"standard","meta":{"footnotes":""},"categories":[3],"tags":[],"class_list":["post-12622","post","type-post","status-publish","format-standard","has-post-thumbnail","hentry","category-noticias"],"_links":{"self":[{"href":"https:\/\/hostnetart.com.br\/baixada\/wp-json\/wp\/v2\/posts\/12622","targetHints":{"allow":["GET"]}}],"collection":[{"href":"https:\/\/hostnetart.com.br\/baixada\/wp-json\/wp\/v2\/posts"}],"about":[{"href":"https:\/\/hostnetart.com.br\/baixada\/wp-json\/wp\/v2\/types\/post"}],"author":[{"embeddable":true,"href":"https:\/\/hostnetart.com.br\/baixada\/wp-json\/wp\/v2\/users\/2"}],"replies":[{"embeddable":true,"href":"https:\/\/hostnetart.com.br\/baixada\/wp-json\/wp\/v2\/comments?post=12622"}],"version-history":[{"count":0,"href":"https:\/\/hostnetart.com.br\/baixada\/wp-json\/wp\/v2\/posts\/12622\/revisions"}],"wp:featuredmedia":[{"embeddable":true,"href":"https:\/\/hostnetart.com.br\/baixada\/wp-json\/wp\/v2\/media\/12621"}],"wp:attachment":[{"href":"https:\/\/hostnetart.com.br\/baixada\/wp-json\/wp\/v2\/media?parent=12622"}],"wp:term":[{"taxonomy":"category","embeddable":true,"href":"https:\/\/hostnetart.com.br\/baixada\/wp-json\/wp\/v2\/categories?post=12622"},{"taxonomy":"post_tag","embeddable":true,"href":"https:\/\/hostnetart.com.br\/baixada\/wp-json\/wp\/v2\/tags?post=12622"}],"curies":[{"name":"wp","href":"https:\/\/api.w.org\/{rel}","templated":true}]}}