{"id":12620,"date":"2022-06-06T22:24:15","date_gmt":"2022-06-07T01:24:15","guid":{"rendered":"https:\/\/hostnetart.com.br\/baixada\/brigadas-digitais-da-cut-ganham-impulso\/"},"modified":"2022-06-06T22:24:15","modified_gmt":"2022-06-07T01:24:15","slug":"brigadas-digitais-da-cut-ganham-impulso","status":"publish","type":"post","link":"https:\/\/hostnetart.com.br\/baixada\/brigadas-digitais-da-cut-ganham-impulso\/","title":{"rendered":"Brigadas Digitais da CUT ganham impulso"},"content":{"rendered":"<p>A cria\u00e7\u00e3o das\u00a0<a href=\"https:\/\/brigadas.cut.org.br\/\">Brigadas Digitais<\/a>\u00a0da Central \u00danica dos Trabalhadores (CUT) ganhou forte impulso nas \u00faltimas semanas. Neste momento, ainda de difus\u00e3o do projeto, a CUT tem se dedicado especialmente a cursos de forma\u00e7\u00e3o. Mesmo assim, mais de mil unidades j\u00e1 foram inscritas na\u00a0<a href=\"https:\/\/brigadasdigitais.com.br\/\">plataforma de cadastramento<\/a>, com a participa\u00e7\u00e3o de cerca de 11 mil brigadistas, em v\u00e1rios pontos do pa\u00eds. O objetivo \u00e9 alcan\u00e7ar um milh\u00e3o de brigadistas, a partir da ades\u00e3o dos 4 mil sindicatos filiados \u00e0 central e seus cerca de 80 mil dirigentes.<\/p>\n<h3><strong>Ferramenta de luta<\/strong><\/h3>\n<p>As Brigadas Digitais da CUT s\u00e3o uma ferramenta de a\u00e7\u00e3o da classe trabalhadora, para a defesa de direitos, da democracia e de uma sociedade mais justa para todos, como tamb\u00e9m para estimular o debate para a reconstru\u00e7\u00e3o do Brasil.<\/p>\n<p>Sua fun\u00e7\u00e3o \u00e9 divulgar informa\u00e7\u00e3o de qualidade \u2013 baseada em fatos, dados e n\u00fameros \u2013 e combater as fake news. As not\u00edcias falsas divulgadas pelas redes sociais t\u00eam sido usadas pelas for\u00e7as reacion\u00e1rias, com objetivo eleitoreiro, contra os direitos trabalhistas, o estado democr\u00e1tico de direito, as minorias e as organiza\u00e7\u00f5es da sociedade civil.<\/p>\n<p>At\u00e9 o fim de mar\u00e7o, por exemplo,\u00a0<a href=\"https:\/\/www.cut.org.br\/noticias\/bolsonaro-disse-mais-de-4-mentiras-por-dia-em-3-anos-e-3-meses-de-governo-9fba\">Bolsonaro tinha feito 5.145 afirma\u00e7\u00f5es falsas ou distorcidas<\/a>, ou seja, mais de quatro lorotas por dia de mandato. Esse levantamento \u00e9 sempre atualizado por\u00a0<a href=\"https:\/\/www.aosfatos.org\/todas-as-declara%C3%A7%C3%B5es-de-bolsonaro\/\">Aos Fatos<\/a>. Em 2021, o presidente de plant\u00e3o atingiu uma m\u00e9dia de quase sete mentiras por dia. O fato assustador n\u00e3o tem paralelo na hist\u00f3ria do Brasil.<\/p>\n<h3><strong>Comit\u00eas de luta<\/strong><\/h3>\n<p>As Brigadas Digitais fazem parte uma a\u00e7\u00e3o ampla da central para a reconstru\u00e7\u00e3o do pa\u00eds e a recupera\u00e7\u00e3o dos direitos dos trabalhadores, que t\u00eam sido retirados desde o golpe contra a presidenta Dilma Rousseff, em 2016. Outras iniciativas s\u00e3o os\u00a0<a href=\"https:\/\/contrafcut.com.br\/noticias\/bancarios-metalurgicos-e-outras-categorias-comecam-a-criar-comites-de-luta\/\">Comit\u00eas de Luta em Defesa da Vida, do Emprego e da Democracia<\/a>\u00a0e a\u00a0<a href=\"https:\/\/www.cut.org.br\/noticias\/brigadas-digitais-e-plataforma-da-cut-incluem-trabalhador-no-debate-politico-cc2c\">Plataforma da CUT para as Elei\u00e7\u00f5es 2022<\/a>, apresentada aos candidatos \u00e0 Presid\u00eancia. As a\u00e7\u00f5es tamb\u00e9m estimulam a solidariedade sindical, para contribuir com a popula\u00e7\u00e3o mais pobre abandonada pelo poder p\u00fablico.<\/p>\n<p>Os Comit\u00eas de Luta s\u00e3o organizados em todo o pa\u00eds, em sindicatos, comunidades, escolas e outras organiza\u00e7\u00f5es, tamb\u00e9m para aprofundar o di\u00e1logo com a popula\u00e7\u00e3o. Para o presidente da CUT, S\u00e9rgio Nobre, \u201cn\u00e3o tem sa\u00edda para essa trag\u00e9dia sen\u00e3o derrotar Bolsonaro e, para isso, precisamos ganhar a batalha nas redes e nas ruas\u201d.<\/p>\n<h3><strong>Ramo financeiro<\/strong><\/h3>\n<p>A Confedera\u00e7\u00e3o Nacional dos Trabalhadores do Ramo Financeiro (Contraf-CUT) desenvolve iniciativas espec\u00edficas para impulsionar a cria\u00e7\u00e3o de Comit\u00eas e Brigadas pelas entidades representativas dos trabalhadores do ramo financeiro. No seu congresso, em abril, a entidade aprovou a forma\u00e7\u00e3o de\u00a0<a href=\"https:\/\/contrafcut.com.br\/noticias\/comites-de-luta-dos-bancarios-comecam-a-ser-organizados\/\">300 Comit\u00eas de Luta do ramo financeiro<\/a>, envolvendo cerca de 3 mil brigadas e 30 mil brigadistas. Para orientar esse processo, foi publicada uma\u00a0<a href=\"https:\/\/contrafcut.com.br\/noticias\/baixe-a-cartilha-para-criacao-de-comites-de-luta-dos-bancarios\/\">cartilha de orienta\u00e7\u00e3o para a cria\u00e7\u00e3o de um comit\u00ea<\/a>.<\/p>\n<p>A presidenta da Contraf-CUT, Juvandia Moreira, valoriza a import\u00e2ncia da organiza\u00e7\u00e3o dos trabalhadores do ramo. \u201cNas redes e nas ruas vamos conversar com a popula\u00e7\u00e3o porque o debate tem de acontecer em todo o lugar\u201d, disse. Ela tamb\u00e9m destaca os temas que estar\u00e3o em pauta. \u201cVamos mostrar a import\u00e2ncia do banco p\u00fablico, como acabar com a mis\u00e9ria e como gerar emprego e renda. Tamb\u00e9m vamos aprofundar as a\u00e7\u00f5es de solidariedade. Essa \u00e9 a nossa contribui\u00e7\u00e3o para reconstruir esse Brasil e fazer ele se tornar um pa\u00eds justo, solid\u00e1rio, fraterno, sem \u00f3dio e com amor\u201d, completou.<\/p>\n<h3><strong>Como criar uma Brigada<\/strong><\/h3>\n<p>O processo de cria\u00e7\u00e3o de uma Brigada Digital \u00e9 f\u00e1cil e leva menos de 10 minutos. S\u00e3o apenas tr\u00eas passos:<\/p>\n<ol type=\"1\">\n<li>Monte um grupo de WhatsApp com pelo menos 10 pessoas (pode ter at\u00e9 256). Pode ser um grupo j\u00e1 existente.<\/li>\n<li>Fa\u00e7a o cadastro no site\u00a0<a href=\"https:\/\/brigadasdigitais.com.br\/\">brigadasdigitais.com.br<\/a>. Clique na tecla \u201cCadastre sua Brigada\u201d e preencha as informa\u00e7\u00f5es. Se preferir, acesse aqui a\u00a0<a href=\"https:\/\/mautic.cut.org.br\/cadastro-ja-possui\">ficha de cadastramento<\/a>.<\/li>\n<li>Para informar o \u201cLink do grupo de WhatsApp\u201d, fa\u00e7a assim: A) no celular, abra o seu grupo de WhatsApp; B) no alto da tela, clique em cima do nome do grupo; C) em baixo na tela, clique em \u201cConvidar via link\u201d; D) copie o link; D) cole o link na ficha de cadastramento das Brigadas.<\/li>\n<\/ol>\n<p>Pronto: seu grupo se tornou uma Brigada Digital.<\/p>\n<h3><strong>Como funcionam<\/strong><\/h3>\n<p>As Brigadas Digitais t\u00eam fundamental import\u00e2ncia neste ano eleitoral, em que os trabalhadores devem escolher candidatos comprometidos com as causas populares. No entanto, as Brigadas v\u00e3o continuar ap\u00f3s as elei\u00e7\u00f5es, como ferramenta de car\u00e1ter permanente.<\/p>\n<p>As Brigadas s\u00e3o baseadas no WhatsApp, porque esse \u00e9 o aplicativo mais usado pelas pessoas. Os materiais de comunica\u00e7\u00e3o, com informa\u00e7\u00f5es importantes, corretas e de qualidade, al\u00e9m de recursos para rebater as fake news, s\u00e3o enviados aos grupos todos os dias e devem ser usados para dialogar com a sociedade sobre as quest\u00f5es relevantes para a vida nacional. As mensagens tamb\u00e9m podem ser compartilhadas em outros grupos no pr\u00f3prio WhatsApp ou difundidas em redes sociais.<\/p>\n<p><strong>Fonte: Contraf-CUT<\/strong><\/p>\n<h3>\u00a0<\/h3>\n","protected":false},"excerpt":{"rendered":"<p>A cria\u00e7\u00e3o das\u00a0Brigadas Digitais\u00a0da Central \u00danica dos Trabalhadores (CUT) ganhou forte impulso nas \u00faltimas semanas. Neste momento, ainda de difus\u00e3o do projeto, a CUT tem se dedicado especialmente a cursos de forma\u00e7\u00e3o. Mesmo assim, mais de mil unidades j\u00e1 foram inscritas na\u00a0plataforma de cadastramento, com a participa\u00e7\u00e3o de cerca de 11 mil brigadistas, em v\u00e1rios [&hellip;]<\/p>\n","protected":false},"author":2,"featured_media":12619,"comment_status":"","ping_status":"","sticky":false,"template":"","format":"standard","meta":{"footnotes":""},"categories":[3],"tags":[],"class_list":["post-12620","post","type-post","status-publish","format-standard","has-post-thumbnail","hentry","category-noticias"],"_links":{"self":[{"href":"https:\/\/hostnetart.com.br\/baixada\/wp-json\/wp\/v2\/posts\/12620","targetHints":{"allow":["GET"]}}],"collection":[{"href":"https:\/\/hostnetart.com.br\/baixada\/wp-json\/wp\/v2\/posts"}],"about":[{"href":"https:\/\/hostnetart.com.br\/baixada\/wp-json\/wp\/v2\/types\/post"}],"author":[{"embeddable":true,"href":"https:\/\/hostnetart.com.br\/baixada\/wp-json\/wp\/v2\/users\/2"}],"replies":[{"embeddable":true,"href":"https:\/\/hostnetart.com.br\/baixada\/wp-json\/wp\/v2\/comments?post=12620"}],"version-history":[{"count":0,"href":"https:\/\/hostnetart.com.br\/baixada\/wp-json\/wp\/v2\/posts\/12620\/revisions"}],"wp:featuredmedia":[{"embeddable":true,"href":"https:\/\/hostnetart.com.br\/baixada\/wp-json\/wp\/v2\/media\/12619"}],"wp:attachment":[{"href":"https:\/\/hostnetart.com.br\/baixada\/wp-json\/wp\/v2\/media?parent=12620"}],"wp:term":[{"taxonomy":"category","embeddable":true,"href":"https:\/\/hostnetart.com.br\/baixada\/wp-json\/wp\/v2\/categories?post=12620"},{"taxonomy":"post_tag","embeddable":true,"href":"https:\/\/hostnetart.com.br\/baixada\/wp-json\/wp\/v2\/tags?post=12620"}],"curies":[{"name":"wp","href":"https:\/\/api.w.org\/{rel}","templated":true}]}}