{"id":12614,"date":"2022-06-03T18:03:31","date_gmt":"2022-06-03T21:03:31","guid":{"rendered":"https:\/\/hostnetart.com.br\/baixada\/coe-santander-negocia-compensacao-de-horas-negativas\/"},"modified":"2022-06-03T18:03:31","modified_gmt":"2022-06-03T21:03:31","slug":"coe-santander-negocia-compensacao-de-horas-negativas","status":"publish","type":"post","link":"https:\/\/hostnetart.com.br\/baixada\/coe-santander-negocia-compensacao-de-horas-negativas\/","title":{"rendered":"COE Santander negocia compensa\u00e7\u00e3o de horas negativas"},"content":{"rendered":"<div class=\"elementor-element elementor-element-194680ec elementor-widget elementor-widget-theme-post-content\" data-id=\"194680ec\" data-element_type=\"widget\" data-widget_type=\"theme-post-content.default\">\n<div class=\"elementor-widget-container\">\n<p>A Comiss\u00e3o de Organiza\u00e7\u00e3o dos Empregados (COE) do Santander se reuniu com o banco, na quarta-feira (1), para negociar a compensa\u00e7\u00e3o do banco do horas negativas, que foram acumuladas durante o per\u00edodo mais intenso da pandemia de covid-19, em especial pelos trabalhadores que possuem alguma doen\u00e7a que pode ser agravada em caso de cont\u00e1gio pelo sars-cov-2 (novo coronav\u00edrus).<\/p>\n<p>\u201cO banco apresentou uma proposta com prazo bastante extenso de compensa\u00e7\u00e3o, o que poderia significar o aumento de jornada expressivo para estes trabalhadores durante um longo per\u00edodo\u201d, informou a coordenadora da COE Santander, Lucimara Malaquias. \u201cEste aumento de jornada pode causar adoecimento ou a piora das sequelas j\u00e1 existentes. Por isso, fizemos uma contraproposta de um prazo menor com anistia maior das horas pendentes\u201d, completou.<\/p>\n<h3><strong>Abatimento de horas de forma\u00e7\u00e3o<\/strong><\/h3>\n<p>A representa\u00e7\u00e3o sindical dos trabalhadores tamb\u00e9m prop\u00f4s que o banco utilize as horas que o trabalhador estiver em cursos, treinamentos, forma\u00e7\u00f5es e outros momentos de capacita\u00e7\u00e3o para abater as horas negativas. \u201cNossa proposta \u00e9 que a cada hora em curso sejam abatidas duas horas do saldo de horas negativas\u201d, disse Lucimara.<\/p>\n<p>O banco vai analisar a proposta do movimento sindical e trar\u00e1 uma resposta na pr\u00f3xima reuni\u00e3o de negocia\u00e7\u00e3o, que ser\u00e1 realizada na ter\u00e7a-feira (7), a partir das 11 horas. \u201cVamos lutar pela redu\u00e7\u00e3o deste banco de horas, que foi gerado em decorr\u00eancia de afastamento por uma quest\u00e3o de sa\u00fade p\u00fablica. Os trabalhadores n\u00e3o podem ser responsabilizados por terem que se afastar\u201d, disse Lucimara.\u00a0<\/p>\n<figure class=\"wp-block-embed-youtube wp-block-embed is-type-video is-provider-youtube wp-embed-aspect-16-9 wp-has-aspect-ratio\"><\/figure>\n<\/div>\n<\/div>\n<div class=\"elementor-element elementor-element-76b46e1 elementor-widget elementor-widget-post-info\" data-id=\"76b46e1\" data-element_type=\"widget\" data-widget_type=\"post-info.default\">\n<div class=\"elementor-widget-container\">\n<p><strong><span class=\"elementor-icon-list-text elementor-post-info__item elementor-post-info__item--type-terms\"><span class=\"elementor-post-info__terms-list\">Fonte: Contraf-CUT<\/span><\/span><\/strong><\/p>\n<\/div>\n<\/div>\n","protected":false},"excerpt":{"rendered":"<p>A Comiss\u00e3o de Organiza\u00e7\u00e3o dos Empregados (COE) do Santander se reuniu com o banco, na quarta-feira (1), para negociar a compensa\u00e7\u00e3o do banco do horas negativas, que foram acumuladas durante o per\u00edodo mais intenso da pandemia de covid-19, em especial pelos trabalhadores que possuem alguma doen\u00e7a que pode ser agravada em caso de cont\u00e1gio pelo [&hellip;]<\/p>\n","protected":false},"author":2,"featured_media":12613,"comment_status":"","ping_status":"","sticky":false,"template":"","format":"standard","meta":{"footnotes":""},"categories":[3],"tags":[],"class_list":["post-12614","post","type-post","status-publish","format-standard","has-post-thumbnail","hentry","category-noticias"],"_links":{"self":[{"href":"https:\/\/hostnetart.com.br\/baixada\/wp-json\/wp\/v2\/posts\/12614","targetHints":{"allow":["GET"]}}],"collection":[{"href":"https:\/\/hostnetart.com.br\/baixada\/wp-json\/wp\/v2\/posts"}],"about":[{"href":"https:\/\/hostnetart.com.br\/baixada\/wp-json\/wp\/v2\/types\/post"}],"author":[{"embeddable":true,"href":"https:\/\/hostnetart.com.br\/baixada\/wp-json\/wp\/v2\/users\/2"}],"replies":[{"embeddable":true,"href":"https:\/\/hostnetart.com.br\/baixada\/wp-json\/wp\/v2\/comments?post=12614"}],"version-history":[{"count":0,"href":"https:\/\/hostnetart.com.br\/baixada\/wp-json\/wp\/v2\/posts\/12614\/revisions"}],"wp:featuredmedia":[{"embeddable":true,"href":"https:\/\/hostnetart.com.br\/baixada\/wp-json\/wp\/v2\/media\/12613"}],"wp:attachment":[{"href":"https:\/\/hostnetart.com.br\/baixada\/wp-json\/wp\/v2\/media?parent=12614"}],"wp:term":[{"taxonomy":"category","embeddable":true,"href":"https:\/\/hostnetart.com.br\/baixada\/wp-json\/wp\/v2\/categories?post=12614"},{"taxonomy":"post_tag","embeddable":true,"href":"https:\/\/hostnetart.com.br\/baixada\/wp-json\/wp\/v2\/tags?post=12614"}],"curies":[{"name":"wp","href":"https:\/\/api.w.org\/{rel}","templated":true}]}}