{"id":12612,"date":"2022-06-03T17:59:50","date_gmt":"2022-06-03T20:59:50","guid":{"rendered":"https:\/\/hostnetart.com.br\/baixada\/falta-uma-semana-para-o-38-conecef-e-para-o-33-cnfbb\/"},"modified":"2022-06-03T17:59:50","modified_gmt":"2022-06-03T20:59:50","slug":"falta-uma-semana-para-o-38-conecef-e-para-o-33-cnfbb","status":"publish","type":"post","link":"https:\/\/hostnetart.com.br\/baixada\/falta-uma-semana-para-o-38-conecef-e-para-o-33-cnfbb\/","title":{"rendered":"Falta uma semana para o 38\u00ba Conecef e para o 33\u00ba CNFBB"},"content":{"rendered":"<p>Banc\u00e1rios e banc\u00e1rias da Caixa Econ\u00f4mica Federal e do Banco do Brasil se re\u00fanem de quarta-feira (8) a sexta-feira (10) para debaterem sobre as quest\u00f5es que afetam seu dia a dia de trabalho e definirem suas pautas espec\u00edficas de reivindica\u00e7\u00f5es, que ser\u00e3o negociadas com os respectivos bancos durante a Campanha Nacional da categoria. O encontro ser\u00e1 realizado de forma h\u00edbrida, com participa\u00e7\u00e3o no local, em S\u00e3o Paulo, e de forma remota, por uma plataforma eletr\u00f4nica de videoconfer\u00eancia e de vota\u00e7\u00e3o.<\/p>\n<p>No 38\u00ba Congresso Nacional dos Empregados da Caixa Econ\u00f4mica Federal (Conecef), os debates girar\u00e3o em torno de quatro eixos distintos: 1. Defesa dos bancos e empresas p\u00fablicas; Defesa da Caixa 100% P\u00fablica; 2. Sa\u00fade e condi\u00e7\u00f5es de trabalho, incluindo o plano de sa\u00fade dos empregados (Sa\u00fade Caixa); e Fundo de Previd\u00eancia dos empregados (Funcef); 3. Manuten\u00e7\u00e3o dos direitos atuais e conquistas de novos; Mais contrata\u00e7\u00f5es; 4. Organiza\u00e7\u00e3o sindical e defesa da democracia.<\/p>\n<p>\u201cS\u00e3o quatro eixos de discuss\u00f5es que englobam n\u00e3o apenas as quest\u00f5es que est\u00e3o no dia a dia dos empregados, v\u00e3o al\u00e9m e entram em temas que est\u00e3o na ordem do dia de toda a sociedade\u201d, disse a coordenadora da Comiss\u00e3o Executiva dos Empregados (CEE) da Caixa, Fabiana Uehara Proscholdt. \u201cJ\u00e1 \u00e9 cultural no movimento sindical banc\u00e1rio debater e apresentar solu\u00e7\u00f5es para as pautas da categoria e tamb\u00e9m para pautas sociais. Trata-se de nosso perfil de sindicato cidad\u00e3o\u201d, completou.<\/p>\n<p>No 33\u00b0 Congresso Nacional dos Funcion\u00e1rios do Banco do Brasil (CNFBB), al\u00e9m de tratar de melhores condi\u00e7\u00f5es de trabalho e mais dignidade para funcion\u00e1rios do Banco do Brasil, os temas tratar\u00e3o sobre a import\u00e2ncia do banco p\u00fablico para o desenvolvimento regional e para o incentivo \u00e0 agricultura familiar como forma de combate \u00e0 fome e redu\u00e7\u00e3o dos custos dos alimentos, al\u00e9m do papel espec\u00edfico do Banco do Brasil na constru\u00e7\u00e3o do Brasil que a gente quer. No \u00faltimo dia do encontro ainda ser\u00e3o debatidos temas ligados \u00e0 desigualdade de g\u00eanero e de ra\u00e7a no trabalho, inclusive de remunera\u00e7\u00e3o, al\u00e9m do acesso ao trabalho e \u00e0 renda pela juventude.<\/p>\n<p>\u201c\u00c9 impressionante o que este governo vem fazendo com os funcion\u00e1rios e com o Banco do Brasil de forma espec\u00edfica e com todos os bancos e demais empresas p\u00fablicas de forma geral. Demonizam os funcion\u00e1rios e promovem uma verdadeira desestrutura\u00e7\u00e3o das empresas para poder vend\u00ea-las a troco de bananas, sem dar o devido valor e import\u00e2ncia ao que elas representam para o pa\u00eds\u201d, disse o coordenador da Comiss\u00e3o de Empresa dos Funcion\u00e1rios do Banco do Brasil (CEBB), Jo\u00e3o Fukunaga. \u201cSem os bancos p\u00fablicos praticamente n\u00e3o haveria investimentos na agricultura, na habita\u00e7\u00e3o, em infraestrutura, no desenvolvimento regional. O pa\u00eds estaria em uma situa\u00e7\u00e3o ainda pior que eles conseguiram deixar\u201d, completou.<\/p>\n<h3><strong>Encontros de banco privados<\/strong><\/h3>\n<p>Os funcion\u00e1rios do Bradesco, Ita\u00fa e Santander tamb\u00e9m realizam seus encontros nacionais na pr\u00f3xima semana. Al\u00e9m de debaterem quest\u00f5es gerais, que envolvem toda a categoria, tamb\u00e9m debater\u00e3o pautas espec\u00edficas para contribu\u00edrem com a elabora\u00e7\u00e3o da minuta de reivindica\u00e7\u00f5es dos banc\u00e1rios, que ser\u00e1 entregue \u00e0 Federa\u00e7\u00e3o Nacional dos Bancos (Fenaban), ap\u00f3s a defini\u00e7\u00e3o da Confer\u00eancia Nacional dos Banc\u00e1rios, que ser\u00e1 realizada de 10 a 12 de junho, e a aprova\u00e7\u00e3o pelas assembleias que ser\u00e3o realizadas pelos sindicatos de banc\u00e1rios de todo o pa\u00eds.<\/p>\n<h3><strong>Cuidados com a covid-19<\/strong><\/h3>\n<p>Todas as delegadas e todos os delegados que forem participar presencialmente dever\u00e3o apresentar comprova\u00e7\u00e3o de vacina\u00e7\u00e3o contra a covid-19 (passaporte vacinal) no ato do credenciamento. Tamb\u00e9m dever\u00e3o apresentar o comprovante de teste negativo, do tipo ant\u00edgeno, contra a covid-19, realizado em at\u00e9 3 (tr\u00eas) dias antes do credenciamento.<\/p>\n<p><strong>Fonte: Contraf-CUT<\/strong><\/p>\n","protected":false},"excerpt":{"rendered":"<p>Banc\u00e1rios e banc\u00e1rias da Caixa Econ\u00f4mica Federal e do Banco do Brasil se re\u00fanem de quarta-feira (8) a sexta-feira (10) para debaterem sobre as quest\u00f5es que afetam seu dia a dia de trabalho e definirem suas pautas espec\u00edficas de reivindica\u00e7\u00f5es, que ser\u00e3o negociadas com os respectivos bancos durante a Campanha Nacional da categoria. O encontro [&hellip;]<\/p>\n","protected":false},"author":2,"featured_media":12611,"comment_status":"","ping_status":"","sticky":false,"template":"","format":"standard","meta":{"footnotes":""},"categories":[3],"tags":[],"class_list":["post-12612","post","type-post","status-publish","format-standard","has-post-thumbnail","hentry","category-noticias"],"_links":{"self":[{"href":"https:\/\/hostnetart.com.br\/baixada\/wp-json\/wp\/v2\/posts\/12612","targetHints":{"allow":["GET"]}}],"collection":[{"href":"https:\/\/hostnetart.com.br\/baixada\/wp-json\/wp\/v2\/posts"}],"about":[{"href":"https:\/\/hostnetart.com.br\/baixada\/wp-json\/wp\/v2\/types\/post"}],"author":[{"embeddable":true,"href":"https:\/\/hostnetart.com.br\/baixada\/wp-json\/wp\/v2\/users\/2"}],"replies":[{"embeddable":true,"href":"https:\/\/hostnetart.com.br\/baixada\/wp-json\/wp\/v2\/comments?post=12612"}],"version-history":[{"count":0,"href":"https:\/\/hostnetart.com.br\/baixada\/wp-json\/wp\/v2\/posts\/12612\/revisions"}],"wp:featuredmedia":[{"embeddable":true,"href":"https:\/\/hostnetart.com.br\/baixada\/wp-json\/wp\/v2\/media\/12611"}],"wp:attachment":[{"href":"https:\/\/hostnetart.com.br\/baixada\/wp-json\/wp\/v2\/media?parent=12612"}],"wp:term":[{"taxonomy":"category","embeddable":true,"href":"https:\/\/hostnetart.com.br\/baixada\/wp-json\/wp\/v2\/categories?post=12612"},{"taxonomy":"post_tag","embeddable":true,"href":"https:\/\/hostnetart.com.br\/baixada\/wp-json\/wp\/v2\/tags?post=12612"}],"curies":[{"name":"wp","href":"https:\/\/api.w.org\/{rel}","templated":true}]}}