{"id":12610,"date":"2022-06-02T18:18:05","date_gmt":"2022-06-02T21:18:05","guid":{"rendered":"https:\/\/hostnetart.com.br\/baixada\/santander-impoe-terceirizacao-do-setor-de-investimentos\/"},"modified":"2022-06-02T18:18:05","modified_gmt":"2022-06-02T21:18:05","slug":"santander-impoe-terceirizacao-do-setor-de-investimentos","status":"publish","type":"post","link":"https:\/\/hostnetart.com.br\/baixada\/santander-impoe-terceirizacao-do-setor-de-investimentos\/","title":{"rendered":"Santander imp\u00f5e terceiriza\u00e7\u00e3o do setor de investimentos"},"content":{"rendered":"<p>Em reuni\u00e3o com a representa\u00e7\u00e3o dos funcion\u00e1rios, na quarta-feira (1\u00ba), o Santander admitiu que est\u00e1 terceirizando seu setor de investimentos, o Quarteir\u00e3o de Investimentos. Segundo o banco, os trabalhadores ser\u00e3o \u201cconvidados\u201d a aderir ao processo e, caso aceitem, ser\u00e3o demitidos sem justa causa e recontratados pela Corretora de Valores (empresa do grupo), nesse primeiro momento, pelo regime CLT.<\/p>\n<p>O movimento sindical questionou, mas o banco n\u00e3o informou qual seria o sal\u00e1rio, a PLR e os direitos dos banc\u00e1rios na corretora. Segundo a representante do Santander, haver\u00e1 conversas com cada trabalhador sobre essas quest\u00f5es. Aqueles que n\u00e3o aceitarem se demitir para ser recontratados pela Corretora de Valores dever\u00e3o procurar outra vaga no banco, de acordo com sua qualifica\u00e7\u00e3o. Em at\u00e9 60 dias este processo deve ser finalizado.<\/p>\n<p>A representa\u00e7\u00e3o sindical dos trabalhadores orienta os funcion\u00e1rios do Santander a n\u00e3o pedir demiss\u00e3o.<\/p>\n<h3><strong>Intermedia\u00e7\u00e3o fraudulenta de m\u00e3o de obra<\/strong><\/h3>\n<p>Para o funcion\u00e1rio do Santander e dirigente do Sindicato dos Banc\u00e1rios de S\u00e3o Paulo, Osasco e Regi\u00e3o (Seeb\/SP), Andr\u00e9 Camorozano, os sal\u00e1rios, Participa\u00e7\u00e3o nos Lucros e\/ou Resultados (PLR) e demais direitos desses trabalhadores ser\u00e3o reduzidos. Mas, para ele, o banco est\u00e1 \u201cvendendo\u201d a mudan\u00e7a como \u201cmodernidade\u201d. \u201cA propaganda que o banco faz \u00e9 que os trabalhadores ser\u00e3o \u2018s\u00f3cios\u2019 da empresa e que esse novo modelo de neg\u00f3cio trar\u00e1 vantagens para eles e para os clientes. Isso \u00e9 uma afronta \u00e0 intelig\u00eancia dos trabalhadores! Porque sabemos que o banco est\u00e1 fazendo isso justamente para reduzir sal\u00e1rios e direitos\u201d, criticou.<\/p>\n<p>Ao lembrar que existem 12 milh\u00f5es de desempregados no Brasil, a tamb\u00e9m funcion\u00e1ria e dirigente do Seeb\/SP, Vera Marchioni, disse que o Santander se vale dessa situa\u00e7\u00e3o e dos ataques sofridos pela classe trabalhadora nos governos Temer e Bolsonaro para impor preju\u00edzos a seus funcion\u00e1rios. \u201cEles continuar\u00e3o fazendo as mesmas tarefas de antes, mas com remunera\u00e7\u00e3o menor e menos direitos. O que o Santander chama de \u2018sociedade\u2019, n\u00f3s chamamos de intermedia\u00e7\u00e3o fraudulenta de m\u00e3o de obra\u201d, observou.<\/p>\n<h3><strong>Mobiliza\u00e7\u00e3o e luta<\/strong><\/h3>\n<p>Vera criticou a completa falta de transpar\u00eancia do banco nesse processo e a aus\u00eancia de qualquer negocia\u00e7\u00e3o com o movimento sindical. \u201cMais uma vez o banco pratica um processo de terceiriza\u00e7\u00e3o vertical: transferindo setores inteiros para empresas do grupo, como fez com os trabalhadores de tecnologia que foram para a\u00a0<a href=\"https:\/\/contrafcut.com.br\/noticias\/santander-amanhece-com-paralisacoes-e-protestos-contra-terceirizacao\" target=\"_blank\" rel=\"noopener noreferrer\">F1RST<\/a>, do call center para a SX Neg\u00f3cios e do microcr\u00e9dito para a Prospera\u201d, disse. \u201cVamos lutar pela representa\u00e7\u00e3o de todos os trabalhadores que o Santander est\u00e1 retirando da categoria banc\u00e1ria. Chamamos todos eles para se juntar a esta luta!\u201d<\/p>\n<p><strong>Fonte:\u00a0Contraf-CUT,\u00a0<a href=\"https:\/\/spbancarios.com.br\/06\/2022\/santander-impoe-terceirizacao-no-qi-sem-qualquer-transparencia-ou-respeito\" target=\"_blank\" rel=\"noopener noreferrer\">com Seeb\/SP<\/a><\/strong><\/p>\n","protected":false},"excerpt":{"rendered":"<p>Em reuni\u00e3o com a representa\u00e7\u00e3o dos funcion\u00e1rios, na quarta-feira (1\u00ba), o Santander admitiu que est\u00e1 terceirizando seu setor de investimentos, o Quarteir\u00e3o de Investimentos. Segundo o banco, os trabalhadores ser\u00e3o \u201cconvidados\u201d a aderir ao processo e, caso aceitem, ser\u00e3o demitidos sem justa causa e recontratados pela Corretora de Valores (empresa do grupo), nesse primeiro momento, [&hellip;]<\/p>\n","protected":false},"author":2,"featured_media":12609,"comment_status":"","ping_status":"","sticky":false,"template":"","format":"standard","meta":{"footnotes":""},"categories":[3],"tags":[],"class_list":["post-12610","post","type-post","status-publish","format-standard","has-post-thumbnail","hentry","category-noticias"],"_links":{"self":[{"href":"https:\/\/hostnetart.com.br\/baixada\/wp-json\/wp\/v2\/posts\/12610","targetHints":{"allow":["GET"]}}],"collection":[{"href":"https:\/\/hostnetart.com.br\/baixada\/wp-json\/wp\/v2\/posts"}],"about":[{"href":"https:\/\/hostnetart.com.br\/baixada\/wp-json\/wp\/v2\/types\/post"}],"author":[{"embeddable":true,"href":"https:\/\/hostnetart.com.br\/baixada\/wp-json\/wp\/v2\/users\/2"}],"replies":[{"embeddable":true,"href":"https:\/\/hostnetart.com.br\/baixada\/wp-json\/wp\/v2\/comments?post=12610"}],"version-history":[{"count":0,"href":"https:\/\/hostnetart.com.br\/baixada\/wp-json\/wp\/v2\/posts\/12610\/revisions"}],"wp:featuredmedia":[{"embeddable":true,"href":"https:\/\/hostnetart.com.br\/baixada\/wp-json\/wp\/v2\/media\/12609"}],"wp:attachment":[{"href":"https:\/\/hostnetart.com.br\/baixada\/wp-json\/wp\/v2\/media?parent=12610"}],"wp:term":[{"taxonomy":"category","embeddable":true,"href":"https:\/\/hostnetart.com.br\/baixada\/wp-json\/wp\/v2\/categories?post=12610"},{"taxonomy":"post_tag","embeddable":true,"href":"https:\/\/hostnetart.com.br\/baixada\/wp-json\/wp\/v2\/tags?post=12610"}],"curies":[{"name":"wp","href":"https:\/\/api.w.org\/{rel}","templated":true}]}}