{"id":12604,"date":"2022-06-02T14:01:05","date_gmt":"2022-06-02T17:01:05","guid":{"rendered":"https:\/\/hostnetart.com.br\/baixada\/financiarios-aprovam-minuta-de-reivindicacoes\/"},"modified":"2022-06-02T14:01:05","modified_gmt":"2022-06-02T17:01:05","slug":"financiarios-aprovam-minuta-de-reivindicacoes","status":"publish","type":"post","link":"https:\/\/hostnetart.com.br\/baixada\/financiarios-aprovam-minuta-de-reivindicacoes\/","title":{"rendered":"Financi\u00e1rios aprovam minuta de reivindica\u00e7\u00f5es"},"content":{"rendered":"<p>Financi\u00e1rios e financi\u00e1rias de todo o Brasil aprovaram a pauta de reivindica\u00e7\u00f5es da categoria para a Campanha Nacional 2022, em assembleias online, realizadas at\u00e9 a \u00faltima segunda-feira (30).<\/p>\n<p>As prioridades dos trabalhadores foram levantadas pela Consulta Nacional, realizada at\u00e9 a \u00faltima sexta-feira (27), pela Confedera\u00e7\u00e3o Nacional dos Trabalhadores do Ramo Financeiro (Contraf-CUT) e demais entidades de representa\u00e7\u00e3o sindical. As respostas da consulta foram compiladas e somadas aos pontos que foram debatidos e aprovados em encontro remoto do Coletivo de Financi\u00e1rios, realizado por plataforma eletr\u00f4nica, no dia 18 de maio, para dar encaminhamento ao in\u00edcio da Campanha Salarial dos Financi\u00e1rios.<\/p>\n<p>\u201cA regulamenta\u00e7\u00e3o do teletrabalho \u00e9 uma das prioridades da campanha nesse ano, al\u00e9m de temas relacionados \u00e0s consequ\u00eancias da pandemia pelo covid-19\u2033, revelou o coordenador do Coletivo dos Financi\u00e1rios da Contraf-CUT, Jair Alves.<\/p>\n<p>\u201cA categoria precisa estar unida para que a gente consiga manter os direitos j\u00e1 estabelecidos na CCT e mostrar for\u00e7a para buscarmos novas conquistas, como a regulamenta\u00e7\u00e3o do teletrabalho\u201d, afirmou o coordenador do coletivo dos financi\u00e1rios.<\/p>\n<p>Outro destaque da pauta de reivindica\u00e7\u00f5es \u00e9 a proposta de reajuste dos sal\u00e1rios, benef\u00edcios e demais cl\u00e1usulas econ\u00f4micas, com o INPC + 5% de aumento real.<\/p>\n<p>Com a aprova\u00e7\u00e3o, a minuta foi entregue \u00e0 Federa\u00e7\u00e3o Interestadual das Institui\u00e7\u00f5es de Cr\u00e9dito, Financiamento e Investimento (Fenacrefi) e os trabalhadores aguardam retorno do calend\u00e1rio para agendamento das reuni\u00f5es de negocia\u00e7\u00f5es para a renova\u00e7\u00e3o da Conven\u00e7\u00e3o Coletiva de Trabalho (CCT) para o per\u00edodo de 1\u00ba de junho de 2022 a 31 de maio de 2024. \u201cA categoria precisa estar unida para que a gente consiga manter os direitos j\u00e1 estabelecidos na CCT e mostrar for\u00e7a para buscarmos novas conquistas, como a regulamenta\u00e7\u00e3o do teletrabalho\u201d, completou o coordenador do coletivo dos financi\u00e1rios.<\/p>\n<p><strong>Fonte: Contraf-CUT<\/strong><\/p>\n","protected":false},"excerpt":{"rendered":"<p>Financi\u00e1rios e financi\u00e1rias de todo o Brasil aprovaram a pauta de reivindica\u00e7\u00f5es da categoria para a Campanha Nacional 2022, em assembleias online, realizadas at\u00e9 a \u00faltima segunda-feira (30). As prioridades dos trabalhadores foram levantadas pela Consulta Nacional, realizada at\u00e9 a \u00faltima sexta-feira (27), pela Confedera\u00e7\u00e3o Nacional dos Trabalhadores do Ramo Financeiro (Contraf-CUT) e demais entidades [&hellip;]<\/p>\n","protected":false},"author":2,"featured_media":12603,"comment_status":"","ping_status":"","sticky":false,"template":"","format":"standard","meta":{"footnotes":""},"categories":[3],"tags":[],"class_list":["post-12604","post","type-post","status-publish","format-standard","has-post-thumbnail","hentry","category-noticias"],"_links":{"self":[{"href":"https:\/\/hostnetart.com.br\/baixada\/wp-json\/wp\/v2\/posts\/12604","targetHints":{"allow":["GET"]}}],"collection":[{"href":"https:\/\/hostnetart.com.br\/baixada\/wp-json\/wp\/v2\/posts"}],"about":[{"href":"https:\/\/hostnetart.com.br\/baixada\/wp-json\/wp\/v2\/types\/post"}],"author":[{"embeddable":true,"href":"https:\/\/hostnetart.com.br\/baixada\/wp-json\/wp\/v2\/users\/2"}],"replies":[{"embeddable":true,"href":"https:\/\/hostnetart.com.br\/baixada\/wp-json\/wp\/v2\/comments?post=12604"}],"version-history":[{"count":0,"href":"https:\/\/hostnetart.com.br\/baixada\/wp-json\/wp\/v2\/posts\/12604\/revisions"}],"wp:featuredmedia":[{"embeddable":true,"href":"https:\/\/hostnetart.com.br\/baixada\/wp-json\/wp\/v2\/media\/12603"}],"wp:attachment":[{"href":"https:\/\/hostnetart.com.br\/baixada\/wp-json\/wp\/v2\/media?parent=12604"}],"wp:term":[{"taxonomy":"category","embeddable":true,"href":"https:\/\/hostnetart.com.br\/baixada\/wp-json\/wp\/v2\/categories?post=12604"},{"taxonomy":"post_tag","embeddable":true,"href":"https:\/\/hostnetart.com.br\/baixada\/wp-json\/wp\/v2\/tags?post=12604"}],"curies":[{"name":"wp","href":"https:\/\/api.w.org\/{rel}","templated":true}]}}