{"id":12602,"date":"2022-06-01T14:30:24","date_gmt":"2022-06-01T17:30:24","guid":{"rendered":"https:\/\/hostnetart.com.br\/baixada\/representacao-dos-funcionarios-denuncia-assedio-moral-no-mercantil-do-brasil\/"},"modified":"2022-06-01T14:30:24","modified_gmt":"2022-06-01T17:30:24","slug":"representacao-dos-funcionarios-denuncia-assedio-moral-no-mercantil-do-brasil","status":"publish","type":"post","link":"https:\/\/hostnetart.com.br\/baixada\/representacao-dos-funcionarios-denuncia-assedio-moral-no-mercantil-do-brasil\/","title":{"rendered":"Representa\u00e7\u00e3o dos funcion\u00e1rios denuncia ass\u00e9dio moral no Mercantil do Brasil"},"content":{"rendered":"<p>A Confedera\u00e7\u00e3o Nacional dos Trabalhadores do Ramo Financeiro (Contraf-CUT), por meio da Comiss\u00e3o de Organiza\u00e7\u00e3o dos Empregados (COE) do Banco Mercantil do Brasil (BMB), e os sindicatos afiliados denunciaram, na ter\u00e7a-feira (31), diversos casos de ass\u00e9dio moral e cobran\u00e7a excessivas de metas contra os funcion\u00e1rios, praticados pela Superintend\u00eancia Comercial do banco.<\/p>\n<p>De acordo com os relatos, os funcion\u00e1rios do Mercantil do Brasil est\u00e3o sendo amea\u00e7ados de demiss\u00e3o sum\u00e1ria por uma Superintendente Comercial, caso n\u00e3o cumpram as pesadas metas impostas. \u201cA alta rotatividade no Mercantil do Brasil, em torno de 24% ao ano, atesta que o banco se utiliza dessa estrat\u00e9gia para pressionar e amedrontar os funcion\u00e1rios\u201d, observou o coordenador da COE\/Mercantil do Brasil, Marco Aur\u00e9lio Alves.<\/p>\n<p>Marco Aur\u00e9lio disse que tamb\u00e9m s\u00e3o utilizadas \u201ctemidas\u201d videoconfer\u00eancias como m\u00e1quinas de tortura contra os trabalhadores, que s\u00e3o cobrados ostensivamente durante todo o hor\u00e1rio de atendimento para vender ou empurrar produtos aos aposentados. \u201cA viol\u00eancia psicol\u00f3gica chegou a tal ponto, que algumas amea\u00e7as eram de que o expediente nas ag\u00eancias somente seria encerrado ap\u00f3s o cumprimento integral das metas e os funcion\u00e1rios com as piores performances do m\u00eas seriam expostos junto aos demais colegas\u201d, relatou o coordenador da COE\/Mercantil do Brasil, ao lembrar esta \u00faltima amea\u00e7a viola a cl\u00e1usula 39\u00aa da Conven\u00e7\u00e3o Coletiva de Trabalho (CCT) da categoria banc\u00e1ria, que pro\u00edbe a exposi\u00e7\u00e3o de funcion\u00e1rios.<\/p>\n<p>Segundo Marco Aur\u00e9lio, esse ato de covardia reflete o descaso e a incoer\u00eancia da empresa, que faz marketing sobre compromisso social, mas demonstra frieza ao permitir o ass\u00e9dio moral contra seus funcion\u00e1rios e a impor essa taxa absurda de rotatividade para amea\u00e7ar constantemente os banc\u00e1rios. \u201cS\u00e3o situa\u00e7\u00f5es degradantes, que s\u00f3 trazem sofrimento e medo aos funcion\u00e1rios, que s\u00e3o o maior patrim\u00f4nio da empresa. Por isso, vamos cobrar a solu\u00e7\u00e3o do problema e exigir que os mesmos n\u00e3o se repitam\u201d, afirmou.<\/p>\n<p>\u00a0\u00a0\u00a0\u00a0\u00a0<strong>&gt;&gt;&gt;&gt;&gt;<\/strong>\u00a0<a href=\"https:\/\/contrafcut.com.br\/noticias\/funcionarios-do-mercantil-aprovam-pauta-de-reivindicacoes-e-plano-de-luta\" target=\"_blank\" rel=\"noopener noreferrer\">Funcion\u00e1rios do Mercantil aprovam pauta de reivindica\u00e7\u00f5es e plano de luta<\/a><\/p>\n<p><strong>Fonte:\u00a0Contraf-CUT, com Seeb\/BH e Regi\u00e3o<\/strong><\/p>\n","protected":false},"excerpt":{"rendered":"<p>A Confedera\u00e7\u00e3o Nacional dos Trabalhadores do Ramo Financeiro (Contraf-CUT), por meio da Comiss\u00e3o de Organiza\u00e7\u00e3o dos Empregados (COE) do Banco Mercantil do Brasil (BMB), e os sindicatos afiliados denunciaram, na ter\u00e7a-feira (31), diversos casos de ass\u00e9dio moral e cobran\u00e7a excessivas de metas contra os funcion\u00e1rios, praticados pela Superintend\u00eancia Comercial do banco. De acordo com os [&hellip;]<\/p>\n","protected":false},"author":2,"featured_media":12601,"comment_status":"","ping_status":"","sticky":false,"template":"","format":"standard","meta":{"footnotes":""},"categories":[3],"tags":[],"class_list":["post-12602","post","type-post","status-publish","format-standard","has-post-thumbnail","hentry","category-noticias"],"_links":{"self":[{"href":"https:\/\/hostnetart.com.br\/baixada\/wp-json\/wp\/v2\/posts\/12602","targetHints":{"allow":["GET"]}}],"collection":[{"href":"https:\/\/hostnetart.com.br\/baixada\/wp-json\/wp\/v2\/posts"}],"about":[{"href":"https:\/\/hostnetart.com.br\/baixada\/wp-json\/wp\/v2\/types\/post"}],"author":[{"embeddable":true,"href":"https:\/\/hostnetart.com.br\/baixada\/wp-json\/wp\/v2\/users\/2"}],"replies":[{"embeddable":true,"href":"https:\/\/hostnetart.com.br\/baixada\/wp-json\/wp\/v2\/comments?post=12602"}],"version-history":[{"count":0,"href":"https:\/\/hostnetart.com.br\/baixada\/wp-json\/wp\/v2\/posts\/12602\/revisions"}],"wp:featuredmedia":[{"embeddable":true,"href":"https:\/\/hostnetart.com.br\/baixada\/wp-json\/wp\/v2\/media\/12601"}],"wp:attachment":[{"href":"https:\/\/hostnetart.com.br\/baixada\/wp-json\/wp\/v2\/media?parent=12602"}],"wp:term":[{"taxonomy":"category","embeddable":true,"href":"https:\/\/hostnetart.com.br\/baixada\/wp-json\/wp\/v2\/categories?post=12602"},{"taxonomy":"post_tag","embeddable":true,"href":"https:\/\/hostnetart.com.br\/baixada\/wp-json\/wp\/v2\/tags?post=12602"}],"curies":[{"name":"wp","href":"https:\/\/api.w.org\/{rel}","templated":true}]}}