{"id":12600,"date":"2022-06-01T13:02:54","date_gmt":"2022-06-01T16:02:54","guid":{"rendered":"https:\/\/hostnetart.com.br\/baixada\/grandes-bancos-fecham-mil-agencias-causam-desemprego-e-filas\/"},"modified":"2022-06-01T13:02:54","modified_gmt":"2022-06-01T16:02:54","slug":"grandes-bancos-fecham-mil-agencias-causam-desemprego-e-filas","status":"publish","type":"post","link":"https:\/\/hostnetart.com.br\/baixada\/grandes-bancos-fecham-mil-agencias-causam-desemprego-e-filas\/","title":{"rendered":"Grandes bancos fecham mil ag\u00eancias, causam desemprego e filas"},"content":{"rendered":"<p><a href=\"https:\/\/spbancarios.com.br\/05\/2022\/itau-lucra-r-7-bi-no-primeiro-trimestre-com-tarifas-altas-e-fechamento-de-agencias\" target=\"_blank\" rel=\"noopener noreferrer\">Ita\u00fa Unibanco<\/a>,\u00a0<a href=\"https:\/\/spbancarios.com.br\/05\/2022\/bradesco-lucra-r-7-bi-no-trimestre-resultado-do-esforco-dos-bancarios\" target=\"_blank\" rel=\"noopener noreferrer\">Bradesco<\/a>\u00a0e\u00a0<a href=\"https:\/\/spbancarios.com.br\/04\/2021\/lucro-do-santander-no-1o-trimestre-de-2021-e-o-maior-desde-2010\" target=\"_blank\" rel=\"noopener noreferrer\">Santander<\/a>, os tr\u00eas maiores bancos privados do pa\u00eds, lucraram R$ 18,1 bilh\u00f5es no primeiro trimestre de 2022. Somados aos R$ 6,6 bilh\u00f5es do\u00a0<a href=\"https:\/\/spbancarios.com.br\/05\/2022\/lucro-do-banco-do-brasil-cresce-576-em-12-meses-por-meio-do-seu-encolhimento\" target=\"_blank\" rel=\"noopener noreferrer\">Banco do Brasil<\/a>\u00a0\u2013 que \u00e9 p\u00fablico, mas de capital aberto \u2013, vai a R$ 24,7 bilh\u00f5es o lucro dos principais bancos do pa\u00eds no per\u00edodo. No entanto, as quatro institui\u00e7\u00f5es financeiras, juntas, fecharam 1.007 ag\u00eancias entre mar\u00e7o de 2021 e mar\u00e7o deste ano. Os bancos apostam no atendimento virtual, principalmente pelo celular. Mas o resultado \u00e9 a piora do atendimento aos clientes nas ag\u00eancias.<\/p>\n<p>\u201cS\u00f3 durante a pandemia, foram 353 ag\u00eancias. S\u00e3o muitas ag\u00eancias fechadas, principalmente onde mais precisa. Ou seja, nas periferias. Hoje tem bairros de S\u00e3o Paulo em que as pessoas t\u00eam que andar \u00e0s vezes 10 quil\u00f4metros, pegar uma condu\u00e7\u00e3o, para achar uma ag\u00eancia banc\u00e1ria\u201d, afirmou a\u00a0<a href=\"https:\/\/www.redebrasilatual.com.br\/tag\/ivone-silva\" target=\"_blank\" rel=\"noopener noreferrer\">presidenta<\/a>\u00a0do Sindicato dos Banc\u00e1rios de S\u00e3o Paulo, Osasco e Regi\u00e3o, Ivone Silva.<\/p>\n<p>Em entrevista a Her\u00f3doto Barbeiro, no programa\u00a0<em>Nova Manh\u00e3<\/em>, da r\u00e1dio Nova Brasil FM, Ivone ressaltou que os mais pobres e os idosos s\u00e3o os que mais sofrem com o fechamento das ag\u00eancias. Os primeiros, porque \u00e0s vezes falta dinheiro para pagar a internet do celular, ou n\u00e3o t\u00eam um aparelho compat\u00edvel com o aplicativo do banco. J\u00e1 os aposentados, seja pela dificuldade com a tecnologia ou por h\u00e1bito, querem acompanhar de perto, nas ag\u00eancias, a sua vida financeira.<\/p>\n<p>\u201cE muitas vezes eles chegam l\u00e1, e n\u00e3o tem ningu\u00e9m para atend\u00ea-los. Antes n\u00e3o tinha mais o caixa f\u00edsico. Hoje est\u00e3o sumindo das ag\u00eancias at\u00e9 os caixas eletr\u00f4nicos. Voc\u00ea chega na ag\u00eancia e a fila dos caixas eletr\u00f4nicos \u00e9 enorme. Um total desrespeito \u00e0 popula\u00e7\u00e3o\u201d, disse ela.\u00a0<\/p>\n<h3>Reclama\u00e7\u00f5es<\/h3>\n<p>Reportagem de Giuliana Saringer, no portal UOL, mostra que, somente neste, ano o Procon-SP registrou 69 reclama\u00e7\u00f5es pela demora nas filas nas ag\u00eancias. Para efeito de compara\u00e7\u00e3o, em 2020, foram 24 reclama\u00e7\u00f5es, ainda que a ida aos bancos estivesse mais restrita, em fun\u00e7\u00e3o da gravidade da pandemia naquele momento. A publica\u00e7\u00e3o tamb\u00e9m traz depoimentos de clientes do Bradesco que relatam que passaram horas nas filas das ag\u00eancias, cheias por conta do fechamento de outras unidades pr\u00f3ximas.<\/p>\n<h3>Demiss\u00f5es<\/h3>\n<p>Al\u00e9m da piora no atendimento, outra consequ\u00eancia do fechamento das ag\u00eancias \u00e9 o aumento das demiss\u00f5es. Na \u00faltima sexta-feira (27) o Sindicato dos Banc\u00e1rios realizou um protesto no\u00a0Radar, concentra\u00e7\u00e3o banc\u00e1ria do Santander localizada em Santo Amaro, contra o processo de\u00a0<a href=\"https:\/\/spbancarios.com.br\/05\/2022\/santander-no-radar-sindicato-cobra-o-fim-das-demissoes-e-da-terceirizacao\" target=\"_blank\" rel=\"noopener noreferrer\">terceiriza\u00e7\u00e3o e demiss\u00f5es<\/a>\u00a0promovidas pelo banco espanhol.\u00a0Desde o in\u00edcio do ano, j\u00e1 s\u00e3o cerca de 200 demiss\u00f5es, sem reposi\u00e7\u00e3o do quadro de funcion\u00e1rios.<\/p>\n<p>Roberto Paulino, dirigente do sindicato e banc\u00e1rio do Santander, destacou que a terceiriza\u00e7\u00e3o \u00e9 uma forma do banco reduzir despesas \u00e0s custas dos direitos e da remunera\u00e7\u00e3o dos seus funcion\u00e1rios. Ele lembrou que o banco espanhol retira do Brasil quase 30% do seu lucro global, e cobrou responsabilidade social com o pa\u00eds.<\/p>\n<p>\u201cIsso significa gerar empregos decentes, e n\u00e3o precarizar rela\u00e7\u00f5es de trabalho e demitir trabalhadores, contribuindo para aumentar o j\u00e1 enorme \u00edndice de desemprego. Cobramos do banco o fim das demiss\u00f5es, a realoca\u00e7\u00e3o dos trabalhadores impactados e que interrompa o processo de terceiriza\u00e7\u00e3o\u201d.<\/p>\n<p>No mesmo dia, o sindicato tamb\u00e9m se reuniu com a dire\u00e7\u00e3o do Ita\u00fa para tratar do\u00a0<a href=\"https:\/\/spbancarios.com.br\/05\/2022\/sindicato-cobra-do-itau-o-fim-das-demissoes-e-do-fechamento-de-agencias\" target=\"_blank\" rel=\"noopener noreferrer\">fechamentos das ag\u00eancias e da demiss\u00e3o indevida<\/a>\u00a0dos trabalhadores. Est\u00e3o sendo demitidos principalmente trabalhadores com hist\u00f3rico de adoecimento e idade pr\u00f3xima aos 50 anos. O banco alega que a maior parte n\u00e3o teria cumprido as metas de desemprenho nos \u00faltimos anos, apesar dos lucros bilion\u00e1rios.<\/p>\n<p>\u201cN\u00e3o basta o Ita\u00fa pregar que \u2018muda o mundo\u2019 em suas propagandas e, por outro lado, demitir trabalhadores adoecidos ou com mais tempo de banco. Isso \u00e9 desumano, e com certeza muda o mundo pra pior\u201d, critica S\u00e9rgio Francisco, dirigente do sindicato e integrante da Comiss\u00e3o de Organiza\u00e7\u00e3o dos Empregados (COE) do Ita\u00fa.<\/p>\n<p><strong><em>Fonte: Rede Brasil Atual com informa\u00e7\u00f5es do SPBanc\u00e1rios<\/em><\/strong><\/p>\n","protected":false},"excerpt":{"rendered":"<p>Ita\u00fa Unibanco,\u00a0Bradesco\u00a0e\u00a0Santander, os tr\u00eas maiores bancos privados do pa\u00eds, lucraram R$ 18,1 bilh\u00f5es no primeiro trimestre de 2022. Somados aos R$ 6,6 bilh\u00f5es do\u00a0Banco do Brasil\u00a0\u2013 que \u00e9 p\u00fablico, mas de capital aberto \u2013, vai a R$ 24,7 bilh\u00f5es o lucro dos principais bancos do pa\u00eds no per\u00edodo. No entanto, as quatro institui\u00e7\u00f5es financeiras, juntas, [&hellip;]<\/p>\n","protected":false},"author":2,"featured_media":12599,"comment_status":"","ping_status":"","sticky":false,"template":"","format":"standard","meta":{"footnotes":""},"categories":[3],"tags":[],"class_list":["post-12600","post","type-post","status-publish","format-standard","has-post-thumbnail","hentry","category-noticias"],"_links":{"self":[{"href":"https:\/\/hostnetart.com.br\/baixada\/wp-json\/wp\/v2\/posts\/12600","targetHints":{"allow":["GET"]}}],"collection":[{"href":"https:\/\/hostnetart.com.br\/baixada\/wp-json\/wp\/v2\/posts"}],"about":[{"href":"https:\/\/hostnetart.com.br\/baixada\/wp-json\/wp\/v2\/types\/post"}],"author":[{"embeddable":true,"href":"https:\/\/hostnetart.com.br\/baixada\/wp-json\/wp\/v2\/users\/2"}],"replies":[{"embeddable":true,"href":"https:\/\/hostnetart.com.br\/baixada\/wp-json\/wp\/v2\/comments?post=12600"}],"version-history":[{"count":0,"href":"https:\/\/hostnetart.com.br\/baixada\/wp-json\/wp\/v2\/posts\/12600\/revisions"}],"wp:featuredmedia":[{"embeddable":true,"href":"https:\/\/hostnetart.com.br\/baixada\/wp-json\/wp\/v2\/media\/12599"}],"wp:attachment":[{"href":"https:\/\/hostnetart.com.br\/baixada\/wp-json\/wp\/v2\/media?parent=12600"}],"wp:term":[{"taxonomy":"category","embeddable":true,"href":"https:\/\/hostnetart.com.br\/baixada\/wp-json\/wp\/v2\/categories?post=12600"},{"taxonomy":"post_tag","embeddable":true,"href":"https:\/\/hostnetart.com.br\/baixada\/wp-json\/wp\/v2\/tags?post=12600"}],"curies":[{"name":"wp","href":"https:\/\/api.w.org\/{rel}","templated":true}]}}