{"id":12598,"date":"2022-06-01T12:59:27","date_gmt":"2022-06-01T15:59:27","guid":{"rendered":"https:\/\/hostnetart.com.br\/baixada\/projeto-de-brigadas-digitais-da-cut-combate-as-fake-news-e-amplia-dialogo-com-a-populacao\/"},"modified":"2022-06-01T12:59:27","modified_gmt":"2022-06-01T15:59:27","slug":"projeto-de-brigadas-digitais-da-cut-combate-as-fake-news-e-amplia-dialogo-com-a-populacao","status":"publish","type":"post","link":"https:\/\/hostnetart.com.br\/baixada\/projeto-de-brigadas-digitais-da-cut-combate-as-fake-news-e-amplia-dialogo-com-a-populacao\/","title":{"rendered":"Projeto de brigadas digitais da CUT combate as fake news e amplia di\u00e1logo com a popula\u00e7\u00e3o"},"content":{"rendered":"<p>O projeto Brigadas Digitais nasce do protagonismo da CUT em dialogar com a popula\u00e7\u00e3o diante de um Brasil desigual, com comida cara, contas altas e fome alastrada nos mais distintos rinc\u00f5es e periferias.<\/p>\n<p>Nasce tamb\u00e9m com objetivo de combater uma s\u00e9rie de mentiras ditas por Jair Bolsonaro (PL), desde o dia de sua posse como presidente. Para se ter uma ideia, at\u00e9 27 de maio, segundo levantamento do site \u2018Aos Fatos\u2019, o presidente da Rep\u00fablica j\u00e1 soma 5.457 declara\u00e7\u00f5es falsas ou distorcidas, em 1.242 dias \u00e0 frente do pa\u00eds.<\/p>\n<p>Esse conjunto de situa\u00e7\u00f5es levou \u00e0 formata\u00e7\u00e3o do projeto das Brigadas Digitais, para enfrentar toda e qualquer amea\u00e7a \u00e0 democracia e \u00e0 liberdade, com informa\u00e7\u00f5es precisas, verdadeiras, de qualidade e apura\u00e7\u00e3o s\u00e9ria.<\/p>\n<p>O projeto foi pensado em tr\u00eas etapas:<\/p>\n<p>1) a forma\u00e7\u00e3o de formadores em comunica\u00e7\u00e3o popular digital;<\/p>\n<p>2) a forma\u00e7\u00e3o de organizadores de brigadas;\u00a0<\/p>\n<p>3) a organiza\u00e7\u00e3o das Brigadas Digitais das CUT.<\/p>\n<p>Como detalha o site do\u00a0<a href=\"https:\/\/brigadas.cut.org.br\/\">projeto (clique aqui)<\/a>, cada uma dessas etapas consiste em ter um p\u00fablico e uma jornada de forma\u00e7\u00e3o para \u201cocupar o mundo digital e as redes sociais de maneira articulada e organizada para lutar pelos direitos da classe trabalhadora e derrotar a extrema direita e o bolsonarismo\u201d.<\/p>\n<p>No site \u00e9 poss\u00edvel encontrar como participar, assim como materiais formativos j\u00e1 dispon\u00edveis.<\/p>\n<p>O balan\u00e7o desse final de maio de 2022 \u00e9 que o projeto nacionalmente j\u00e1 construiu uma rede de 11 mil brigadistas interessados em se aperfei\u00e7oar cada vez mais, em serem formadores, em organizarem mais brigadas pelo Brasil afora, acreditando que \u00e9 mais do que urgente transformar o Brasil.<\/p>\n<hr class=\"wp-block-separator\" \/>\n<p><em><strong>Belmiro Moreira<\/strong>\u00a0\u00e9 secret\u00e1rio de comunica\u00e7\u00e3o da\u00a0<a href=\"https:\/\/sp.cut.org.br\/\" target=\"_blank\" rel=\"noopener noreferrer\">CUT-SP<\/a><\/em><\/p>\n","protected":false},"excerpt":{"rendered":"<p>O projeto Brigadas Digitais nasce do protagonismo da CUT em dialogar com a popula\u00e7\u00e3o diante de um Brasil desigual, com comida cara, contas altas e fome alastrada nos mais distintos rinc\u00f5es e periferias. Nasce tamb\u00e9m com objetivo de combater uma s\u00e9rie de mentiras ditas por Jair Bolsonaro (PL), desde o dia de sua posse como [&hellip;]<\/p>\n","protected":false},"author":2,"featured_media":12597,"comment_status":"","ping_status":"","sticky":false,"template":"","format":"standard","meta":{"footnotes":""},"categories":[3],"tags":[],"class_list":["post-12598","post","type-post","status-publish","format-standard","has-post-thumbnail","hentry","category-noticias"],"_links":{"self":[{"href":"https:\/\/hostnetart.com.br\/baixada\/wp-json\/wp\/v2\/posts\/12598","targetHints":{"allow":["GET"]}}],"collection":[{"href":"https:\/\/hostnetart.com.br\/baixada\/wp-json\/wp\/v2\/posts"}],"about":[{"href":"https:\/\/hostnetart.com.br\/baixada\/wp-json\/wp\/v2\/types\/post"}],"author":[{"embeddable":true,"href":"https:\/\/hostnetart.com.br\/baixada\/wp-json\/wp\/v2\/users\/2"}],"replies":[{"embeddable":true,"href":"https:\/\/hostnetart.com.br\/baixada\/wp-json\/wp\/v2\/comments?post=12598"}],"version-history":[{"count":0,"href":"https:\/\/hostnetart.com.br\/baixada\/wp-json\/wp\/v2\/posts\/12598\/revisions"}],"wp:featuredmedia":[{"embeddable":true,"href":"https:\/\/hostnetart.com.br\/baixada\/wp-json\/wp\/v2\/media\/12597"}],"wp:attachment":[{"href":"https:\/\/hostnetart.com.br\/baixada\/wp-json\/wp\/v2\/media?parent=12598"}],"wp:term":[{"taxonomy":"category","embeddable":true,"href":"https:\/\/hostnetart.com.br\/baixada\/wp-json\/wp\/v2\/categories?post=12598"},{"taxonomy":"post_tag","embeddable":true,"href":"https:\/\/hostnetart.com.br\/baixada\/wp-json\/wp\/v2\/tags?post=12598"}],"curies":[{"name":"wp","href":"https:\/\/api.w.org\/{rel}","templated":true}]}}