{"id":12592,"date":"2022-05-31T03:21:12","date_gmt":"2022-05-31T06:21:12","guid":{"rendered":"https:\/\/hostnetart.com.br\/baixada\/eleicoes-de-2022-devem-definir-privatizacao-ou-preservacao-de-estatais\/"},"modified":"2022-05-31T03:21:12","modified_gmt":"2022-05-31T06:21:12","slug":"eleicoes-de-2022-devem-definir-privatizacao-ou-preservacao-de-estatais","status":"publish","type":"post","link":"https:\/\/hostnetart.com.br\/baixada\/eleicoes-de-2022-devem-definir-privatizacao-ou-preservacao-de-estatais\/","title":{"rendered":"Elei\u00e7\u00f5es de 2022 devem definir privatiza\u00e7\u00e3o ou preserva\u00e7\u00e3o de estatais"},"content":{"rendered":"<p>O aumento do combust\u00edvel, da conta de luz e a falta de recursos para pol\u00edticas p\u00fablicas colocaram as empresas estatais no centro do debate eleitoral. Afinal, para resolver esses problemas, \u00e9 melhor vender as companhias controladas pelo governo ou mant\u00ea-las para tentar us\u00e1-las como solu\u00e7\u00e3o?<\/p>\n<p>Os dois pr\u00e9-candidatos a presidente que lideram com folga as pesquisas de inten\u00e7\u00e3o de voto j\u00e1 demonstraram ter vis\u00f5es opostas sobre o assunto. O atual presidente Jair Bolsonaro (PL) \u00e9 favor\u00e1vel \u00e0s privatiza\u00e7\u00f5es. J\u00e1 o ex-presidente Luiz In\u00e1cio Lula da Silva (PT) tem discursado pela preserva\u00e7\u00e3o do controle estatal sobre empresas estrat\u00e9gicas.<\/p>\n<p>A disputa entre eles deve definir o futuro das estatais brasileiras. Se reeleito, Bolsonaro deve encaminhar a venda dos Correios, do Servi\u00e7o Federal de Processamento de Dados (Serpro) e at\u00e9 da Petrobras. J\u00e1 se Lula ganhar, esses projetos devem ser paralisados.<\/p>\n<p><strong>Leia mais:<\/strong>\u00a0<a href=\"https:\/\/www.brasildefato.com.br\/2022\/05\/18\/homens-mais-ricos-do-pais-agem-para-privatizar-eletrobras-e-lucrar-com-isso\" target=\"_blank\" rel=\"noopener noreferrer\">Homens mais ricos do pa\u00eds agem para privatizar Eletrobras<\/a><\/p>\n<p class=\"ckeditor-subtitle\"><strong>Promessa n\u00e3o cumprida<\/strong><\/p>\n<p>As privatiza\u00e7\u00f5es foram promessa de campanha de Bolsonaro j\u00e1 em 2018. Naquela \u00e9poca, falava-se que a venda empresas poderiam render mais de R$ 1 trilh\u00e3o \u00e0 Uni\u00e3o e que esse dinheiro reduziria a d\u00edvida p\u00fablica.<\/p>\n<p><a href=\"https:\/\/www.brasildefato.com.br\/2022\/03\/07\/privatizacoes-de-aeroportos-fracassam-e-devem-virar-divida-para-governo\" target=\"_blank\" rel=\"noopener noreferrer\"><strong>:: Privatiza\u00e7\u00f5es de aeroportos devem virar d\u00edvida para governo ::<\/strong><\/a><\/p>\n<p>Desde que Bolsonaro assumiu, entretanto, ele e membros de seu governo, como o ministro da Economia, Paulo Guedes, se queixam de dificuldades para o avan\u00e7o dessas ideias. Segundo eles, o Congresso Nacional n\u00e3o colaborou com a agenda de privatiza\u00e7\u00f5es no in\u00edcio da gest\u00e3o Bolsonaro. J\u00e1 em 2020 e 2021, a pandemia teria monopolizado a pauta pol\u00edtica.<\/p>\n<p>Neste ano, por\u00e9m, a discuss\u00e3o foi retomada. Nos \u00faltimos meses, o Bolsonaro conseguiu destravar a privatiza\u00e7\u00e3o da Eletrobras, aprovou a opera\u00e7\u00e3o no Tribunal de Contas da Uni\u00e3o (TCU) e prometeu\u00a0<a href=\"https:\/\/www.brasildefato.com.br\/2022\/05\/27\/governo-marca-data-para-privatizacao-da-eletrobras-13-de-junho\" target=\"_blank\" rel=\"noopener noreferrer\">concluir a venda do controle da empresa no pr\u00f3ximo dia 13.<\/a><\/p>\n<p><a href=\"https:\/\/www.brasildefato.com.br\/2022\/04\/03\/mais-de-160-pesquisadores-mobilizam-manifesto-contra-a-privatizacao-da-eletrobras\" target=\"_blank\" rel=\"noopener noreferrer\"><strong>:: 160 pesquisadores se manifestam contra a privatiza\u00e7\u00e3o da Eletrobras ::<\/strong><\/a><\/p>\n<p>Segundo o governo, a conta de luz, que j\u00e1 subiu at\u00e9 24% neste ano, tende a cair com a opera\u00e7\u00e3o &#8211;o Coletivo Nacional dos Eletricit\u00e1rios (CNE) prev\u00ea ainda mais aumentos.<\/p>\n<p>Em sua participa\u00e7\u00e3o no F\u00f3rum Econ\u00f4mico Mundial, o ministro Guedes afirmou que, se Bolsonaro for reeleito, a Petrobras tamb\u00e9m ser\u00e1 privatizada. Para ele, a venda da maior estatal brasileira reduziria o pre\u00e7o da gasolina e do diesel, que j\u00e1 subiram mais de 150% desde que Bolsonaro chegou \u00e0 Presid\u00eancia.<\/p>\n<p><a href=\"https:\/\/www.brasildefato.com.br\/2022\/03\/17\/sob-bolsonaro-estatais-abandonam-funcao-social-e-lucram-alto-com-a-crise-economica\" target=\"_blank\" rel=\"noopener noreferrer\"><strong>:: Sob Bolsonaro, estatais abandonam o social e lucram na crise ::<\/strong><\/a><\/p>\n<p>Funcion\u00e1rios dos Correios tamb\u00e9m temem a privatiza\u00e7\u00e3o da empresa. Um projeto de lei sobre o assunto j\u00e1 foi aprovado pela C\u00e2mara dos Deputados no ano passado. Seguiu para a an\u00e1lise do Senado, mas n\u00e3o avan\u00e7ou. A eventual reelei\u00e7\u00e3o de Bolsonaro poderia reativar a discuss\u00e3o sobre o futuro da estatal, segundo economistas ouvidos pelo\u00a0<strong>Brasil de Fato.<\/strong><\/p>\n<p>\u201c\u00c9 muito poss\u00edvel num eventual segundo governo de Bolsonaro empresas como a Petrobras e especialmente os Correios entrem na pauta da privatiza\u00e7\u00e3o\u201d, alertou Juliane Furno, economista-chefe do IREE (Instituto para Reforma das Rela\u00e7\u00f5es entre Estado e Empresa).<\/p>\n<p><strong>Leia mais:<\/strong>\u00a0<a href=\"https:\/\/www.brasildefato.com.br\/2022\/04\/19\/juca-abdalla-o-banqueiro-que-lucra-com-a-privatizacao-da-eletrobras-e-administrara-a-petrobras\" target=\"_blank\" rel=\"noopener noreferrer\">Juca Abdalla, o banqueiro que lucra com a privatiza\u00e7\u00e3o da Eletrobras e administrar\u00e1 a Petrobras<\/a><\/p>\n<p>Andr\u00e9 Roncaglia, economista e professor da Universidade Federal de S\u00e3o Paulo, concorda que a pauta de privatiza\u00e7\u00f5es tende a ganhar for\u00e7a num eventual segundo governo Bolsonaro. Segundo ele, a promessa de venda de estatais serve, inclusive, como forma de atrair apoio de setores interessados nessas opera\u00e7\u00f5es para sua campanha.<\/p>\n<p>\u201cEst\u00e1 se tornando uma moeda de troca\u201d, disse Roncaglia. \u201cEst\u00e3o tentando ganhar apoio da classe mais endinheirada e, depois, da classe mais popular usando o discurso de que estatais encarecem produtos e n\u00e3o prestam servi\u00e7os que a popula\u00e7\u00e3o merece.\u201d<\/p>\n<p><a href=\"https:\/\/www.brasildefato.com.br\/2022\/03\/25\/fundo-controlado-por-principe-amigo-de-bolsonaro-cresce-com-crise-no-brasil\" target=\"_blank\" rel=\"noopener noreferrer\"><strong>::Fundo controlado por pr\u00edncipe &#8220;amigo&#8221; de Bolsonaro cresce no Brasil::<\/strong><\/a><\/p>\n<p class=\"ckeditor-subtitle\"><strong>Lula faz oposi\u00e7\u00e3o<\/strong><\/p>\n<p>O ex-presidente Lula j\u00e1 afirmou ser contra a privatiza\u00e7\u00e3o da Eletrobras. Em seu perfil no Twitter, ele disse que foi o controle do governo sobre a companhia que possibilitou que ela atuasse no Programa Luz para Todos, criado justamente durante seu governo para levar energia el\u00e9trica a \u00e1reas at\u00e9 ent\u00e3o n\u00e3o atendidas por concession\u00e1rias.<\/p>\n<p>Lula tamb\u00e9m j\u00e1 disse ser opositor \u00e0 privatiza\u00e7\u00e3o da Petrobras. Para ele, por ser uma estatal, a Petrobras poderia \u201cabrasileirar\u201d o pre\u00e7o dos combust\u00edveis vendidos no pa\u00eds.\u00a0<\/p>\n<p><strong>Leia tamb\u00e9m:\u00a0<a href=\"https:\/\/www.brasildefato.com.br\/2022\/02\/10\/refinaria-privatizada-decide-exportar-e-deixa-navios-sem-combustivel-na-bahia\" target=\"_blank\" rel=\"noopener noreferrer\">Refinaria privatizada deixa navios sem combust\u00edvel<\/a><\/strong><\/p>\n<p>Hoje, a empresa vende gasolina e diesel a pre\u00e7os baseados no mercado internacional. Isso, segundo a pr\u00f3pria Petrobras, elevou os pre\u00e7os no Brasil.<\/p>\n<p>Lula tamb\u00e9m j\u00e1 disse ser contra a privatiza\u00e7\u00e3o dos Correios e do Banco do Brasil (BB). Paulo Guedes, por sua vez, j\u00e1 defendeu a privatiza\u00e7\u00e3o do BB e de partes da Caixa Econ\u00f4mica Federal.<\/p>\n<p>Segundo o \u00faltimo balan\u00e7o de estatais do governo, apresentado no final de 2021, o governo federal controla 189 empresas. Tem participa\u00e7\u00e3o minorit\u00e1ria em outras 54.<\/p>\n<p>Al\u00e9m de Lula, o pr\u00e9-candidato a presidente Ciro Gomes (PDT), terceiro colocado nas pesquisas eleitorais, e outros pr\u00e9-candidatos de partidos de esquerda s\u00e3o contra a privatiza\u00e7\u00e3o dessas companhias.<\/p>\n<p><strong><a href=\"https:\/\/www.brasildefato.com.br\/2022\/01\/28\/refinaria-privatizada-aumenta-precos-de-gasolina-e-diesel-mais-do-que-petrobras\" target=\"_blank\" rel=\"noopener noreferrer\">:: Refinaria privatizada aumenta mais os pre\u00e7os de gasolina e diesel ::<\/a><\/strong><\/p>\n<p><strong>Fonte: Brasil de Fato<\/strong><\/p>\n","protected":false},"excerpt":{"rendered":"<p>O aumento do combust\u00edvel, da conta de luz e a falta de recursos para pol\u00edticas p\u00fablicas colocaram as empresas estatais no centro do debate eleitoral. Afinal, para resolver esses problemas, \u00e9 melhor vender as companhias controladas pelo governo ou mant\u00ea-las para tentar us\u00e1-las como solu\u00e7\u00e3o? Os dois pr\u00e9-candidatos a presidente que lideram com folga as [&hellip;]<\/p>\n","protected":false},"author":2,"featured_media":12591,"comment_status":"","ping_status":"","sticky":false,"template":"","format":"standard","meta":{"footnotes":""},"categories":[3],"tags":[],"class_list":["post-12592","post","type-post","status-publish","format-standard","has-post-thumbnail","hentry","category-noticias"],"_links":{"self":[{"href":"https:\/\/hostnetart.com.br\/baixada\/wp-json\/wp\/v2\/posts\/12592","targetHints":{"allow":["GET"]}}],"collection":[{"href":"https:\/\/hostnetart.com.br\/baixada\/wp-json\/wp\/v2\/posts"}],"about":[{"href":"https:\/\/hostnetart.com.br\/baixada\/wp-json\/wp\/v2\/types\/post"}],"author":[{"embeddable":true,"href":"https:\/\/hostnetart.com.br\/baixada\/wp-json\/wp\/v2\/users\/2"}],"replies":[{"embeddable":true,"href":"https:\/\/hostnetart.com.br\/baixada\/wp-json\/wp\/v2\/comments?post=12592"}],"version-history":[{"count":0,"href":"https:\/\/hostnetart.com.br\/baixada\/wp-json\/wp\/v2\/posts\/12592\/revisions"}],"wp:featuredmedia":[{"embeddable":true,"href":"https:\/\/hostnetart.com.br\/baixada\/wp-json\/wp\/v2\/media\/12591"}],"wp:attachment":[{"href":"https:\/\/hostnetart.com.br\/baixada\/wp-json\/wp\/v2\/media?parent=12592"}],"wp:term":[{"taxonomy":"category","embeddable":true,"href":"https:\/\/hostnetart.com.br\/baixada\/wp-json\/wp\/v2\/categories?post=12592"},{"taxonomy":"post_tag","embeddable":true,"href":"https:\/\/hostnetart.com.br\/baixada\/wp-json\/wp\/v2\/tags?post=12592"}],"curies":[{"name":"wp","href":"https:\/\/api.w.org\/{rel}","templated":true}]}}