{"id":12590,"date":"2022-05-31T03:17:49","date_gmt":"2022-05-31T06:17:49","guid":{"rendered":"https:\/\/hostnetart.com.br\/baixada\/media-movel-de-casos-de-covid-19-tem-aumento-70-em-uma-semana\/"},"modified":"2022-05-31T03:17:49","modified_gmt":"2022-05-31T06:17:49","slug":"media-movel-de-casos-de-covid-19-tem-aumento-70-em-uma-semana","status":"publish","type":"post","link":"https:\/\/hostnetart.com.br\/baixada\/media-movel-de-casos-de-covid-19-tem-aumento-70-em-uma-semana\/","title":{"rendered":"M\u00e9dia m\u00f3vel de casos de covid-19 tem aumento 70% em uma semana"},"content":{"rendered":"<p>O Brasil registrou nesta segunda-feira (30) 63 mortes e 24.082 casos de covid-19 nas \u00faltimas 24 horas, de acordo com o Conselho Nacional de Secret\u00e1rios de Sa\u00fade (<a href=\"https:\/\/www.cnnbrasil.com.br\/tudo-sobre\/conselho-nacional-de-secretarios-de-saude-conass\/\">Conass<\/a>). A m\u00e9dia m\u00f3vel calculada em sete dias ficou em 24.809 novos casos, aumento de 70% em uma semana. Al\u00e9m disso, \u00e9 a maior marca desde 31 de mar\u00e7o, quando estava em 25.745. J\u00e1 m\u00e9dia m\u00f3vel de \u00f3bitos, que ficou em 121, registrou alta de 24,7% em uma semana.<\/p>\n<p>Al\u00e9m disso, a taxa de transmiss\u00e3o da covid-19 no pa\u00eds est\u00e1 em 1,42. Significa que cada 100 pessoas infectadas transmitem a doen\u00e7a para 142. Conforme estimativa da plataforma\u00a0<a href=\"https:\/\/www.spcovid.net.br\/\" target=\"_blank\" rel=\"noopener noreferrer\">Info Tracker<\/a>\u00a0(USP\/Unesp), essa taxa deve chegar a 1,57 na pr\u00f3xima segunda-feira (6), o que indica que a transmiss\u00e3o est\u00e1 acelerando.<\/p>\n<p>S\u00e3o diversos os fatores que explicam essa novo aumento de casos de covid. Em primeiro lugar, especialistas destacam que foi precipitada a decis\u00e3o de\u00a0<a href=\"https:\/\/www.redebrasilatual.com.br\/saude-e-ciencia\/2022\/05\/aumento-nos-casos-de-covid-prova-que-flexibilizacao-da-pandemia-foi-precipitada\/\" target=\"_blank\" rel=\"noopener noreferrer\">flexibilizar as medidas de seguran\u00e7a sanit\u00e1ria<\/a>, principalmente a libera\u00e7\u00e3o do uso de m\u00e1scaras em locais fechados. Al\u00e9m disso, com a chegada das baixas temperaturas, o risco de transmiss\u00e3o aumenta, na medida em que as pessoas tendem a reduzir a circula\u00e7\u00e3o de ar nos ambientes.<\/p>\n<h3>Estagna\u00e7\u00e3o da vacina\u00e7\u00e3o<\/h3>\n<p>Outro fator \u00e9 a estagna\u00e7\u00e3o da cobertura vacinal no Brasil. Recentemente, o Observat\u00f3rio Covid-19, da Funda\u00e7\u00e3o Oswaldo Cruz (Fiocruz), alertou que, desde o final de fevereiro, o avan\u00e7o da vacina\u00e7\u00e3o passa pelo seu\u00a0<a href=\"https:\/\/www.redebrasilatual.com.br\/saude-e-ciencia\/2022\/05\/cobertura-vacinal-contra-covid-19-esta-estagnada-no-brasil-alerta-fiocruz\/\" target=\"_blank\" rel=\"noopener noreferrer\">\u201cpior desempenho\u201d<\/a>. O principal desafio atualmente \u00e9 ampliar a imuniza\u00e7\u00e3o das\u00a0<a href=\"https:\/\/www.redebrasilatual.com.br\/saude-e-ciencia\/2021\/12\/vacinacao-criancas-segura-cientistas\/\" target=\"_blank\" rel=\"noopener noreferrer\">crian\u00e7as de 5 a 11 anos<\/a>.<\/p>\n<p>Por outro lado, a curva de cobertura da terceira dose vem desacelerando. At\u00e9 o momento, pouco mais da metade da popula\u00e7\u00e3o (56,39%) com 18 ou mais tomou a dose de refor\u00e7o. O que significa que a outra metade est\u00e1 especialmente vulner\u00e1vel ao cont\u00e1gio pela\u00a0<a href=\"https:\/\/www.redebrasilatual.com.br\/saude-e-ciencia\/2022\/01\/todos-precisam-da-3a-dose-para-se-proteger-da-variante-omicron-e-desfiles-de-carnaval-tem-de-ser-cancelados\/\" target=\"_blank\" rel=\"noopener noreferrer\">variante \u00f4micron<\/a>, capaz de escapar da prote\u00e7\u00e3o conferida por apenas duas doses dos imunizantes. Al\u00e9m disso, as vacinas tamb\u00e9m perdem efic\u00e1cia ao longo do tempo.<\/p>\n<h3>Alerta<\/h3>\n<p>\u201cOutra onda de covid e \u00e9 bom lembrar que m\u00e1scara funciona\u201d, alertou o bi\u00f3logo e divulgador cient\u00edfico\u00a0\u00c1tila Iamarino. Pelas redes sociais, ele destacou um estudo do Centro de Controle de Doen\u00e7as (CDC) dos Estados Unidos indicando que as\u00a0<a href=\"https:\/\/www.redebrasilatual.com.br\/saude-e-ciencia\/2022\/01\/com-avanco-da-omicron-cresce-importancia-de-mascaras-de-alta-protecao\/\" target=\"_blank\" rel=\"noopener noreferrer\">m\u00e1scaras de alta prote\u00e7\u00e3o<\/a>\u00a0\u2013 N95\/PFF2 \u2013 reduzem em at\u00e9 83% as chances de contamina\u00e7\u00e3o pela covid-19. M\u00e1scaras cir\u00fargicas e de pano tiveram 66% e 56%, respectivamente, de efetividade na preven\u00e7\u00e3o do cont\u00e1gio.<\/p>\n<p>\u201cLembrando que a m\u00e1scara n\u00e3o s\u00f3 diminui a chance de pegar, como (reduz) a quantidade de v\u00edrus com a qual entramos em contato. Ou seja, voc\u00ea tem menos chances de pegar e, se pegar, pode ser uma covid mais leve, gra\u00e7as \u00e0 mascara\u201d,\u00a0<a href=\"https:\/\/twitter.com\/oatila\/status\/1531331351625990145\" target=\"_blank\" rel=\"noopener noreferrer\">tuitou<\/a>\u00a0o especialista.<\/p>\n<p><strong>Fonte: Rede Brasil Atual<\/strong><\/p>\n","protected":false},"excerpt":{"rendered":"<p>O Brasil registrou nesta segunda-feira (30) 63 mortes e 24.082 casos de covid-19 nas \u00faltimas 24 horas, de acordo com o Conselho Nacional de Secret\u00e1rios de Sa\u00fade (Conass). A m\u00e9dia m\u00f3vel calculada em sete dias ficou em 24.809 novos casos, aumento de 70% em uma semana. Al\u00e9m disso, \u00e9 a maior marca desde 31 de [&hellip;]<\/p>\n","protected":false},"author":2,"featured_media":12589,"comment_status":"","ping_status":"","sticky":false,"template":"","format":"standard","meta":{"footnotes":""},"categories":[3],"tags":[],"class_list":["post-12590","post","type-post","status-publish","format-standard","has-post-thumbnail","hentry","category-noticias"],"_links":{"self":[{"href":"https:\/\/hostnetart.com.br\/baixada\/wp-json\/wp\/v2\/posts\/12590","targetHints":{"allow":["GET"]}}],"collection":[{"href":"https:\/\/hostnetart.com.br\/baixada\/wp-json\/wp\/v2\/posts"}],"about":[{"href":"https:\/\/hostnetart.com.br\/baixada\/wp-json\/wp\/v2\/types\/post"}],"author":[{"embeddable":true,"href":"https:\/\/hostnetart.com.br\/baixada\/wp-json\/wp\/v2\/users\/2"}],"replies":[{"embeddable":true,"href":"https:\/\/hostnetart.com.br\/baixada\/wp-json\/wp\/v2\/comments?post=12590"}],"version-history":[{"count":0,"href":"https:\/\/hostnetart.com.br\/baixada\/wp-json\/wp\/v2\/posts\/12590\/revisions"}],"wp:featuredmedia":[{"embeddable":true,"href":"https:\/\/hostnetart.com.br\/baixada\/wp-json\/wp\/v2\/media\/12589"}],"wp:attachment":[{"href":"https:\/\/hostnetart.com.br\/baixada\/wp-json\/wp\/v2\/media?parent=12590"}],"wp:term":[{"taxonomy":"category","embeddable":true,"href":"https:\/\/hostnetart.com.br\/baixada\/wp-json\/wp\/v2\/categories?post=12590"},{"taxonomy":"post_tag","embeddable":true,"href":"https:\/\/hostnetart.com.br\/baixada\/wp-json\/wp\/v2\/tags?post=12590"}],"curies":[{"name":"wp","href":"https:\/\/api.w.org\/{rel}","templated":true}]}}