{"id":12588,"date":"2022-05-31T03:14:29","date_gmt":"2022-05-31T06:14:29","guid":{"rendered":"https:\/\/hostnetart.com.br\/baixada\/encerrada-primeira-fase-da-campanha-dos-bancarios\/"},"modified":"2022-05-31T03:14:29","modified_gmt":"2022-05-31T06:14:29","slug":"encerrada-primeira-fase-da-campanha-dos-bancarios","status":"publish","type":"post","link":"https:\/\/hostnetart.com.br\/baixada\/encerrada-primeira-fase-da-campanha-dos-bancarios\/","title":{"rendered":"Encerrada primeira fase da campanha dos banc\u00e1rios"},"content":{"rendered":"<div class=\"elementor-element elementor-element-194680ec elementor-widget elementor-widget-theme-post-content\" data-id=\"194680ec\" data-element_type=\"widget\" data-widget_type=\"theme-post-content.default\">\n<div class=\"elementor-widget-container\">\n<p>Banc\u00e1rios de\u00a0<a href=\"http:\/\/fetecsp.org.br\/Midias\/NoticiaEmCimaDaHora\/5003\/conferencia-estadual-da-fetecsp-elege-delegacao-e-aprova-propostas-para-conferen\" target=\"_blank\" rel=\"noopener noreferrer\">S\u00e3o Paulo<\/a>,\u00a0<a href=\"https:\/\/feeb-spms.org.br\/feeb-sp-ms-apresenta-propostas-para-a-24a-conferencia-nacional-dos-bancarios\/\" target=\"_blank\" rel=\"noopener noreferrer\">Mato Grosso do Sul<\/a>,\u00a0<a href=\"https:\/\/www.fetecpr.org.br\/2022\/05\/30\/conferencia-estadual-da-fetec-define-a-pauta-de-reivindicacoes-a-serem-levadas-para-a-contraf\/\" target=\"_blank\" rel=\"noopener noreferrer\">Paran\u00e1<\/a>,\u00a0<a href=\"http:\/\/www.feteccn.com.br\/federacao-centro-norte\/15a-conferencia-da-fetec-cutcn-aprova-propostas-e-delegados-para-a-conferencia-nacional\/\" target=\"_blank\" rel=\"noopener noreferrer\">Centro Norte<\/a>\u00a0do pa\u00eds,\u00a0<a href=\"https:\/\/fetrafrjes.org.br\/fetraf-rj-es-realiza-24a-conferencia-interestadual-dos-bancarios-e-das-bancarias-no-dia-28-de-maio\/\" target=\"_blank\" rel=\"noopener noreferrer\">Rio de Janeiro, Esp\u00edrito Santo<\/a>\u00a0e\u00a0<a href=\"https:\/\/www.fetrafisc.org\/post\/%C3%BAltimo-dia-de-confer%C3%AAncia-estadual-ratifica-delegados-para-congresso-nacional-da-contraf\" target=\"_blank\" rel=\"noopener noreferrer\">Santa Catarina<\/a>\u00a0realizaram neste final de semana (de quinta-feira, 26, a domingo, 29) confer\u00eancias locais para debater sobre quest\u00f5es que afetam o dia a dia de trabalho das banc\u00e1rias e banc\u00e1rios.<\/p>\n<p>Al\u00e9m das confer\u00eancias, tamb\u00e9m ocorreram no final de semana duas atividades nacionais de funcion\u00e1rios de bancos. Na quinta-feira (26), ocorreu o Encontro Nacional dos Funcion\u00e1rios do Banco\u00a0<a href=\"https:\/\/contrafcut.com.br\/noticias\/funcionarios-do-mercantil-aprovam-pauta-de-reivindicacoes-e-plano-de-luta\" target=\"_blank\" rel=\"noopener noreferrer\">Mercantil do Brasil<\/a>\u00a0e na sexta-feira (27) e s\u00e1bado (28) ocorreu o 14\u00ba Congresso Nacional dos Empregados do\u00a0<a href=\"https:\/\/bancariospa.org.br\/rumo-a-conferencia-14o-congresso-nacional-do-basa-define-prioridades-e-fortalece-a-campanha-nacional\/\" target=\"_blank\" rel=\"noopener noreferrer\">Banco da Amaz\u00f4nia<\/a>.<\/p>\n<p>As resolu\u00e7\u00f5es ser\u00e3o somadas \u00e0s das\u00a0<a href=\"https:\/\/contrafcut.com.br\/noticias\/debates-sobre-campanha-dos-bancarios-comecam-em-todo-pais\/\" target=\"_blank\" rel=\"noopener noreferrer\">demais confer\u00eancias<\/a>\u00a0e encontros espec\u00edficos e aos resultados que ser\u00e3o compilados a partir da\u00a0<a href=\"https:\/\/contrafcut.com.br\/noticias\/consulta-nacional-ajuda-a-definir-reivindicacoes-dos-bancarios\" target=\"_blank\" rel=\"noopener noreferrer\">Consulta Nacional<\/a>, que est\u00e1 sendo respondida em todo o pa\u00eds at\u00e9 a pr\u00f3xima sexta-feira, 3 de junho.<\/p>\n<h3><strong>Encontros nacionais<\/strong><\/h3>\n<p>Ap\u00f3s as confer\u00eancias, ser\u00e3o realizados os encontros dos trabalhadores de bancos p\u00fablicos e bancos privados, que levantam pontos e reivindica\u00e7\u00f5es espec\u00edficas de cada institui\u00e7\u00e3o.<\/p>\n<p>\u201cNossa campanha \u00e9 constru\u00edda em conjunto. Por meio da Consulta Nacional, cada banc\u00e1ria e cada banc\u00e1rio pode participar da defini\u00e7\u00e3o das nossas prioridades e, tanto as confer\u00eancias estaduais e regionais, quanto os encontros espec\u00edficos de trabalhadores de bancos p\u00fablicos e bancos privados s\u00e3o momentos fundamentais para que os resultados reflitam os reais anseios de toda a categoria\u201d, disse a presidenta da Confedera\u00e7\u00e3o Nacional dos Trabalhadores do Ramo Financeiro (Contraf-CUT) e coordenadora do Comando Nacional dos Banc\u00e1rios, Juvandia Moreira.<\/p>\n<p>O processo de defini\u00e7\u00e3o das prioridades da Campanha Nacional dos Banc\u00e1rios se encerra com a\u00a0<a href=\"https:\/\/contrafcut.com.br\/noticias\/conferencia-nacional-dos-bancarios-e-encontros-de-bancos-publicos-e-privados-tem-novas-datas\" target=\"_blank\" rel=\"noopener noreferrer\">Confer\u00eancia Nacional<\/a>, que ser\u00e1 realizada nos dias 10 a 12 de junho.<\/p>\n<h3><strong>Veja abaixo o calend\u00e1rio<\/strong><\/h3>\n<figure class=\"wp-block-table\">\n<table>\n<tbody>\n<tr>\n<td><strong>ENCONTROS E CONFER\u00caNCIAS ESTADUAIS E REGIONAIS<\/strong><\/td>\n<td>\u00a0<\/td>\n<\/tr>\n<tr>\n<td>Confer\u00eancia Estadual dos Banc\u00e1rios do Par\u00e1<\/td>\n<td>13 e 14\/05\/2022<\/td>\n<\/tr>\n<tr>\n<td>37\u00ba Encontro Estadual dos Banc\u00e1rios do Piau\u00ed<\/td>\n<td>14\/05\/2022<\/td>\n<\/tr>\n<tr>\n<td>24\u00aa Confer\u00eancia Estadual de Banc\u00e1rios(as)da Fetrafi RS<\/td>\n<td>14\/05\/2022<\/td>\n<\/tr>\n<tr>\n<td>FEEB Bahia e Sergipe<\/td>\n<td>14\/05\/2022<\/td>\n<\/tr>\n<tr>\n<td>Encontro Estadual dos Banc\u00e1rios de Pernambuco 2022<\/td>\n<td>18\/05\/2022<\/td>\n<\/tr>\n<tr>\n<td>Fetrafi Minas Gerais<\/td>\n<td>20, 21 e 22\/05\/2022<\/td>\n<\/tr>\n<tr>\n<td>Federa Rio de Janeiro<\/td>\n<td>21\/05\/2022<\/td>\n<\/tr>\n<tr>\n<td>Congresso Estadual dos Banc\u00e1rios de Rond\u00f4nia<\/td>\n<td>21\/05\/2022<\/td>\n<\/tr>\n<tr>\n<td>FEEB S\u00e3o Paulo e Mato Grosso do Sul<\/td>\n<td>26\/05\/2022<\/td>\n<\/tr>\n<tr>\n<td>Fetrafi Nordeste<\/td>\n<td>27, 28 e 29\/05\/2022<\/td>\n<\/tr>\n<tr>\n<td>Fetec Paran\u00e1<\/td>\n<td>27 e 28\/05\/2022<\/td>\n<\/tr>\n<tr>\n<td>15\u00aa Confer\u00eancia Regional da Fetec Centro Norte<\/td>\n<td>28\/05\/2022<\/td>\n<\/tr>\n<tr>\n<td>Fetraf Rio de Janeiro e Esp\u00edrito Santo<\/td>\n<td>28\/05\/2022<\/td>\n<\/tr>\n<tr>\n<td>Fetrafi Santa Catarina<\/td>\n<td>28 e 29\/05\/2022<\/td>\n<\/tr>\n<tr>\n<td>Fetec S\u00e3o Paulo<\/td>\n<td>28\/05\/2022<\/td>\n<\/tr>\n<tr>\n<td>\u00a0<\/td>\n<td>\u00a0<\/td>\n<td>\u00a0<\/td>\n<\/tr>\n<\/tbody>\n<\/table>\n<\/figure>\n<figure class=\"wp-block-table\">\n<table>\n<tbody>\n<tr>\n<td><strong>ENCONTROS NACIONAIS DE TRABALHADORES DE BANCOS P\u00daBLICOS E DE BANCOS PRIVADOS<\/strong><\/td>\n<\/tr>\n<tr>\n<td>14\u00ba CNEBASA<\/td>\n<td>27 e 28\/05\/2022<\/td>\n<td>\u00a0<\/td>\n<\/tr>\n<tr>\n<td>Encontro Nacional dos Funcion\u00e1rios do BMB<\/td>\n<td>26\/05\/2022<\/td>\n<td>\u00a0<\/td>\n<\/tr>\n<tr>\n<td>28\u00ba CNFBNB<\/td>\n<td>03 e 04\/06\/2022<\/td>\n<td>\u00a0<\/td>\n<\/tr>\n<tr>\n<td>Encontro Nacional dos Funcion\u00e1rios do Banco Bradesco<\/td>\n<td>09\/06\/2022<\/td>\n<td>\u00a0<\/td>\n<\/tr>\n<tr>\n<td>Encontro Nacional dos Funcion\u00e1rios do Banco Santander<\/td>\n<td>09\/06\/2022<\/td>\n<td>\u00a0<\/td>\n<\/tr>\n<tr>\n<td>Encontro Nacional dos Funcion\u00e1rios do Ita\u00fa-Unibanco<\/td>\n<td>09\/06\/2022<\/td>\n<td>\u00a0<\/td>\n<\/tr>\n<tr>\n<td>38\u00ba CONECEF<\/td>\n<td>08, 09 e 10\/06\/2022<\/td>\n<td>\u00a0<\/td>\n<\/tr>\n<tr>\n<td>33\u00ba CNFBB<\/td>\n<td>08, 09 e 10\/06\/2022<\/td>\n<td>\u00a0<\/td>\n<\/tr>\n<tr>\n<td>BNDES<\/td>\n<td>A definir<\/td>\n<td>\u00a0<\/td>\n<\/tr>\n<\/tbody>\n<\/table>\n<\/figure>\n<\/div>\n<\/div>\n<div class=\"elementor-element elementor-element-76b46e1 elementor-widget elementor-widget-post-info\" data-id=\"76b46e1\" data-element_type=\"widget\" data-widget_type=\"post-info.default\">\n<div class=\"elementor-widget-container\">\n<p><strong><span class=\"elementor-icon-list-text elementor-post-info__item elementor-post-info__item--type-terms\"><span class=\"elementor-post-info__terms-list\">Fonte: Contraf-CUT<\/span><\/span><\/strong><\/p>\n<\/div>\n<\/div>\n","protected":false},"excerpt":{"rendered":"<p>Banc\u00e1rios de\u00a0S\u00e3o Paulo,\u00a0Mato Grosso do Sul,\u00a0Paran\u00e1,\u00a0Centro Norte\u00a0do pa\u00eds,\u00a0Rio de Janeiro, Esp\u00edrito Santo\u00a0e\u00a0Santa Catarina\u00a0realizaram neste final de semana (de quinta-feira, 26, a domingo, 29) confer\u00eancias locais para debater sobre quest\u00f5es que afetam o dia a dia de trabalho das banc\u00e1rias e banc\u00e1rios. Al\u00e9m das confer\u00eancias, tamb\u00e9m ocorreram no final de semana duas atividades nacionais de funcion\u00e1rios [&hellip;]<\/p>\n","protected":false},"author":2,"featured_media":12587,"comment_status":"","ping_status":"","sticky":false,"template":"","format":"standard","meta":{"footnotes":""},"categories":[3],"tags":[],"class_list":["post-12588","post","type-post","status-publish","format-standard","has-post-thumbnail","hentry","category-noticias"],"_links":{"self":[{"href":"https:\/\/hostnetart.com.br\/baixada\/wp-json\/wp\/v2\/posts\/12588","targetHints":{"allow":["GET"]}}],"collection":[{"href":"https:\/\/hostnetart.com.br\/baixada\/wp-json\/wp\/v2\/posts"}],"about":[{"href":"https:\/\/hostnetart.com.br\/baixada\/wp-json\/wp\/v2\/types\/post"}],"author":[{"embeddable":true,"href":"https:\/\/hostnetart.com.br\/baixada\/wp-json\/wp\/v2\/users\/2"}],"replies":[{"embeddable":true,"href":"https:\/\/hostnetart.com.br\/baixada\/wp-json\/wp\/v2\/comments?post=12588"}],"version-history":[{"count":0,"href":"https:\/\/hostnetart.com.br\/baixada\/wp-json\/wp\/v2\/posts\/12588\/revisions"}],"wp:featuredmedia":[{"embeddable":true,"href":"https:\/\/hostnetart.com.br\/baixada\/wp-json\/wp\/v2\/media\/12587"}],"wp:attachment":[{"href":"https:\/\/hostnetart.com.br\/baixada\/wp-json\/wp\/v2\/media?parent=12588"}],"wp:term":[{"taxonomy":"category","embeddable":true,"href":"https:\/\/hostnetart.com.br\/baixada\/wp-json\/wp\/v2\/categories?post=12588"},{"taxonomy":"post_tag","embeddable":true,"href":"https:\/\/hostnetart.com.br\/baixada\/wp-json\/wp\/v2\/tags?post=12588"}],"curies":[{"name":"wp","href":"https:\/\/api.w.org\/{rel}","templated":true}]}}