{"id":12586,"date":"2022-05-30T17:35:42","date_gmt":"2022-05-30T20:35:42","guid":{"rendered":"https:\/\/hostnetart.com.br\/baixada\/coe-cobra-o-fim-do-fechamento-de-agencias-e-demissoes-no-itau\/"},"modified":"2022-05-30T17:35:42","modified_gmt":"2022-05-30T20:35:42","slug":"coe-cobra-o-fim-do-fechamento-de-agencias-e-demissoes-no-itau","status":"publish","type":"post","link":"https:\/\/hostnetart.com.br\/baixada\/coe-cobra-o-fim-do-fechamento-de-agencias-e-demissoes-no-itau\/","title":{"rendered":"COE cobra o fim do fechamento de ag\u00eancias e demiss\u00f5es no Ita\u00fa"},"content":{"rendered":"<p>A Comiss\u00e3o de Organiza\u00e7\u00e3o dos Empregados (COE) do Ita\u00fa cobrou na tarde desta sexta-feira (27) o fim do fechamento de ag\u00eancias. Para os representantes dos trabalhadores, esse processo tem culminado em demiss\u00f5es, sobrecarga de trabalho e, consequente, adoecimento para os trabalhadores que ficam. O movimento sindical tamb\u00e9m apontou o preju\u00edzo aos clientes, que ficam com atendimento prec\u00e1rio.<\/p>\n<p>Neste ano, j\u00e1 foram encerradas 211 ag\u00eancias, 108 delas s\u00f3 em S\u00e3o Paulo. \u201cO n\u00famero de fechamentos de ag\u00eancias informado por eles \u00e9 assustador. Mas, n\u00f3s acreditamos que a realidade \u00e9 ainda pior e ela n\u00e3o se justifica, j\u00e1 que o lucro do banco em 2021 teve um salto de 45% em rela\u00e7\u00e3o a 2020, segundo o pr\u00f3prio balan\u00e7o do Ita\u00fa, o que lhe garantiu um lucro de R$ 26,9 bilh\u00f5es. Est\u00e1 na hora de o banco ter responsabilidade social, com seus funcion\u00e1rios e com toda da popula\u00e7\u00e3o. Chega de demiss\u00f5es\u201d, afirmou Jair Alves, coordenador da COE.<\/p>\n<p>O movimento sindical reivindicou ainda acompanhar o processo de realoca\u00e7\u00e3o dos funcion\u00e1rios das ag\u00eancias fechadas dentro do banco.<\/p>\n<h3>Banco de horas negativas<\/h3>\n<p>Os representantes do Ita\u00fa apresentaram a situa\u00e7\u00e3o atual do banco de horas negativas. As partes acertaram prorrogar o prazo por mais seis meses, com final at\u00e9 28 de fevereiro de 2023, o limite para a compensa\u00e7\u00e3o. O banco se comprometeu a voltar a negociar a situa\u00e7\u00e3o de alguns trabalhadores, principalmente os de oito horas, que n\u00e3o conseguirem compensar.<\/p>\n<p><strong>Fonte: Contraf-CUT<\/strong><\/p>\n","protected":false},"excerpt":{"rendered":"<p>A Comiss\u00e3o de Organiza\u00e7\u00e3o dos Empregados (COE) do Ita\u00fa cobrou na tarde desta sexta-feira (27) o fim do fechamento de ag\u00eancias. Para os representantes dos trabalhadores, esse processo tem culminado em demiss\u00f5es, sobrecarga de trabalho e, consequente, adoecimento para os trabalhadores que ficam. O movimento sindical tamb\u00e9m apontou o preju\u00edzo aos clientes, que ficam com [&hellip;]<\/p>\n","protected":false},"author":2,"featured_media":12585,"comment_status":"","ping_status":"","sticky":false,"template":"","format":"standard","meta":{"footnotes":""},"categories":[3],"tags":[],"class_list":["post-12586","post","type-post","status-publish","format-standard","has-post-thumbnail","hentry","category-noticias"],"_links":{"self":[{"href":"https:\/\/hostnetart.com.br\/baixada\/wp-json\/wp\/v2\/posts\/12586","targetHints":{"allow":["GET"]}}],"collection":[{"href":"https:\/\/hostnetart.com.br\/baixada\/wp-json\/wp\/v2\/posts"}],"about":[{"href":"https:\/\/hostnetart.com.br\/baixada\/wp-json\/wp\/v2\/types\/post"}],"author":[{"embeddable":true,"href":"https:\/\/hostnetart.com.br\/baixada\/wp-json\/wp\/v2\/users\/2"}],"replies":[{"embeddable":true,"href":"https:\/\/hostnetart.com.br\/baixada\/wp-json\/wp\/v2\/comments?post=12586"}],"version-history":[{"count":0,"href":"https:\/\/hostnetart.com.br\/baixada\/wp-json\/wp\/v2\/posts\/12586\/revisions"}],"wp:featuredmedia":[{"embeddable":true,"href":"https:\/\/hostnetart.com.br\/baixada\/wp-json\/wp\/v2\/media\/12585"}],"wp:attachment":[{"href":"https:\/\/hostnetart.com.br\/baixada\/wp-json\/wp\/v2\/media?parent=12586"}],"wp:term":[{"taxonomy":"category","embeddable":true,"href":"https:\/\/hostnetart.com.br\/baixada\/wp-json\/wp\/v2\/categories?post=12586"},{"taxonomy":"post_tag","embeddable":true,"href":"https:\/\/hostnetart.com.br\/baixada\/wp-json\/wp\/v2\/tags?post=12586"}],"curies":[{"name":"wp","href":"https:\/\/api.w.org\/{rel}","templated":true}]}}