{"id":12584,"date":"2022-05-30T17:33:45","date_gmt":"2022-05-30T20:33:45","guid":{"rendered":"https:\/\/hostnetart.com.br\/baixada\/24-conferencia-interestadual-dos-bancarios-e-das-bancarias-tem-participacao-expressiva-da-categoria\/"},"modified":"2022-05-30T17:33:45","modified_gmt":"2022-05-30T20:33:45","slug":"24-conferencia-interestadual-dos-bancarios-e-das-bancarias-tem-participacao-expressiva-da-categoria","status":"publish","type":"post","link":"https:\/\/hostnetart.com.br\/baixada\/24-conferencia-interestadual-dos-bancarios-e-das-bancarias-tem-participacao-expressiva-da-categoria\/","title":{"rendered":"24\u00aa Confer\u00eancia Interestadual dos Banc\u00e1rios e das Banc\u00e1rias tem participa\u00e7\u00e3o expressiva da categoria"},"content":{"rendered":"<p>Neste s\u00e1bado, 28 de maio, a\u00a0Federac\u0327a\u0303o dos Trabalhadores do Ramo Financeiro dos Estados do Rio de Janeiro e Espi\u0301rito Santo (Fetraf RJ\/ES) realizou a\u00a0<strong>24\u00aa Confer\u00eancia Interestadual dos Banc\u00e1rios e das Banc\u00e1rias<\/strong>.<\/p>\n<p>O evento, que ocorreu de forma virtual, teve uma participa\u00e7\u00e3o expressiva de banc\u00e1rios e banc\u00e1rias da base da Fetraf RJ\/ES, e\u00a0contou com Marcelo Freixo (Deputado Federal e pr\u00e9-candidato ao Governo do Estado do Rio de Janeiro), Mauro Salles (Secret\u00e1rio de Sa\u00fade da Contraf-CUT) e\u00a0Fernando Benfica (T\u00e9cnico do Dieese\/RJ e Doutorando em Economia na UFF), como convidados.<\/p>\n<p>O Sindicato dos Banc\u00e1rios da Baixada Fluminense \u00e9 filiado \u00e0 Fetraf RJ\/ES.<\/p>\n<p>CONFER\u00caNCIA NACIONAL<\/p>\n<p>Na 24\u00aa Confer\u00eancia Interestadual dos Banc\u00e1rios e das Banc\u00e1rias foram definidas as prioridades e propostas que ser\u00e3o levadas para a Confer\u00eancia Nacional, que ser\u00e1 realizada nos dias 10 a 12 de junho. Tamb\u00e9m foram eleitos os delegados e delegadas que ir\u00e3o representar a Fetraf RJ\/ES no evento.<\/p>\n<p>O EVENTO<\/p>\n<p>A Confer\u00eancia come\u00e7ou com Nilton Dami\u00e3o Esperan\u00e7a, Presidente da Fetraf RJ\/ES, fazendo uma sauda\u00e7\u00e3o \u00e0 todas e todos os presentes e falando da import\u00e2ncia de um evento grandioso, que faz jus ao tamanho e for\u00e7a da Federa\u00e7\u00e3o.<\/p>\n<p>Em seguida, a palavra foi passada para Juvandia Moreira, Presidenta da Confedera\u00e7\u00e3o Nacional dos Trabalhadores do Ramo Financeiro (Contraf\/CUT). Juvandia disse que o ano de 2022 \u00e9 decisivo para a vida de todos os brasileiros. Citou a import\u00e2ncia da campanha nacional, mas que a principal campanha ser\u00e1 a derrubada de Jair Bolsonaro da presid\u00eancia da rep\u00fablica. \u201cO restabelecimento da democracia \u00e9 fundamental\u201d, disse ela, que tamb\u00e9m espera que a categoria banc\u00e1ria saia vitoriosa nas negocia\u00e7\u00f5es com os bancos.<\/p>\n<p>Claudio Mer\u00e7on Vieira (Cacau), diretor do Sindicato dos Banc\u00e1rios do Esp\u00edrito Santo, tamb\u00e9m fez sua sauda\u00e7\u00e3o. Ele substituiu Idelmar Casagrande, inicialmente escalado para falar. Cacau disse que \u00e9 urgente derrubar o governo Bolsonaro. Emocionado, citou o papel fundamental que os movimentos sociais e a popula\u00e7\u00e3o em geral tem ao ocupar as ruas.<\/p>\n<p>Depois foi a vez de Sandro Cezar (Sandr\u00e3o), Presidente da CUT-Rio, fazer sua sauda\u00e7\u00e3o aos presentes. Citou a categoria banc\u00e1ria como uma categoria que deveria servir de exemplo para as demais, visto seu poder de mobiliza\u00e7\u00e3o. \u201c\u00c9 um orgulho participar deste evento e um orgulho maior ter a Fetraf RJ\/ES como entidade parceira da CUT.\u201d, disse Sandr\u00e3o.<\/p>\n<p>Logo ap\u00f3s, foram exibidos v\u00eddeos de pol\u00edticos do Rio de Janeiro e do Esp\u00edrito Santo, desejando um bom evento e parabenizando a Federa\u00e7\u00e3o. Enviaram suas sauda\u00e7\u00f5es: Jos\u00e9 Maria Rangel, Reimont, Gilbertinho Campos, Glauber Braga e Andr\u00e9 Ceciliano.<\/p>\n<p>O Regimento Interno da\u00a024\u00aa Confer\u00eancia Interestadual dos Banc\u00e1rios e das Banc\u00e1rias foi lido pelo\u00a0Secret\u00e1rio Geral da entidade, Max Bezerra, que, posteriormente, foi aprovado pela grande maioria dos presentes, com apenas um voto contra e nenhuma absten\u00e7\u00e3o.<\/p>\n<p>Depois foi a vez dos representantes dos sete Sindicatos dos Banc\u00e1rios de base da Fetraf RJ\/ES falarem: Rog\u00e9rio Salvador, por Angra dos Reis, Pedro Batista, pela Baixada Fluminense, Hudson Bretas, por Itaperuna, Rita Lima pelo Esp\u00edrito Santo, Paulo Alves, por Maca\u00e9, Max Bezerra e Luiz Gabriel por Nova Fribuergo, e Nilton Dami\u00e3o, por Tr\u00eas Rios.<\/p>\n<p>CONVIDADOS<\/p>\n<p>Marcelo Freixo, Deputado Federal e pr\u00e9-candidato ao Governo do Estado do Rio de Janeiro, um dos convidados do evento, fez sua participa\u00e7\u00e3o em seguida. Citou a import\u00e2ncia da categoria banc\u00e1ria e disse, inclusive, que j\u00e1 foi banc\u00e1rio. Sabendo, de alguma maneira, dos anseios da categoria, que est\u00e1 presente em todos os lugares do Rio de Janeiro e do Brasil. Freixo disse que as elei\u00e7\u00f5es de outubro ser\u00e3o as mais importantes da hist\u00f3ria. E que os banc\u00e1rias e banc\u00e1rios ser\u00e3o decisivos durante o processo eleitoral. \u201cPrecisamos estar em todos os lugares para derrotar o fascismo. A democracia est\u00e1 em jogo\u201d, disse ele.<\/p>\n<p>Ap\u00f3s o parlamentar responder algumas perguntas dos presentes e se despedir, foi exibido o document\u00e1rio \u00b44 contos \u2013 A trag\u00e9dia por tr\u00e1s do lucro\u00b4, produzido pelo Sindicato dos Banc\u00e1rios de Porto Alegre e dirigido por Marcelo Monteiro.<\/p>\n<p>Depois, foi a vez de outro convidado, Mauro Salles, Secret\u00e1rio de Sa\u00fade da Contraf-CUT fazer sua palestra sobre o \u201cContexto da Sa\u00fade dos Banc\u00e1rios e a Campanha Salarial\u201d e abrir para as perguntas.<\/p>\n<p>O \u00faltimo convidado a se apresentar foi Fernando Benfica, T\u00e9cnico do Dieese\/RJ e Doutorando em Economia (UFF), com a palestra\u00a0\u201cCrise pra quem? O alto desempenho dos maiores bancos que operam no Brasil numa economia em frangalhos\u201d.<\/p>\n<p>O Presidente da Fetraf RJ\/ES, Nilton Dami\u00e3o Esperan\u00e7a, fez mais uma inser\u00e7\u00e3o para agradecer a presen\u00e7a e trabalho dos convidados.<\/p>\n<p>Adilma Nunes, Secret\u00e1ria de Forma\u00e7\u00e3o da Federa\u00e7\u00e3o, fez uma fala e deu explica\u00e7\u00f5es sobre a cria\u00e7\u00e3o da Brigadas Digitais. Tamb\u00e9m foi apresentado um v\u00eddeo sobre o assunto.<\/p>\n<p>EMO\u00c7\u00c3O<\/p>\n<p>Um momento de muita emo\u00e7\u00e3o para todas e todos os presentes, foi a leitura do texto \u201cCapacetes e carapu\u00e7as\u201d, de autoria de Fabr\u00edcio Coelho, Diretor do Sindicato dos Banc\u00e1rios do Esp\u00edrito Santo, lido pelo pr\u00f3prio., que retrata a realidade dos tempos dif\u00edceis que estamos vivendo e vivenciando.<\/p>\n<p>PROPOSTAS<\/p>\n<p>O Presidente da Fetraf RJ\/ES, Nilton Dami\u00e3o explicou como seria a din\u00e2mica para a aprova\u00e7\u00e3o da propostas.<\/p>\n<p>Em seguida, as propostas foram lidas e apresentadas para, posteriormente, irem \u00e0 vota\u00e7\u00e3o.<\/p>\n<p>As propostas aprovadas\u00a0ser\u00e3o levadas para a Confer\u00eancia Nacional.<\/p>\n<p>Nilton agradeceu o comprometimento da categoria: \u201cFico muito feliz com o resultado desta Confer\u00eancia. A unidade, palavra que tanto pregamos e falamos, prevaleceu. Pr\u00f3ximo passo \u00e9 a Confer\u00eancia Nacional. Muito obrigado a todas e todos os presentes. Rumo \u00e0 vit\u00f3ria!\u201d<\/p>\n<p><strong>Fonte: Fetraf RJ\/ES<\/strong><\/p>\n","protected":false},"excerpt":{"rendered":"<p>Neste s\u00e1bado, 28 de maio, a\u00a0Federac\u0327a\u0303o dos Trabalhadores do Ramo Financeiro dos Estados do Rio de Janeiro e Espi\u0301rito Santo (Fetraf RJ\/ES) realizou a\u00a024\u00aa Confer\u00eancia Interestadual dos Banc\u00e1rios e das Banc\u00e1rias. O evento, que ocorreu de forma virtual, teve uma participa\u00e7\u00e3o expressiva de banc\u00e1rios e banc\u00e1rias da base da Fetraf RJ\/ES, e\u00a0contou com Marcelo Freixo [&hellip;]<\/p>\n","protected":false},"author":2,"featured_media":12583,"comment_status":"","ping_status":"","sticky":false,"template":"","format":"standard","meta":{"footnotes":""},"categories":[3],"tags":[],"class_list":["post-12584","post","type-post","status-publish","format-standard","has-post-thumbnail","hentry","category-noticias"],"_links":{"self":[{"href":"https:\/\/hostnetart.com.br\/baixada\/wp-json\/wp\/v2\/posts\/12584","targetHints":{"allow":["GET"]}}],"collection":[{"href":"https:\/\/hostnetart.com.br\/baixada\/wp-json\/wp\/v2\/posts"}],"about":[{"href":"https:\/\/hostnetart.com.br\/baixada\/wp-json\/wp\/v2\/types\/post"}],"author":[{"embeddable":true,"href":"https:\/\/hostnetart.com.br\/baixada\/wp-json\/wp\/v2\/users\/2"}],"replies":[{"embeddable":true,"href":"https:\/\/hostnetart.com.br\/baixada\/wp-json\/wp\/v2\/comments?post=12584"}],"version-history":[{"count":0,"href":"https:\/\/hostnetart.com.br\/baixada\/wp-json\/wp\/v2\/posts\/12584\/revisions"}],"wp:featuredmedia":[{"embeddable":true,"href":"https:\/\/hostnetart.com.br\/baixada\/wp-json\/wp\/v2\/media\/12583"}],"wp:attachment":[{"href":"https:\/\/hostnetart.com.br\/baixada\/wp-json\/wp\/v2\/media?parent=12584"}],"wp:term":[{"taxonomy":"category","embeddable":true,"href":"https:\/\/hostnetart.com.br\/baixada\/wp-json\/wp\/v2\/categories?post=12584"},{"taxonomy":"post_tag","embeddable":true,"href":"https:\/\/hostnetart.com.br\/baixada\/wp-json\/wp\/v2\/tags?post=12584"}],"curies":[{"name":"wp","href":"https:\/\/api.w.org\/{rel}","templated":true}]}}