{"id":12582,"date":"2022-05-27T21:15:00","date_gmt":"2022-05-28T00:15:00","guid":{"rendered":"https:\/\/hostnetart.com.br\/baixada\/funcionarios-do-mercantil-aprovam-pauta-de-reivindicacoes-e-plano-de-luta\/"},"modified":"2022-05-27T21:15:00","modified_gmt":"2022-05-28T00:15:00","slug":"funcionarios-do-mercantil-aprovam-pauta-de-reivindicacoes-e-plano-de-luta","status":"publish","type":"post","link":"https:\/\/hostnetart.com.br\/baixada\/funcionarios-do-mercantil-aprovam-pauta-de-reivindicacoes-e-plano-de-luta\/","title":{"rendered":"Funcion\u00e1rios do Mercantil aprovam pauta de reivindica\u00e7\u00f5es e plano de luta"},"content":{"rendered":"<p>Banc\u00e1rias e banc\u00e1rios do Mercantil do Brasil realizaram, na quinta-feira (26), seu Encontro Nacional para definir a pauta de reivindica\u00e7\u00f5es, que ser\u00e1 negociada com o banco, e um plano de luta. O evento h\u00edbrido, com participantes presenciais e de forma remota, ocorreu na sede da Federa\u00e7\u00e3o dos Trabalhadores do Ramo Financeiro de Minas Gerais (Fetrafi-MG), em Belo Horizonte.<\/p>\n<p>Na abertura, o presidente do Sindicato dos Banc\u00e1rios de BH e Regi\u00e3o, Ramon Peres, afirmou que os encontros de banc\u00e1rios refor\u00e7am a organiza\u00e7\u00e3o da categoria, que vem assegurando conquistas h\u00e1 d\u00e9cadas. \u201cEsses encontros nacionais t\u00eam, tamb\u00e9m, a import\u00e2ncia de definir uma estrat\u00e9gia para a nossa Campanha Nacional, que vai ser dura e ocorrer em uma conjuntura em que n\u00e3o h\u00e1 muita defini\u00e7\u00e3o pol\u00edtica e econ\u00f4mica no pa\u00eds. Mas, temos total condi\u00e7\u00e3o de fazer este enfrentamento na defesa das banc\u00e1rias e dos banc\u00e1rios\u201d, destacou.<\/p>\n<h3><strong>Reivindica\u00e7\u00f5es<\/strong><\/h3>\n<p>No encontro, foi constru\u00edda uma minuta de reinvindica\u00e7\u00f5es que dever\u00e1 ser entregue \u00e0 dire\u00e7\u00e3o do Mercantil do Brasil, com os t\u00f3picos: PLR mais justa e igualit\u00e1ria; contrata\u00e7\u00e3o de mais funcion\u00e1rios e fim da extrapola\u00e7\u00e3o da jornada; fim da alta rotatividade; implementa\u00e7\u00e3o de planos de carreira, cargos e sal\u00e1rios; fim das metas abusivas; fim do ass\u00e9dio moral e da viol\u00eancia organizacional; extens\u00e3o dos programas de vacina\u00e7\u00e3o; seguran\u00e7a banc\u00e1ria e manuten\u00e7\u00e3o do aux\u00edlio educacional 2022; entre outros.<\/p>\n<h3><strong>An\u00e1lise de conjuntura e sistema financeiro<\/strong><\/h3>\n<p>Durante o encontro, Catia Uehara, economista e t\u00e9cnica do Departamento Intersindical de Estat\u00edstica e Estudos Socioecon\u00f4micos (Dieese), falou sobre o atual cen\u00e1rio econ\u00f4mico do Brasil, com juros altos, infla\u00e7\u00e3o e desemprego. Mesmo assim, apenas no primeiro trimestre de 2022, os bancos somaram lucro de R$ 28 bilh\u00f5es. Ao mesmo tempo, v\u00ea-se a redu\u00e7\u00e3o no n\u00famero de ag\u00eancias e de postos de trabalho banc\u00e1rios.\u00a0<a href=\"http:\/\/bancariosbh.org.br\/manager\/resources\/uploads\/arquivos\/ConjunturaBancaria_EncontroBMB_26mai22.pdf\" target=\"_blank\" rel=\"noopener noreferrer\"><strong>Veja aqui a apresenta\u00e7\u00e3o.<\/strong><\/a><\/p>\n<p>Catia apresentou, ainda, dados dos balan\u00e7os do Mercantil do Brasil, com destaque para o lucro recorde de R$ 184,5 milh\u00f5es, em 2021, e a queda de 8% no lucro do primeiro trimestre de 2022 em rela\u00e7\u00e3o ao mesmo per\u00edodo do ano passado.\u00a0<a href=\"http:\/\/bancariosbh.org.br\/manager\/resources\/uploads\/arquivos\/Mercantil-Balancos-EncontroNacional.pdf\" target=\"_blank\" rel=\"noopener noreferrer\"><strong>Veja aqui os destaques do Dieese.<\/strong><\/a><\/p>\n<p>Para o coordenador da Comiss\u00e3o de Organiza\u00e7\u00e3o dos Empregados (COE) Mercantil do Brasil, Marco Aur\u00e9lio Alves, os n\u00fameros apresentados pelo Dieese sobre a alta rotatividade, de 24% no banco, atestam que o banco se utiliza dessa fria estrat\u00e9gia para demitir funcion\u00e1rios com mais tempo de casa e maiores sal\u00e1rios e contratar trabalhadores com menores remunera\u00e7\u00f5es, reduzindo assim o valor da folha de pagamento. \u201cExigimos respeito e valoriza\u00e7\u00e3o dos funcion\u00e1rios do Mercantil do Brasil. N\u00e3o somos apenas n\u00fameros, somos humanos que entregamos o resultado e contribu\u00edmos com crescimento do banco. Neste sentido, nossa campanha salarial \u00e9 primordial para a manuten\u00e7\u00e3o dos direitos e para mostrarmos a for\u00e7a da categoria banc\u00e1ria. S\u00f3 a luta nos garante!\u201d, afirmou.<\/p>\n<p><strong>Fonte:\u00a0Sindicato dos Banc\u00e1rios de BH e Regi\u00e3o com Contraf-CUT<\/strong><\/p>\n","protected":false},"excerpt":{"rendered":"<p>Banc\u00e1rias e banc\u00e1rios do Mercantil do Brasil realizaram, na quinta-feira (26), seu Encontro Nacional para definir a pauta de reivindica\u00e7\u00f5es, que ser\u00e1 negociada com o banco, e um plano de luta. O evento h\u00edbrido, com participantes presenciais e de forma remota, ocorreu na sede da Federa\u00e7\u00e3o dos Trabalhadores do Ramo Financeiro de Minas Gerais (Fetrafi-MG), [&hellip;]<\/p>\n","protected":false},"author":2,"featured_media":12581,"comment_status":"","ping_status":"","sticky":false,"template":"","format":"standard","meta":{"footnotes":""},"categories":[3],"tags":[],"class_list":["post-12582","post","type-post","status-publish","format-standard","has-post-thumbnail","hentry","category-noticias"],"_links":{"self":[{"href":"https:\/\/hostnetart.com.br\/baixada\/wp-json\/wp\/v2\/posts\/12582","targetHints":{"allow":["GET"]}}],"collection":[{"href":"https:\/\/hostnetart.com.br\/baixada\/wp-json\/wp\/v2\/posts"}],"about":[{"href":"https:\/\/hostnetart.com.br\/baixada\/wp-json\/wp\/v2\/types\/post"}],"author":[{"embeddable":true,"href":"https:\/\/hostnetart.com.br\/baixada\/wp-json\/wp\/v2\/users\/2"}],"replies":[{"embeddable":true,"href":"https:\/\/hostnetart.com.br\/baixada\/wp-json\/wp\/v2\/comments?post=12582"}],"version-history":[{"count":0,"href":"https:\/\/hostnetart.com.br\/baixada\/wp-json\/wp\/v2\/posts\/12582\/revisions"}],"wp:featuredmedia":[{"embeddable":true,"href":"https:\/\/hostnetart.com.br\/baixada\/wp-json\/wp\/v2\/media\/12581"}],"wp:attachment":[{"href":"https:\/\/hostnetart.com.br\/baixada\/wp-json\/wp\/v2\/media?parent=12582"}],"wp:term":[{"taxonomy":"category","embeddable":true,"href":"https:\/\/hostnetart.com.br\/baixada\/wp-json\/wp\/v2\/categories?post=12582"},{"taxonomy":"post_tag","embeddable":true,"href":"https:\/\/hostnetart.com.br\/baixada\/wp-json\/wp\/v2\/tags?post=12582"}],"curies":[{"name":"wp","href":"https:\/\/api.w.org\/{rel}","templated":true}]}}