{"id":12576,"date":"2022-05-27T15:09:41","date_gmt":"2022-05-27T18:09:41","guid":{"rendered":"https:\/\/hostnetart.com.br\/baixada\/chapa-1-vence-eleicoes-no-sindicato-dos-bancarios-de-nova-friburgo-e-regiao\/"},"modified":"2022-05-27T15:09:41","modified_gmt":"2022-05-27T18:09:41","slug":"chapa-1-vence-eleicoes-no-sindicato-dos-bancarios-de-nova-friburgo-e-regiao","status":"publish","type":"post","link":"https:\/\/hostnetart.com.br\/baixada\/chapa-1-vence-eleicoes-no-sindicato-dos-bancarios-de-nova-friburgo-e-regiao\/","title":{"rendered":"Chapa 1 vence Elei\u00e7\u00f5es no Sindicato dos Banc\u00e1rios de Nova Friburgo e Regi\u00e3o"},"content":{"rendered":"<p>A &#8220;Chapa 1 \u2013 Consci\u00eancia e Luta&#8221;, apoiada pelo Sindicato dos Banc\u00e1rios da Baixada Fluminense e por todos os Sindicatos de base da\u00a0Federa\u00e7\u00e3o dos Trabalhadores do Ramo Financeiro dos Estados do Rio de Janeiro e Esp\u00edrito Santo (Fetraf RJ\/ES), venceu as elei\u00e7\u00f5es do\u00a0Sindicato dos Banc\u00e1rios de Nova Friburgo e Regi\u00e3o, para o per\u00edodo entre os anos 2022 a 2026, com mais de 99% dos votos.<\/p>\n<p>As elei\u00e7\u00f5es ocorreram nesta \u00faltima quinta-feira, dia 26 de Maio.<\/p>\n<p>A entidade, agora, ser\u00e1 presidida por\u00a0Luiz Gabriel Almeida Velloso.<\/p>\n<p>Banc\u00e1rias e banc\u00e1rios puderam votar numa urna fixa disponibilizada no audit\u00f3rio da\u00a0Sindicato, al\u00e9m de\u00a0mais 7 urnas itinerantes, que percorreram as cidades de sua base e dos bairros de Nova Friburgo.<\/p>\n","protected":false},"excerpt":{"rendered":"<p>A &#8220;Chapa 1 \u2013 Consci\u00eancia e Luta&#8221;, apoiada pelo Sindicato dos Banc\u00e1rios da Baixada Fluminense e por todos os Sindicatos de base da\u00a0Federa\u00e7\u00e3o dos Trabalhadores do Ramo Financeiro dos Estados do Rio de Janeiro e Esp\u00edrito Santo (Fetraf RJ\/ES), venceu as elei\u00e7\u00f5es do\u00a0Sindicato dos Banc\u00e1rios de Nova Friburgo e Regi\u00e3o, para o per\u00edodo entre os [&hellip;]<\/p>\n","protected":false},"author":2,"featured_media":12575,"comment_status":"","ping_status":"","sticky":false,"template":"","format":"standard","meta":{"footnotes":""},"categories":[3],"tags":[],"class_list":["post-12576","post","type-post","status-publish","format-standard","has-post-thumbnail","hentry","category-noticias"],"_links":{"self":[{"href":"https:\/\/hostnetart.com.br\/baixada\/wp-json\/wp\/v2\/posts\/12576","targetHints":{"allow":["GET"]}}],"collection":[{"href":"https:\/\/hostnetart.com.br\/baixada\/wp-json\/wp\/v2\/posts"}],"about":[{"href":"https:\/\/hostnetart.com.br\/baixada\/wp-json\/wp\/v2\/types\/post"}],"author":[{"embeddable":true,"href":"https:\/\/hostnetart.com.br\/baixada\/wp-json\/wp\/v2\/users\/2"}],"replies":[{"embeddable":true,"href":"https:\/\/hostnetart.com.br\/baixada\/wp-json\/wp\/v2\/comments?post=12576"}],"version-history":[{"count":0,"href":"https:\/\/hostnetart.com.br\/baixada\/wp-json\/wp\/v2\/posts\/12576\/revisions"}],"wp:featuredmedia":[{"embeddable":true,"href":"https:\/\/hostnetart.com.br\/baixada\/wp-json\/wp\/v2\/media\/12575"}],"wp:attachment":[{"href":"https:\/\/hostnetart.com.br\/baixada\/wp-json\/wp\/v2\/media?parent=12576"}],"wp:term":[{"taxonomy":"category","embeddable":true,"href":"https:\/\/hostnetart.com.br\/baixada\/wp-json\/wp\/v2\/categories?post=12576"},{"taxonomy":"post_tag","embeddable":true,"href":"https:\/\/hostnetart.com.br\/baixada\/wp-json\/wp\/v2\/tags?post=12576"}],"curies":[{"name":"wp","href":"https:\/\/api.w.org\/{rel}","templated":true}]}}