{"id":12574,"date":"2022-05-26T17:41:33","date_gmt":"2022-05-26T20:41:33","guid":{"rendered":"https:\/\/hostnetart.com.br\/baixada\/coe-questiona-itau-por-fechamento-de-agencias-e-demissoes\/"},"modified":"2022-05-26T17:41:33","modified_gmt":"2022-05-26T20:41:33","slug":"coe-questiona-itau-por-fechamento-de-agencias-e-demissoes","status":"publish","type":"post","link":"https:\/\/hostnetart.com.br\/baixada\/coe-questiona-itau-por-fechamento-de-agencias-e-demissoes\/","title":{"rendered":"COE questiona Ita\u00fa por fechamento de ag\u00eancias e demiss\u00f5es"},"content":{"rendered":"<p>A Comiss\u00e3o de Organiza\u00e7\u00e3o dos Empregados (COE) do Ita\u00fa se re\u00fane na tarde desta sexta-feira (27) com representantes do banco para questionar o fechamento de ag\u00eancias, o que tem gerado ainda mais demiss\u00f5es, sobrecarga de trabalho e adoecimento para os que ficam, al\u00e9m de prejudicar os clientes com atendimento ainda mais prec\u00e1rio.<\/p>\n<p>\u201cO fechamento e suas consequ\u00eancias n\u00e3o se justificam, j\u00e1 que o lucro em 2021 teve um salto de 45% em rela\u00e7\u00e3o a 2020, segundo o balan\u00e7o do Ita\u00fa, o que lhe garantiu um lucro de R$ 26,9 bilh\u00f5es\u201d, afirmou Jair Alves, coordenador da COE.<\/p>\n<p><strong>Fonte: Contraf-CUT<\/strong><\/p>\n","protected":false},"excerpt":{"rendered":"<p>A Comiss\u00e3o de Organiza\u00e7\u00e3o dos Empregados (COE) do Ita\u00fa se re\u00fane na tarde desta sexta-feira (27) com representantes do banco para questionar o fechamento de ag\u00eancias, o que tem gerado ainda mais demiss\u00f5es, sobrecarga de trabalho e adoecimento para os que ficam, al\u00e9m de prejudicar os clientes com atendimento ainda mais prec\u00e1rio. \u201cO fechamento e [&hellip;]<\/p>\n","protected":false},"author":2,"featured_media":12573,"comment_status":"","ping_status":"","sticky":false,"template":"","format":"standard","meta":{"footnotes":""},"categories":[3],"tags":[],"class_list":["post-12574","post","type-post","status-publish","format-standard","has-post-thumbnail","hentry","category-noticias"],"_links":{"self":[{"href":"https:\/\/hostnetart.com.br\/baixada\/wp-json\/wp\/v2\/posts\/12574","targetHints":{"allow":["GET"]}}],"collection":[{"href":"https:\/\/hostnetart.com.br\/baixada\/wp-json\/wp\/v2\/posts"}],"about":[{"href":"https:\/\/hostnetart.com.br\/baixada\/wp-json\/wp\/v2\/types\/post"}],"author":[{"embeddable":true,"href":"https:\/\/hostnetart.com.br\/baixada\/wp-json\/wp\/v2\/users\/2"}],"replies":[{"embeddable":true,"href":"https:\/\/hostnetart.com.br\/baixada\/wp-json\/wp\/v2\/comments?post=12574"}],"version-history":[{"count":0,"href":"https:\/\/hostnetart.com.br\/baixada\/wp-json\/wp\/v2\/posts\/12574\/revisions"}],"wp:featuredmedia":[{"embeddable":true,"href":"https:\/\/hostnetart.com.br\/baixada\/wp-json\/wp\/v2\/media\/12573"}],"wp:attachment":[{"href":"https:\/\/hostnetart.com.br\/baixada\/wp-json\/wp\/v2\/media?parent=12574"}],"wp:term":[{"taxonomy":"category","embeddable":true,"href":"https:\/\/hostnetart.com.br\/baixada\/wp-json\/wp\/v2\/categories?post=12574"},{"taxonomy":"post_tag","embeddable":true,"href":"https:\/\/hostnetart.com.br\/baixada\/wp-json\/wp\/v2\/tags?post=12574"}],"curies":[{"name":"wp","href":"https:\/\/api.w.org\/{rel}","templated":true}]}}