{"id":12572,"date":"2022-05-26T03:21:19","date_gmt":"2022-05-26T06:21:19","guid":{"rendered":"https:\/\/hostnetart.com.br\/baixada\/segunda-parcela-do-13-para-aposentados-e-pensionistas-comecou-a-ser-paga-nesta-quarta-25\/"},"modified":"2022-05-26T03:21:19","modified_gmt":"2022-05-26T06:21:19","slug":"segunda-parcela-do-13-para-aposentados-e-pensionistas-comecou-a-ser-paga-nesta-quarta-25","status":"publish","type":"post","link":"https:\/\/hostnetart.com.br\/baixada\/segunda-parcela-do-13-para-aposentados-e-pensionistas-comecou-a-ser-paga-nesta-quarta-25\/","title":{"rendered":"Segunda parcela do 13\u00ba para aposentados e pensionistas come\u00e7ou a ser paga nesta quarta (25)"},"content":{"rendered":"<p>O Instituto Nacional do Seguro Social (INSS) iniciou o pagamento da segunda parcela do 13\u00ba sal\u00e1rio para aposentados e pensionistas nesta quarta-feira (25). A primeira parcela foi liberada pelo Instituto no m\u00eas de abril e beneficiou 31 milh\u00f5es de segurados.\u00a0<\/p>\n<p>O pagamento, que ser\u00e1 efetuado at\u00e9 o dia 7 de junho, prioriza aquelas pessoas que recebem do INSS o valor de um sal\u00e1rio m\u00ednimo (R$ 1.212), que representam 60% dos aposentados e pensionistas cadastrados. O valor vai cair na conta juntamente com o pagamento regular do m\u00eas de maio.\u00a0<\/p>\n<p>Para consultar o valor a ser recebido, voc\u00ea pode entrar em contato por telefone com a Central de Atendimento do INSS pelo n\u00famero 135. O atendimento neste canal est\u00e1 dispon\u00edvel de segunda a s\u00e1bado, das 7h \u00e0s 22h.\u00a0<\/p>\n<p>Mas se preferir, pode tamb\u00e9m acessar o site\u00a0<a href=\"https:\/\/meu.inss.gov.br\/#\/login\">Meu INSS<\/a>\u00a0ou baixar o aplicativo\u00a0<a href=\"https:\/\/play.google.com\/store\/apps\/details?id=br.gov.dataprev.meuinss&amp;hl=pt_BR&amp;gl=US\">Meu INSS<\/a>\u00a0para seu\u00a0<em>smartphone<\/em>\u00a0ou\u00a0<em>tablet<\/em>. No momento da consulta \u00e9 necess\u00e1rio informar dados cadastrais do segurado, como o n\u00famero do CPF.<\/p>\n<p>Ao todo, com a primeira e a segunda parcela pagas, ser\u00e3o R$ 56,7 bilh\u00f5es destinados a cerca de 36 milh\u00f5es de pessoas, que recebem agora a segunda metade do valor.\u00a0<\/p>\n<p>\u00c9 importante lembrar que quem recebe Benef\u00edcio de Presta\u00e7\u00e3o Continuada (BPC) n\u00e3o tem direito ao 13\u00ba sal\u00e1rio.<\/p>\n<p>Em mar\u00e7o deste ano foi assinado o decreto que garante a antecipa\u00e7\u00e3o do pagamento do 13\u00ba sal\u00e1rio para o m\u00eas de maio e junho. Desde 2020, por conta da pandemia da Covid-19, estes pagamentos que antes ocorriam em agosto e dezembro, est\u00e3o sendo antecipados.<\/p>\n<p>Confira abaixo o calend\u00e1rio de pagamento dos benef\u00edcios, conforme n\u00famero final do cart\u00e3o do benefici\u00e1rio e o valor a ser recebido.<\/p>\n<p class=\"ckeditor-img-caption\"><img decoding=\"async\" src=\"https:\/\/images03.brasildefato.com.br\/c8c3ba904f326efce7d514d6e1cbe28e.jpeg\" \/><br \/>A segunda parcela do 13\u00ba sal\u00e1rio do INSS ser\u00e1 paga juntamente com o calend\u00e1rio de pagamento de maio\/2022 \/ Meu INSS<\/p>\n<p class=\"ckeditor-img-caption\">\u00a0<\/p>\n<p class=\"ckeditor-img-caption\"><img decoding=\"async\" src=\"https:\/\/images01.brasildefato.com.br\/ca139195b85ac74e4a2b2e2436db98e9.jpeg\" \/><br \/>Pagamento para pessoas que recebem mais que um sal\u00e1rio m\u00ednimo ser\u00e1 feito entre os dias 1\u00ba e 7 de junho de 2022 \/ Meu INSS<\/p>\n<p><strong>Fonte: Brasil de Fato<\/strong><\/p>\n","protected":false},"excerpt":{"rendered":"<p>O Instituto Nacional do Seguro Social (INSS) iniciou o pagamento da segunda parcela do 13\u00ba sal\u00e1rio para aposentados e pensionistas nesta quarta-feira (25). A primeira parcela foi liberada pelo Instituto no m\u00eas de abril e beneficiou 31 milh\u00f5es de segurados.\u00a0 O pagamento, que ser\u00e1 efetuado at\u00e9 o dia 7 de junho, prioriza aquelas pessoas que [&hellip;]<\/p>\n","protected":false},"author":2,"featured_media":12571,"comment_status":"","ping_status":"","sticky":false,"template":"","format":"standard","meta":{"footnotes":""},"categories":[3],"tags":[],"class_list":["post-12572","post","type-post","status-publish","format-standard","has-post-thumbnail","hentry","category-noticias"],"_links":{"self":[{"href":"https:\/\/hostnetart.com.br\/baixada\/wp-json\/wp\/v2\/posts\/12572","targetHints":{"allow":["GET"]}}],"collection":[{"href":"https:\/\/hostnetart.com.br\/baixada\/wp-json\/wp\/v2\/posts"}],"about":[{"href":"https:\/\/hostnetart.com.br\/baixada\/wp-json\/wp\/v2\/types\/post"}],"author":[{"embeddable":true,"href":"https:\/\/hostnetart.com.br\/baixada\/wp-json\/wp\/v2\/users\/2"}],"replies":[{"embeddable":true,"href":"https:\/\/hostnetart.com.br\/baixada\/wp-json\/wp\/v2\/comments?post=12572"}],"version-history":[{"count":0,"href":"https:\/\/hostnetart.com.br\/baixada\/wp-json\/wp\/v2\/posts\/12572\/revisions"}],"wp:featuredmedia":[{"embeddable":true,"href":"https:\/\/hostnetart.com.br\/baixada\/wp-json\/wp\/v2\/media\/12571"}],"wp:attachment":[{"href":"https:\/\/hostnetart.com.br\/baixada\/wp-json\/wp\/v2\/media?parent=12572"}],"wp:term":[{"taxonomy":"category","embeddable":true,"href":"https:\/\/hostnetart.com.br\/baixada\/wp-json\/wp\/v2\/categories?post=12572"},{"taxonomy":"post_tag","embeddable":true,"href":"https:\/\/hostnetart.com.br\/baixada\/wp-json\/wp\/v2\/tags?post=12572"}],"curies":[{"name":"wp","href":"https:\/\/api.w.org\/{rel}","templated":true}]}}