{"id":12570,"date":"2022-05-26T03:18:57","date_gmt":"2022-05-26T06:18:57","guid":{"rendered":"https:\/\/hostnetart.com.br\/baixada\/funcionarios-do-bmb-realizam-encontro-nacional-nesta-5\/"},"modified":"2022-05-26T03:18:57","modified_gmt":"2022-05-26T06:18:57","slug":"funcionarios-do-bmb-realizam-encontro-nacional-nesta-5","status":"publish","type":"post","link":"https:\/\/hostnetart.com.br\/baixada\/funcionarios-do-bmb-realizam-encontro-nacional-nesta-5\/","title":{"rendered":"Funcion\u00e1rios do BMB realizam encontro nacional nesta 5\u00aa"},"content":{"rendered":"<p>Os funcion\u00e1rios do Banco Mercantil do Brasil (BMB) realizam nesta quinta-feira (26) seu Encontro Nacional. A atividade, que faz parte da Campanha Nacional da categoria ser\u00e1 realizado de forma h\u00edbrida, parte presencial, na sede da Federa\u00e7\u00e3o dos Trabalhadores do Ramo Financeiro de Minas Gerais (Fetrafi\/MG), em Belo Horizonte (MG), e parte na modalidade remota, pela internet, por uma plataforma de videoconfer\u00eancia.<\/p>\n<p>\u201cEste encontro \u00e9 muito importante. Vamos debater quest\u00f5es que afetam toda a categoria e tamb\u00e9m aquelas que afetam o dia a dia de nosso trabalho. E tudo isso vai ajudar a construir nossa de pauta de reivindica\u00e7\u00f5es que ser\u00e1 entregue para o Mercantil e para todos os bancos\u201d, disse o coordenador da Comiss\u00e3o de Organiza\u00e7\u00e3o dos Empregados (COE) do BMB, Marco Aur\u00e9lio Alves.<\/p>\n<h3><strong>O Brasil que a gente quer<\/strong><\/h3>\n<p>Mas, o coordenador da COE do Mercantil ressaltou que o Encontro Nacional tamb\u00e9m refletir\u00e1 sobre quest\u00f5es mais gerais, que afetam toda a classe trabalhadora. \u201cVivemos um momento muito cr\u00edtico em nosso pa\u00eds, com desemprego alto, infla\u00e7\u00e3o alta, simultaneamente com uma carestia em praticamente todos os produtos da cesta b\u00e1sica. E isso tamb\u00e9m precisa ser falado, pois tamb\u00e9m afeta nosso dia a dia como banc\u00e1rios\u201d, disse.<\/p>\n<p>Para Marco Aur\u00e9lio, \u00e9 importante, tamb\u00e9m, que o Encontro Nacional dos Funcion\u00e1rios do Mercantil reflita sobre as elei\u00e7\u00f5es que ocorrer\u00e3o neste ano. \u201cN\u00e3o tem como n\u00e3o falarmos das elei\u00e7\u00f5es. Precisamos eleger candidatos, para todos os cargos em disputa, que tenham compromisso com os trabalhadores, candidatos que estejam, verdadeiramente, preocupados com a cria\u00e7\u00e3o de emprego e o aumento da massa salarial e que, principalmente, garantam os servi\u00e7os b\u00e1sicos que a popula\u00e7\u00e3o mais carente precisa, como o pre\u00e7o dos alimentos, a educa\u00e7\u00e3o, a sa\u00fade e as pol\u00edticas assistenciais\u201d, disse. \u201cO nosso encontro precisa contribuir com a constru\u00e7\u00e3o do Brasil que a gente quer\u201d, completou.<\/p>\n<p><strong>Fonte: Contraf-CUT<\/strong><\/p>\n","protected":false},"excerpt":{"rendered":"<p>Os funcion\u00e1rios do Banco Mercantil do Brasil (BMB) realizam nesta quinta-feira (26) seu Encontro Nacional. A atividade, que faz parte da Campanha Nacional da categoria ser\u00e1 realizado de forma h\u00edbrida, parte presencial, na sede da Federa\u00e7\u00e3o dos Trabalhadores do Ramo Financeiro de Minas Gerais (Fetrafi\/MG), em Belo Horizonte (MG), e parte na modalidade remota, pela [&hellip;]<\/p>\n","protected":false},"author":2,"featured_media":12569,"comment_status":"","ping_status":"","sticky":false,"template":"","format":"standard","meta":{"footnotes":""},"categories":[3],"tags":[],"class_list":["post-12570","post","type-post","status-publish","format-standard","has-post-thumbnail","hentry","category-noticias"],"_links":{"self":[{"href":"https:\/\/hostnetart.com.br\/baixada\/wp-json\/wp\/v2\/posts\/12570","targetHints":{"allow":["GET"]}}],"collection":[{"href":"https:\/\/hostnetart.com.br\/baixada\/wp-json\/wp\/v2\/posts"}],"about":[{"href":"https:\/\/hostnetart.com.br\/baixada\/wp-json\/wp\/v2\/types\/post"}],"author":[{"embeddable":true,"href":"https:\/\/hostnetart.com.br\/baixada\/wp-json\/wp\/v2\/users\/2"}],"replies":[{"embeddable":true,"href":"https:\/\/hostnetart.com.br\/baixada\/wp-json\/wp\/v2\/comments?post=12570"}],"version-history":[{"count":0,"href":"https:\/\/hostnetart.com.br\/baixada\/wp-json\/wp\/v2\/posts\/12570\/revisions"}],"wp:featuredmedia":[{"embeddable":true,"href":"https:\/\/hostnetart.com.br\/baixada\/wp-json\/wp\/v2\/media\/12569"}],"wp:attachment":[{"href":"https:\/\/hostnetart.com.br\/baixada\/wp-json\/wp\/v2\/media?parent=12570"}],"wp:term":[{"taxonomy":"category","embeddable":true,"href":"https:\/\/hostnetart.com.br\/baixada\/wp-json\/wp\/v2\/categories?post=12570"},{"taxonomy":"post_tag","embeddable":true,"href":"https:\/\/hostnetart.com.br\/baixada\/wp-json\/wp\/v2\/tags?post=12570"}],"curies":[{"name":"wp","href":"https:\/\/api.w.org\/{rel}","templated":true}]}}