{"id":12566,"date":"2022-05-25T15:57:54","date_gmt":"2022-05-25T18:57:54","guid":{"rendered":"https:\/\/hostnetart.com.br\/baixada\/autor-de-fake-news-contra-bancaria-mineira-e-condenado\/"},"modified":"2022-05-25T15:57:54","modified_gmt":"2022-05-25T18:57:54","slug":"autor-de-fake-news-contra-bancaria-mineira-e-condenado","status":"publish","type":"post","link":"https:\/\/hostnetart.com.br\/baixada\/autor-de-fake-news-contra-bancaria-mineira-e-condenado\/","title":{"rendered":"Autor de fake news contra banc\u00e1ria mineira \u00e9 condenado"},"content":{"rendered":"<p>Ap\u00f3s quase quatro anos, a banc\u00e1ria L\u00edvia Gomes Terra conseguiu restaurar na Justi\u00e7a a verdade sobre a cal\u00fania feita contra ela pelo engenheiro Renato Henrique Scheidemantel, por meio de redes sociais. A\u00a0<em>fake news<\/em>, lan\u00e7ada em 8 de setembro de 2018, era que L\u00edvia havia passado a faca ao agressor minutos antes do atentado ao ent\u00e3o candidato Jair Bolsonaro, em Juiz de Fora (MG), ocorrido dois dias antes.<\/p>\n<p>O engenheiro foi condenado por crime contra a honra, com agravo pelo uso de meio digital, para facilitar a difus\u00e3o da mentira. A pena, proferida em 13 de maio pelo juiz Fl\u00e1vio Itabaiana, da 27\u00aa Vara Criminal do Rio, ficou em 10 meses e 20 dias de deten\u00e7\u00e3o. A pris\u00e3o, por\u00e9m, foi substitu\u00edda por restri\u00e7\u00e3o de direitos e ser\u00e1 convertida em presta\u00e7\u00e3o de servi\u00e7os \u00e0 comunidade. Ainda cabe recurso.<\/p>\n<h3><strong>Show de horrores<\/strong><\/h3>\n<p>A foto usada na\u00a0<em>fake news<\/em>\u00a0era de uma mulher que, como L\u00edvia, tinha pele clara e cabelo escuro. Este, por\u00e9m era comprido na foto, diferente do de L\u00edvia, curto. A mulher usava \u00f3culos Ray-Ban, semelhantes ao de L\u00edvia, o que ligou uma \u00e0 outra. \u201cA \u00fanica coisa que nos associava \u00e9 vendida em qualquer camel\u00f4\u201d, disse.<\/p>\n<p>L\u00edvia conta que deduziu que a foto foi vinculada \u00e0 sua imagem por buscadores da internet e por interesse de quem queria difundir a\u00a0<em>fake news<\/em>, em especial, pelo seu perfil de esquerda. \u201cAlgu\u00e9m que eu n\u00e3o fazia ideia de quem era pegou meu perfil e disse que eu estava no meio daquela multid\u00e3o e havia passado a faca para Ad\u00e9lio. Minha vida virou um inferno\u201d, disse.<\/p>\n<p>A publica\u00e7\u00e3o viralizou e L\u00edvia come\u00e7ou a receber amea\u00e7as pelas redes sociais, enquanto publica\u00e7\u00f5es com a cal\u00fania se multiplicavam na internet, com a divulga\u00e7\u00e3o de seus dados, de que trabalhava na Caixa e era diretora do Sindicato, al\u00e9m de endere\u00e7os da fam\u00edlia. Hoje, L\u00edvia \u00e9 vice-presidente do Sindicato dos Banc\u00e1rios de Juiz de Fora e secret\u00e1ria de Pol\u00edticas Sociais da Federa\u00e7\u00e3o dos Trabalhadores do Ramo Financeiro de Minas Gerais (Fetrafi-MG). Naqueles dias, o Sindicato teve inclusive que refor\u00e7ar a seguran\u00e7a.<\/p>\n<p>Para se proteger, L\u00edvia ficou por anos com limita\u00e7\u00f5es para sair de casa. \u201cFoi um verdadeiro show de horrores! Mensagens agressivas e amea\u00e7adoras, meses sem poder andar pelas ruas desacompanhada\u201d, contou L\u00edvia, ao relatar que foi surpreendida pela postagem falsa no Facebook. \u00a0\u201cFiquei impedida de ter minha vida normal. Eu s\u00f3 conseguia sair para trabalhar, mesmo assim com crises de p\u00e2nico, tremores, taquicardia, \u00e2nsia de v\u00f4mito, aperto no peito, falta de ar, choro descontrolado. S\u00e3o quase quatro anos de terror! Ainda hoje alterno fases cr\u00edticas com fases mais leves\u201d.<\/p>\n<h3><strong>\u201cUso nocivo das redes\u201d<\/strong><\/h3>\n<p>A a\u00e7\u00e3o de L\u00edvia foi movida pelos advogados Thiago Almeida e Let\u00edcia Delgado. Na senten\u00e7a, o juiz esclarece que \u201co uso cont\u00ednuo e nocivo das redes sociais n\u00e3o pode servir de desculpa para a pr\u00e1tica de crimes contra a honra (ali\u00e1s, tais delitos t\u00eam crescido exponencialmente nos \u00faltimos anos), eis que os aplicativos e sites de internet n\u00e3o se constituem em \u2018terras sem lei\u2019, integrando nosso ordenamento jur\u00eddico, cumprindo ressaltar que tais ve\u00edculos \u2018on-line\u2019 possuem alta capacidade destrutiva da dignidade e honra pessoal quando utilizados de forma criminosa e aumentam consideravelmente o alcance das ofensas proferidas\u201d.<\/p>\n<p><strong>Fonte: Contraf-CUT<\/strong><\/p>\n","protected":false},"excerpt":{"rendered":"<p>Ap\u00f3s quase quatro anos, a banc\u00e1ria L\u00edvia Gomes Terra conseguiu restaurar na Justi\u00e7a a verdade sobre a cal\u00fania feita contra ela pelo engenheiro Renato Henrique Scheidemantel, por meio de redes sociais. A\u00a0fake news, lan\u00e7ada em 8 de setembro de 2018, era que L\u00edvia havia passado a faca ao agressor minutos antes do atentado ao ent\u00e3o [&hellip;]<\/p>\n","protected":false},"author":2,"featured_media":12565,"comment_status":"","ping_status":"","sticky":false,"template":"","format":"standard","meta":{"footnotes":""},"categories":[3],"tags":[],"class_list":["post-12566","post","type-post","status-publish","format-standard","has-post-thumbnail","hentry","category-noticias"],"_links":{"self":[{"href":"https:\/\/hostnetart.com.br\/baixada\/wp-json\/wp\/v2\/posts\/12566","targetHints":{"allow":["GET"]}}],"collection":[{"href":"https:\/\/hostnetart.com.br\/baixada\/wp-json\/wp\/v2\/posts"}],"about":[{"href":"https:\/\/hostnetart.com.br\/baixada\/wp-json\/wp\/v2\/types\/post"}],"author":[{"embeddable":true,"href":"https:\/\/hostnetart.com.br\/baixada\/wp-json\/wp\/v2\/users\/2"}],"replies":[{"embeddable":true,"href":"https:\/\/hostnetart.com.br\/baixada\/wp-json\/wp\/v2\/comments?post=12566"}],"version-history":[{"count":0,"href":"https:\/\/hostnetart.com.br\/baixada\/wp-json\/wp\/v2\/posts\/12566\/revisions"}],"wp:featuredmedia":[{"embeddable":true,"href":"https:\/\/hostnetart.com.br\/baixada\/wp-json\/wp\/v2\/media\/12565"}],"wp:attachment":[{"href":"https:\/\/hostnetart.com.br\/baixada\/wp-json\/wp\/v2\/media?parent=12566"}],"wp:term":[{"taxonomy":"category","embeddable":true,"href":"https:\/\/hostnetart.com.br\/baixada\/wp-json\/wp\/v2\/categories?post=12566"},{"taxonomy":"post_tag","embeddable":true,"href":"https:\/\/hostnetart.com.br\/baixada\/wp-json\/wp\/v2\/tags?post=12566"}],"curies":[{"name":"wp","href":"https:\/\/api.w.org\/{rel}","templated":true}]}}