{"id":12564,"date":"2022-05-24T03:27:27","date_gmt":"2022-05-24T06:27:27","guid":{"rendered":"https:\/\/hostnetart.com.br\/baixada\/nascidos-em-agosto-e-setembro-podem-fazer-o-saque-extraordinario-do-fgts-nesta-semana\/"},"modified":"2022-05-24T03:27:27","modified_gmt":"2022-05-24T06:27:27","slug":"nascidos-em-agosto-e-setembro-podem-fazer-o-saque-extraordinario-do-fgts-nesta-semana","status":"publish","type":"post","link":"https:\/\/hostnetart.com.br\/baixada\/nascidos-em-agosto-e-setembro-podem-fazer-o-saque-extraordinario-do-fgts-nesta-semana\/","title":{"rendered":"Nascidos em agosto e setembro podem fazer o saque extraordin\u00e1rio do FGTS nesta semana"},"content":{"rendered":"<p>O\u00a0<a href=\"https:\/\/www.caixa.gov.br\/beneficios-trabalhador\/fgts\/Paginas\/default.aspx\" target=\"_blank\" rel=\"noopener noreferrer\">saque extraordin\u00e1rio<\/a>\u00a0do Fundo de Garantia do Tempo de Servi\u00e7o (FGTS) est\u00e1 dispon\u00edvel para nascidos em julho desde o s\u00e1bado (21). A partir da\u00a0pr\u00f3xima quarta-feira (25) ser\u00e1\u00a0liberado para\u00a0aniversariantes de agosto, no pr\u00f3ximo s\u00e1bado (28) ser\u00e1 a vez de quem nasceu em setembro.\u00a0<\/p>\n<p>O benef\u00edcio come\u00e7ou a ser depositado no dia 20 de abril (para nascidos em janeiro).\u00a0Cada trabalhador contemplado poder\u00e1 sacar at\u00e9 R$ 1.000, de acordo com o valor dispon\u00edvel na sua conta do FGTS.<\/p>\n<p>As libera\u00e7\u00f5es dos valores est\u00e3o sendo feitas conforme o m\u00eas de nascimento dos trabalhadores e os saques podem ser realizados no m\u00e1ximo at\u00e9 o dia 15 de dezembro.\u00a0<\/p>\n<p>Ap\u00f3s este prazo, os valores que n\u00e3o forem retirados, gastos ou transferidos, retornar\u00e3o para a conta do FGTS do trabalhador.<\/p>\n<p>Para consultar o seu valor dispon\u00edvel basta\u00a0<a href=\"https:\/\/www.caixa.gov.br\/beneficios-trabalhador\/fgts\/Paginas\/default.aspx\" target=\"_blank\" rel=\"noopener noreferrer\">acessar o site<\/a>\u00a0ou baixar o\u00a0<a href=\"https:\/\/www.caixa.gov.br\/atendimento\/aplicativos\/fgts\/paginas\/default.aspx\" target=\"_blank\" rel=\"noopener noreferrer\">aplicativo do FGTS<\/a>\u00a0no\u00a0<em>smartphone<\/em>\u00a0ou\u00a0<em>tablet<\/em>.\u00a0<\/p>\n<p>Confira abaixo o calend\u00e1rio do Saque Extraordin\u00e1rio, divulgado pela Caixa Econ\u00f4mica Federal:<\/p>\n<p class=\"ckeditor-img-caption\"><img decoding=\"async\" src=\"https:\/\/images01.brasildefato.com.br\/5898672a0b8a50933a1554982d53b586.jpeg\" \/><br \/>Calend\u00e1rio de pagamento no saque extraordin\u00e1rio do FGTS \/ Ag\u00eancia Brasil<\/p>\n<p class=\"ckeditor-subtitle\"><strong>Como receber?<\/strong><\/p>\n<p>Assim que o valor for liberado, o cr\u00e9dito do Saque Extraordin\u00e1rio do FGTS estar\u00e1 dispon\u00edvel na\u00a0<a href=\"https:\/\/www.caixa.gov.br\/caixatem\/Paginas\/default.aspx\" target=\"_blank\" rel=\"noopener noreferrer\">Conta Poupan\u00e7a Social Digital da Caixa<\/a>, aberta pela Caixa em nome dos trabalhadores.\u00a0<\/p>\n<p>Se voc\u00ea aceitar cadastrar a biometria no sistema, deve enviar uma foto de algum documento oficial e o cr\u00e9dito poder\u00e1 ser recebido em conta corrente ou poupan\u00e7a de qualquer banco.\u00a0<\/p>\n<p><strong>Leia tamb\u00e9m:<\/strong>\u00a0<a href=\"https:\/\/www.brasildefato.com.br\/2022\/05\/21\/saque-extraordinario-do-fgts-e-paliativo-que-reduz-espaco-para-investimentos-sociais\" target=\"_blank\" rel=\"noopener noreferrer\">Saque extraordin\u00e1rio do FGTS \u00e9 paliativo que reduz espa\u00e7o para investimentos sociais<\/a><\/p>\n<p>Todos os trabalhadores que possuem FGTS t\u00eam o direito ao saque, mas quem n\u00e3o quiser retirar o dinheiro deve acessar o aplicativo do FGTS ou ir em alguma ag\u00eancia Caixa informar que n\u00e3o deseja receber o cr\u00e9dito. Neste caso o dinheiro permanecer\u00e1 na conta do FGTS do trabalhador.\u00a0<\/p>\n<p>O acesso aos valores das contas do fundo geralmente s\u00f3 pode ser feito em situa\u00e7\u00f5es espec\u00edficas como demiss\u00e3o sem justa causa, compra da casa pr\u00f3pria ou aposentadoria. O governo federal, no entanto, publicou uma Medida Provis\u00f3ria liberando este saque extraordin\u00e1rio.\u00a0<\/p>\n<p><strong>Fonte: Brasil de Fato<\/strong><\/p>\n","protected":false},"excerpt":{"rendered":"<p>O\u00a0saque extraordin\u00e1rio\u00a0do Fundo de Garantia do Tempo de Servi\u00e7o (FGTS) est\u00e1 dispon\u00edvel para nascidos em julho desde o s\u00e1bado (21). A partir da\u00a0pr\u00f3xima quarta-feira (25) ser\u00e1\u00a0liberado para\u00a0aniversariantes de agosto, no pr\u00f3ximo s\u00e1bado (28) ser\u00e1 a vez de quem nasceu em setembro.\u00a0 O benef\u00edcio come\u00e7ou a ser depositado no dia 20 de abril (para nascidos em [&hellip;]<\/p>\n","protected":false},"author":2,"featured_media":12563,"comment_status":"","ping_status":"","sticky":false,"template":"","format":"standard","meta":{"footnotes":""},"categories":[3],"tags":[],"class_list":["post-12564","post","type-post","status-publish","format-standard","has-post-thumbnail","hentry","category-noticias"],"_links":{"self":[{"href":"https:\/\/hostnetart.com.br\/baixada\/wp-json\/wp\/v2\/posts\/12564","targetHints":{"allow":["GET"]}}],"collection":[{"href":"https:\/\/hostnetart.com.br\/baixada\/wp-json\/wp\/v2\/posts"}],"about":[{"href":"https:\/\/hostnetart.com.br\/baixada\/wp-json\/wp\/v2\/types\/post"}],"author":[{"embeddable":true,"href":"https:\/\/hostnetart.com.br\/baixada\/wp-json\/wp\/v2\/users\/2"}],"replies":[{"embeddable":true,"href":"https:\/\/hostnetart.com.br\/baixada\/wp-json\/wp\/v2\/comments?post=12564"}],"version-history":[{"count":0,"href":"https:\/\/hostnetart.com.br\/baixada\/wp-json\/wp\/v2\/posts\/12564\/revisions"}],"wp:featuredmedia":[{"embeddable":true,"href":"https:\/\/hostnetart.com.br\/baixada\/wp-json\/wp\/v2\/media\/12563"}],"wp:attachment":[{"href":"https:\/\/hostnetart.com.br\/baixada\/wp-json\/wp\/v2\/media?parent=12564"}],"wp:term":[{"taxonomy":"category","embeddable":true,"href":"https:\/\/hostnetart.com.br\/baixada\/wp-json\/wp\/v2\/categories?post=12564"},{"taxonomy":"post_tag","embeddable":true,"href":"https:\/\/hostnetart.com.br\/baixada\/wp-json\/wp\/v2\/tags?post=12564"}],"curies":[{"name":"wp","href":"https:\/\/api.w.org\/{rel}","templated":true}]}}