{"id":12560,"date":"2022-05-24T03:19:20","date_gmt":"2022-05-24T06:19:20","guid":{"rendered":"https:\/\/hostnetart.com.br\/baixada\/seminario-promove-prevencao-de-transtornos-mentais-no-trabalho\/"},"modified":"2022-05-24T03:19:20","modified_gmt":"2022-05-24T06:19:20","slug":"seminario-promove-prevencao-de-transtornos-mentais-no-trabalho","status":"publish","type":"post","link":"https:\/\/hostnetart.com.br\/baixada\/seminario-promove-prevencao-de-transtornos-mentais-no-trabalho\/","title":{"rendered":"Semin\u00e1rio promove preven\u00e7\u00e3o de transtornos mentais no trabalho"},"content":{"rendered":"<p>A Confedera\u00e7\u00e3o Nacional dos Trabalhadores do Ramo Financeiro (Contraf-CUT) participa do Semin\u00e1rio Sofrimento Mental e Morte entre Trabalhadores e Trabalhadoras \u2013 Transtornos Mentais e Suic\u00eddios Relacionados ao Trabalho, que ocorre nesta ter\u00e7a (24) e quarta-feira (25), em Campinas (SP). O evento \u00e9 organizado pelo Minist\u00e9rio P\u00fablico do Trabalho (MPT) e pela Universidade Estadual de Campinas (Unicamp), com apoio de diversas entidades, entre elas a Central \u00danica dos Trabalhadores (CUT) e a Contraf-CUT. As atividades ser\u00e3o realizadas de forma h\u00edbrida (presencial e virtual), com transmiss\u00e3o pelo\u00a0<a href=\"https:\/\/www.youtube.com\/mptcampinasoficial\" target=\"_blank\" rel=\"noopener noreferrer\">canal do MPT Campinas no YouTube<\/a>.<\/p>\n<p>O tema, considerado um dos problemas mais recorrentes no ambiente do trabalho nos dias de hoje, ser\u00e1 apresentado em pain\u00e9is e debatido por grandes nomes da academia e do mundo do trabalho, como o soci\u00f3logo franc\u00eas Vincent de Gaulejac, conhecido pelo seu trabalho no Laborat\u00f3rio de Mudan\u00e7a Social, de Paris, e o professor Ricardo Antunes, um dos principais pensadores da sociologia do trabalho no Brasil.<\/p>\n<p>Tamb\u00e9m participam pesquisadores da Universidade de S\u00e3o Paulo (USP), da Unicamp, de outras universidades e do Departamento Intersindical de Estat\u00edstica e Estudos Socioecon\u00f4mico (Dieese), al\u00e9m de entidades representativas dos trabalhadores e centrais sindicais. O secret\u00e1rio de Sa\u00fade do Trabalho da Contraf-CUT, Mauro Salles, participa da mesa redonda Ass\u00e9dio e Suic\u00eddio Relacionado ao Trabalho, que ocorre na ter\u00e7a-feira, \u00e0s 16 horas. Tamb\u00e9m ser\u00e1 apresentado o document\u00e1rio 4 contos \u2013 A trag\u00e9dia por tr\u00e1s do lucro, dirigido por Marcelo Monteiro e produzido pelo Sindicato dos Banc\u00e1rios de Porto Alegre e Regi\u00e3o. Conhe\u00e7a aqui a\u00a0<a href=\"https:\/\/www.prt15.mpt.mp.br\/images\/Semin%C3%A1rio_Sofrimento_Mental_e_Morte_entre_trabalhadores_e_trabalhadoras__Transtornos_Mentais_e_Suic%C3%ADdios_Relacionados_ao_Trabalho_-_Programa%C3%A7%C3%A3o_Completa1.pdf\" target=\"_blank\" rel=\"noopener noreferrer\">programa\u00e7\u00e3o completa<\/a>.<\/p>\n<p>Um dos pontos altos do semin\u00e1rio ser\u00e1 o Painel de Experi\u00eancias, na quarta-feira, \u00e0s 11h15, que trar\u00e1 o testemunho de trabalhadores de diversas categorias, como banc\u00e1rios, petroleiros, educa\u00e7\u00e3o, aerovi\u00e1rios, de plataformas e policiais.<\/p>\n<h3>Adoecimento<\/h3>\n<p>Dados do Minist\u00e9rio do Trabalho e Previd\u00eancia mostram que, em 2020, foram relatados mais de 570 mil afastamentos por transtornos mentais no Brasil, 26% a mais que em 2019. Entre as 468 doen\u00e7as listadas pelo \u00f3rg\u00e3o est\u00e3o depress\u00e3o, ansiedade, p\u00e2nico, estresse p\u00f3s-traum\u00e1tico, transtorno bipolar e fobia social.<\/p>\n<p>O procurador M\u00e1rio Ant\u00f4nio Gomes, um dos respons\u00e1veis pela iniciativa, diz que \u201c\u00e9 poss\u00edvel dizer que em todas as empresas h\u00e1 ao menos um caso de sofrimento mental relacionado ao trabalho\u201d. Ele tamb\u00e9m aponta que \u00e9 muito comum o n\u00e3o reconhecimento deste tipo de doen\u00e7a. \u201cS\u00e3o problemas que podem crescer de forma silenciosa e, se n\u00e3o forem devidamente cuidados, podem resultar num ato final de desespero: o suic\u00eddio\u201d, alerta.<\/p>\n<h3>O projeto<\/h3>\n<p>O semin\u00e1rio faz parte de um projeto mais amplo, que tem como objetivo maior contribuir com sugest\u00f5es ao Sistema \u00danico de Sa\u00fade (SUS), para promover um atendimento de qualidade aos trabalhadores que sofrem de transtornos mentais, desde o acolhimento at\u00e9 o tratamento.<\/p>\n<p>Os organizadores afirmam que as pol\u00edticas p\u00fablicas s\u00e3o deficit\u00e1rias e dificultam o acesso aos servi\u00e7os de sa\u00fade do trabalhador. Por isso, identificam que o primeiro passo deve ser desestigmatizar o transtorno mental como doen\u00e7a ocupacional, com meio da informa\u00e7\u00e3o e conscientiza\u00e7\u00e3o, o que ser\u00e1 o primeiro passo para o aperfei\u00e7oamento das pol\u00edticas p\u00fablicas.<\/p>\n<p>Para Mauro Salles, \u201ca enorme incid\u00eancia de transtornos mentais e suic\u00eddios relacionados ao trabalho entre os banc\u00e1rios aponta para relev\u00e2ncia do projeto\u201d. Segundo o secret\u00e1rio da Contraf-CUT, \u00e9 preciso conhecer mais profundamente a situa\u00e7\u00e3o para transformar essa realidade, como prop\u00f5e o projeto. \u201c\u00c9 necess\u00e1rio denunciar e dar visibilidade \u00e0s trag\u00e9dias cotidianas que enfrentam os trabalhadores, banc\u00e1rios em especial. Os bancos, com as metas abusivas, press\u00e3o por resultados e ass\u00e9dio moral, s\u00e3o respons\u00e1veis por grande parte do sofrimento e adoecimento dos banc\u00e1rios\u201d, conclui.<\/p>\n<p>Para participa\u00e7\u00e3o presencial,\u00a0<a href=\"https:\/\/link.mpt.mp.br\/sxxh0iX\" target=\"_blank\" rel=\"noopener noreferrer\">clique aqui<\/a>.<\/p>\n<p>Para acompanhar as transmiss\u00f5es ao vivo pelo YouTube, clique aqui na\u00a0<a href=\"https:\/\/youtu.be\/KiAUm3U663s\" target=\"_blank\" rel=\"noopener noreferrer\">ter\u00e7a-feira (24)<\/a>\u00a0e aqui na\u00a0<a href=\"https:\/\/youtu.be\/TePqJASQro0\" target=\"_blank\" rel=\"noopener noreferrer\">quarta-feira (25)<\/a>.<\/p>\n<p><strong>Fonte: Contraf-CUT<\/strong><\/p>\n","protected":false},"excerpt":{"rendered":"<p>A Confedera\u00e7\u00e3o Nacional dos Trabalhadores do Ramo Financeiro (Contraf-CUT) participa do Semin\u00e1rio Sofrimento Mental e Morte entre Trabalhadores e Trabalhadoras \u2013 Transtornos Mentais e Suic\u00eddios Relacionados ao Trabalho, que ocorre nesta ter\u00e7a (24) e quarta-feira (25), em Campinas (SP). O evento \u00e9 organizado pelo Minist\u00e9rio P\u00fablico do Trabalho (MPT) e pela Universidade Estadual de Campinas [&hellip;]<\/p>\n","protected":false},"author":2,"featured_media":12559,"comment_status":"","ping_status":"","sticky":false,"template":"","format":"standard","meta":{"footnotes":""},"categories":[3],"tags":[],"class_list":["post-12560","post","type-post","status-publish","format-standard","has-post-thumbnail","hentry","category-noticias"],"_links":{"self":[{"href":"https:\/\/hostnetart.com.br\/baixada\/wp-json\/wp\/v2\/posts\/12560","targetHints":{"allow":["GET"]}}],"collection":[{"href":"https:\/\/hostnetart.com.br\/baixada\/wp-json\/wp\/v2\/posts"}],"about":[{"href":"https:\/\/hostnetart.com.br\/baixada\/wp-json\/wp\/v2\/types\/post"}],"author":[{"embeddable":true,"href":"https:\/\/hostnetart.com.br\/baixada\/wp-json\/wp\/v2\/users\/2"}],"replies":[{"embeddable":true,"href":"https:\/\/hostnetart.com.br\/baixada\/wp-json\/wp\/v2\/comments?post=12560"}],"version-history":[{"count":0,"href":"https:\/\/hostnetart.com.br\/baixada\/wp-json\/wp\/v2\/posts\/12560\/revisions"}],"wp:featuredmedia":[{"embeddable":true,"href":"https:\/\/hostnetart.com.br\/baixada\/wp-json\/wp\/v2\/media\/12559"}],"wp:attachment":[{"href":"https:\/\/hostnetart.com.br\/baixada\/wp-json\/wp\/v2\/media?parent=12560"}],"wp:term":[{"taxonomy":"category","embeddable":true,"href":"https:\/\/hostnetart.com.br\/baixada\/wp-json\/wp\/v2\/categories?post=12560"},{"taxonomy":"post_tag","embeddable":true,"href":"https:\/\/hostnetart.com.br\/baixada\/wp-json\/wp\/v2\/tags?post=12560"}],"curies":[{"name":"wp","href":"https:\/\/api.w.org\/{rel}","templated":true}]}}