{"id":12558,"date":"2022-05-23T14:25:23","date_gmt":"2022-05-23T17:25:23","guid":{"rendered":"https:\/\/hostnetart.com.br\/baixada\/sindicato-dos-bancarios-da-baixada-fluminense-parabeniza-a-fetraf-rj-es-pelos-seus-64-anos\/"},"modified":"2022-05-23T14:25:23","modified_gmt":"2022-05-23T17:25:23","slug":"sindicato-dos-bancarios-da-baixada-fluminense-parabeniza-a-fetraf-rj-es-pelos-seus-64-anos","status":"publish","type":"post","link":"https:\/\/hostnetart.com.br\/baixada\/sindicato-dos-bancarios-da-baixada-fluminense-parabeniza-a-fetraf-rj-es-pelos-seus-64-anos\/","title":{"rendered":"Sindicato dos Banc\u00e1rios da Baixada Fluminense parabeniza a Fetraf RJ\/ES pelos seus 64 anos"},"content":{"rendered":"<p>O Sindicato dos Banc\u00e1rios da Baixada Fluminense parabeniza a\u00a0Federa\u00e7\u00e3o dos Trabalhadores do Ramo Financeiro dos Estados do Rio de Janeiro e Esp\u00edrito Santo (Fetraf RJ\/ES) pelos 64 anos de exist\u00eancia e luta em defesa dos direitos da categoria banc\u00e1ria, completados nesta segunda-feira, 23 de maio.<\/p>\n<p>A Fetraf RJ\/ES, que conta com 7 sindicatos filiados em sua base (Angra dos Reis, Baixada Fluminense, Esp\u00edrito Santo, Itaperuna, Maca\u00e9, Nova Friburgo e Tr\u00eas Rios),\u00a0participou de conquistas marcantes para a categoria,\u00a0e segue trabalhando forte para\u00a0garantir, defender e ampliar os direitos de banc\u00e1rias e banc\u00e1rios.<\/p>\n<p>Juntos somos mais fortes!<\/p>\n<p>\u00a0<\/p>\n","protected":false},"excerpt":{"rendered":"<p>O Sindicato dos Banc\u00e1rios da Baixada Fluminense parabeniza a\u00a0Federa\u00e7\u00e3o dos Trabalhadores do Ramo Financeiro dos Estados do Rio de Janeiro e Esp\u00edrito Santo (Fetraf RJ\/ES) pelos 64 anos de exist\u00eancia e luta em defesa dos direitos da categoria banc\u00e1ria, completados nesta segunda-feira, 23 de maio. A Fetraf RJ\/ES, que conta com 7 sindicatos filiados em [&hellip;]<\/p>\n","protected":false},"author":2,"featured_media":12557,"comment_status":"","ping_status":"","sticky":false,"template":"","format":"standard","meta":{"footnotes":""},"categories":[3],"tags":[],"class_list":["post-12558","post","type-post","status-publish","format-standard","has-post-thumbnail","hentry","category-noticias"],"_links":{"self":[{"href":"https:\/\/hostnetart.com.br\/baixada\/wp-json\/wp\/v2\/posts\/12558","targetHints":{"allow":["GET"]}}],"collection":[{"href":"https:\/\/hostnetart.com.br\/baixada\/wp-json\/wp\/v2\/posts"}],"about":[{"href":"https:\/\/hostnetart.com.br\/baixada\/wp-json\/wp\/v2\/types\/post"}],"author":[{"embeddable":true,"href":"https:\/\/hostnetart.com.br\/baixada\/wp-json\/wp\/v2\/users\/2"}],"replies":[{"embeddable":true,"href":"https:\/\/hostnetart.com.br\/baixada\/wp-json\/wp\/v2\/comments?post=12558"}],"version-history":[{"count":0,"href":"https:\/\/hostnetart.com.br\/baixada\/wp-json\/wp\/v2\/posts\/12558\/revisions"}],"wp:featuredmedia":[{"embeddable":true,"href":"https:\/\/hostnetart.com.br\/baixada\/wp-json\/wp\/v2\/media\/12557"}],"wp:attachment":[{"href":"https:\/\/hostnetart.com.br\/baixada\/wp-json\/wp\/v2\/media?parent=12558"}],"wp:term":[{"taxonomy":"category","embeddable":true,"href":"https:\/\/hostnetart.com.br\/baixada\/wp-json\/wp\/v2\/categories?post=12558"},{"taxonomy":"post_tag","embeddable":true,"href":"https:\/\/hostnetart.com.br\/baixada\/wp-json\/wp\/v2\/tags?post=12558"}],"curies":[{"name":"wp","href":"https:\/\/api.w.org\/{rel}","templated":true}]}}