{"id":12556,"date":"2022-05-20T13:58:28","date_gmt":"2022-05-20T16:58:28","guid":{"rendered":"https:\/\/hostnetart.com.br\/baixada\/caixa-continua-sendo-usada-em-campanha-eleitoral-antecipada\/"},"modified":"2022-05-20T13:58:28","modified_gmt":"2022-05-20T16:58:28","slug":"caixa-continua-sendo-usada-em-campanha-eleitoral-antecipada","status":"publish","type":"post","link":"https:\/\/hostnetart.com.br\/baixada\/caixa-continua-sendo-usada-em-campanha-eleitoral-antecipada\/","title":{"rendered":"Caixa continua sendo usada em campanha eleitoral antecipada"},"content":{"rendered":"<p>Mais uma vez, empregados da Caixa Econ\u00f4mica Federal est\u00e3o acusando o presidente do banco, Pedro Guimar\u00e3es, de utilizar o banco e sua imagem para fazer campanha eleitoral antecipada para o atual presidente da Rep\u00fablica. As den\u00fancias t\u00eam como base o v\u00eddeo \u201cCaixa: mudan\u00e7a hist\u00f3rica de postura garante investimentos a quem mais necessita\u201d, postado do canal pessoal no Youtube do presidente da Rep\u00fablica, com depoimento do presidente da Caixa, se configura como campanha eleitoral antecipada, segundo a coordenadora da Comiss\u00e3o Executiva dos Empregados (CEE) do banco, Fabiana Uehara Proscholdt.<\/p>\n<p>\u201cN\u00e3o \u00e9 a primeira vez que Pedro Guimar\u00e3es usa a Caixa para fazer campanha eleitoral para o atual mandat\u00e1rio da Presid\u00eancia da Rep\u00fablica. No ano passado, o TSE (Tribunal Superior Eleitoral) reconheceu que, j\u00e1 naquela ocasi\u00e3o, havia evid\u00eancias de uso pessoal da Caixa para esta pr\u00e1tica. Agora, mais uma vez, ele faz uso da imagem do banco com a mesma finalidade. Esperamos que o Mist\u00e9rio P\u00fablico Eleitoral tome as provid\u00eancias que j\u00e1 tinham que ter sido tomadas\u201d, disse Fabiana.<\/p>\n<h3><strong>Privatista<\/strong><\/h3>\n<p>Mas, para a coordenadora da CEE\/Caixa, apesar de discordar do uso inapropriado da imagem do banco, o v\u00eddeo \u00e9 providencial. \u201cMostra exatamente o desprezo que ele e este governo t\u00eam pela coisa p\u00fablica, pelo banco p\u00fablico\u201d disse. \u201cQuerer se gabar de que este governo est\u00e1 vendendo a Caixa e que antes isso n\u00e3o existia \u00e9, no m\u00ednimo, falta de bom senso. Vender a Caixa n\u00e3o \u00e9 um bom neg\u00f3cio. S\u00f3 este governo privatista, sem compromisso com o pa\u00eds e com o povo brasileiro, acredita que se desfazer da Caixa e demais empresas p\u00fablicas seja um bom neg\u00f3cio\u201d, completou, lembrando que, em diversos pa\u00edses, est\u00e1 havendo uma onda de reestatiza\u00e7\u00e3o dos servi\u00e7os p\u00fablicos que haviam sido privatizados.<\/p>\n<p>O livro O Futuro \u00e9 P\u00fablico, baseado em uma pesquisa do\u00a0<em>Transnational Institute (TNI)<\/em>, um centro de estudos em democracia e sustentabilidade sediado na Holanda, revela que mais de 1,4 mil servi\u00e7os foram reestatizados no mundo todo entre 2000 e 2017. Na maioria dos casos, em decorr\u00eancia de a administra\u00e7\u00e3o pela iniciativa privada se mostrar problem\u00e1tica e ineficaz. No Brasil, a publica\u00e7\u00e3o foi realizada pela Federa\u00e7\u00e3o Nacional das Associa\u00e7\u00f5es do Pessoal da Caixa (Fenae).<\/p>\n<p>\u201cTrata-se de uma obra important\u00edssima, com diversas informa\u00e7\u00f5es que mostram os motivos pelos quais a privatiza\u00e7\u00e3o dos servi\u00e7os p\u00fablicos n\u00e3o \u00e9 um bom neg\u00f3cio para o pa\u00eds e tampouco para a popula\u00e7\u00e3o. Por isso, deve ser lida por todas as pessoas que defendem as empresas e os servi\u00e7os p\u00fablicos\u201d, afirmou o presidente da Fenae, Sergio Takemoto.<\/p>\n<p>Com um total de 15 cap\u00edtulos, divididos em duas partes, \u201cResgatando o servi\u00e7o p\u00fablico ao redor do mundo\u201d e \u201cDa (re)municipaliza\u00e7\u00e3o \u00e0 propriedade p\u00fablica democr\u00e1tica\u201d, o livro tamb\u00e9m est\u00e1 dispon\u00edvel, gratuitamente, em\u00a0<a href=\"https:\/\/bit.ly\/livrofuturo%C3%A9publico2022\" target=\"_blank\" rel=\"noopener noreferrer\">vers\u00e3o digital<\/a>.<\/p>\n<p><strong>Fonte: Contraf-CUT<\/strong><\/p>\n","protected":false},"excerpt":{"rendered":"<p>Mais uma vez, empregados da Caixa Econ\u00f4mica Federal est\u00e3o acusando o presidente do banco, Pedro Guimar\u00e3es, de utilizar o banco e sua imagem para fazer campanha eleitoral antecipada para o atual presidente da Rep\u00fablica. As den\u00fancias t\u00eam como base o v\u00eddeo \u201cCaixa: mudan\u00e7a hist\u00f3rica de postura garante investimentos a quem mais necessita\u201d, postado do canal [&hellip;]<\/p>\n","protected":false},"author":2,"featured_media":12555,"comment_status":"","ping_status":"","sticky":false,"template":"","format":"standard","meta":{"footnotes":""},"categories":[3],"tags":[],"class_list":["post-12556","post","type-post","status-publish","format-standard","has-post-thumbnail","hentry","category-noticias"],"_links":{"self":[{"href":"https:\/\/hostnetart.com.br\/baixada\/wp-json\/wp\/v2\/posts\/12556","targetHints":{"allow":["GET"]}}],"collection":[{"href":"https:\/\/hostnetart.com.br\/baixada\/wp-json\/wp\/v2\/posts"}],"about":[{"href":"https:\/\/hostnetart.com.br\/baixada\/wp-json\/wp\/v2\/types\/post"}],"author":[{"embeddable":true,"href":"https:\/\/hostnetart.com.br\/baixada\/wp-json\/wp\/v2\/users\/2"}],"replies":[{"embeddable":true,"href":"https:\/\/hostnetart.com.br\/baixada\/wp-json\/wp\/v2\/comments?post=12556"}],"version-history":[{"count":0,"href":"https:\/\/hostnetart.com.br\/baixada\/wp-json\/wp\/v2\/posts\/12556\/revisions"}],"wp:featuredmedia":[{"embeddable":true,"href":"https:\/\/hostnetart.com.br\/baixada\/wp-json\/wp\/v2\/media\/12555"}],"wp:attachment":[{"href":"https:\/\/hostnetart.com.br\/baixada\/wp-json\/wp\/v2\/media?parent=12556"}],"wp:term":[{"taxonomy":"category","embeddable":true,"href":"https:\/\/hostnetart.com.br\/baixada\/wp-json\/wp\/v2\/categories?post=12556"},{"taxonomy":"post_tag","embeddable":true,"href":"https:\/\/hostnetart.com.br\/baixada\/wp-json\/wp\/v2\/tags?post=12556"}],"curies":[{"name":"wp","href":"https:\/\/api.w.org\/{rel}","templated":true}]}}