{"id":12554,"date":"2022-05-20T13:57:06","date_gmt":"2022-05-20T16:57:06","guid":{"rendered":"https:\/\/hostnetart.com.br\/baixada\/funcionarios-do-bb-devem-voltar-ao-trabalho-presencial-ate-6-de-junho\/"},"modified":"2022-05-20T13:57:06","modified_gmt":"2022-05-20T16:57:06","slug":"funcionarios-do-bb-devem-voltar-ao-trabalho-presencial-ate-6-de-junho","status":"publish","type":"post","link":"https:\/\/hostnetart.com.br\/baixada\/funcionarios-do-bb-devem-voltar-ao-trabalho-presencial-ate-6-de-junho\/","title":{"rendered":"Funcion\u00e1rios do BB devem voltar ao trabalho presencial at\u00e9 6 de junho"},"content":{"rendered":"<p>Os 1276 funcion\u00e1rios do Banco do Brasil que est\u00e3o em trabalho remoto emergencial por serem autodeclarados do grupo de risco da covid-19 devem voltar para o trabalho presencial at\u00e9 o dia 6 de junho. O in\u00edcio do processo de retorno acontece a partir desta segunda-feira (23).<\/p>\n<p>\u201cA pandemia ainda n\u00e3o acabou. Inclusive as not\u00edcias s\u00e3o de que os casos v\u00eam aumentando. Por isso, n\u00e3o concordamos com o fim do Estado de Emerg\u00eancia e, consequentemente, com o retorno do grupo de risco ao trabalho presencial. Mas, o banco tinha estipulado que o retorno se daria j\u00e1 na pr\u00f3xima segunda-feira (23). Por isso, avaliamos que esta prorroga\u00e7\u00e3o \u00e9 uma conquista importante para os trabalhadores que ficaram muito tempo trabalhando das suas casas e precisam de uma adapta\u00e7\u00e3o para esse retorno, principalmente os do grupo de risco, que necessitam de cuidados especiais\u201d, comemorou o coordenador da Comiss\u00e3o de Empresa dos Funcion\u00e1rios do Banco do Brasil (CEBB), Jo\u00e3o Fukunaga.<\/p>\n<p>O retorno ao trabalho presencial foi definido depois do Governo Federal ter decretado o fim do Estado de Emerg\u00eancia de Sa\u00fade P\u00fablica de Import\u00e2ncia Nacional (Espin). Com isso, tamb\u00e9m se encerra o Acordo Emergencial de Covid-19, que autorizou o trabalho em home office.<\/p>\n<h3>Horas negativas<\/h3>\n<p>O acordo coletivo emergencial do Banco do Brasil, aprovado pelos funcion\u00e1rios em junho de 2020, previa a anistia de 10% do saldo total de horas negativas a compensar, com prazo de compensa\u00e7\u00e3o de horas negativas de 18 meses. Caso n\u00e3o fossem pagas, os funcion\u00e1rios teriam essas horas descontadas do seu pagamento.<\/p>\n<p>Nesta quinta-feira, o banco apresentou o quadro de funcion\u00e1rios que est\u00e3o com horas negativas. \u201cA pandemia durou um tempo maior do que o imagin\u00e1vel. Com isso, um grupo de trabalhadores acumulou um banco de horas negativas muito grande, imposs\u00edvel de ser compensado. Com os dados em m\u00e3os, n\u00f3s vamos debater uma proposta para apresentar ao banco na pr\u00f3xima reuni\u00e3o\u201d, disse a secret\u00e1ria da Mulher e representante da Contraf-CUT nas negocia\u00e7\u00f5es com o Banco do Brasil, Fernanda Lopes.<\/p>\n<h3>Descomissionamento<\/h3>\n<p>O acordo coletivo emergencial tamb\u00e9m continha o compromisso do BB de n\u00e3o descomissionamento por desempenho enquanto durar a pandemia. Com o fim da Espin, o movimento sindical pede uma negocia\u00e7\u00e3o para evitar esse movimento em massa. O assunto tamb\u00e9m volta a ser debatido na pr\u00f3xima reuni\u00e3o, que ficou marcada para a pr\u00f3xima ter\u00e7a-feira (24), \u00e0s 10h.<\/p>\n<p><strong>Fonte: Contraf-CUT<\/strong><\/p>\n","protected":false},"excerpt":{"rendered":"<p>Os 1276 funcion\u00e1rios do Banco do Brasil que est\u00e3o em trabalho remoto emergencial por serem autodeclarados do grupo de risco da covid-19 devem voltar para o trabalho presencial at\u00e9 o dia 6 de junho. O in\u00edcio do processo de retorno acontece a partir desta segunda-feira (23). \u201cA pandemia ainda n\u00e3o acabou. Inclusive as not\u00edcias s\u00e3o [&hellip;]<\/p>\n","protected":false},"author":2,"featured_media":12553,"comment_status":"","ping_status":"","sticky":false,"template":"","format":"standard","meta":{"footnotes":""},"categories":[3],"tags":[],"class_list":["post-12554","post","type-post","status-publish","format-standard","has-post-thumbnail","hentry","category-noticias"],"_links":{"self":[{"href":"https:\/\/hostnetart.com.br\/baixada\/wp-json\/wp\/v2\/posts\/12554","targetHints":{"allow":["GET"]}}],"collection":[{"href":"https:\/\/hostnetart.com.br\/baixada\/wp-json\/wp\/v2\/posts"}],"about":[{"href":"https:\/\/hostnetart.com.br\/baixada\/wp-json\/wp\/v2\/types\/post"}],"author":[{"embeddable":true,"href":"https:\/\/hostnetart.com.br\/baixada\/wp-json\/wp\/v2\/users\/2"}],"replies":[{"embeddable":true,"href":"https:\/\/hostnetart.com.br\/baixada\/wp-json\/wp\/v2\/comments?post=12554"}],"version-history":[{"count":0,"href":"https:\/\/hostnetart.com.br\/baixada\/wp-json\/wp\/v2\/posts\/12554\/revisions"}],"wp:featuredmedia":[{"embeddable":true,"href":"https:\/\/hostnetart.com.br\/baixada\/wp-json\/wp\/v2\/media\/12553"}],"wp:attachment":[{"href":"https:\/\/hostnetart.com.br\/baixada\/wp-json\/wp\/v2\/media?parent=12554"}],"wp:term":[{"taxonomy":"category","embeddable":true,"href":"https:\/\/hostnetart.com.br\/baixada\/wp-json\/wp\/v2\/categories?post=12554"},{"taxonomy":"post_tag","embeddable":true,"href":"https:\/\/hostnetart.com.br\/baixada\/wp-json\/wp\/v2\/tags?post=12554"}],"curies":[{"name":"wp","href":"https:\/\/api.w.org\/{rel}","templated":true}]}}