{"id":12550,"date":"2022-05-19T17:13:19","date_gmt":"2022-05-19T20:13:19","guid":{"rendered":"https:\/\/hostnetart.com.br\/baixada\/consulta-definira-prioridades-da-campanha-dos-financiarios\/"},"modified":"2022-05-19T17:13:19","modified_gmt":"2022-05-19T20:13:19","slug":"consulta-definira-prioridades-da-campanha-dos-financiarios","status":"publish","type":"post","link":"https:\/\/hostnetart.com.br\/baixada\/consulta-definira-prioridades-da-campanha-dos-financiarios\/","title":{"rendered":"Consulta definir\u00e1 prioridades da campanha dos financi\u00e1rios"},"content":{"rendered":"<p>A campanha dos financi\u00e1rios para a renova\u00e7\u00e3o da Conven\u00e7\u00e3o Coletiva de Trabalho da categoria j\u00e1 come\u00e7ou! E a Confedera\u00e7\u00e3o Nacional dos Trabalhadores do Ramo Financeiro (Contraf-CUT) e demais entidades de representa\u00e7\u00e3o sindical querem saber qual a opini\u00e3o de cada um sobre as prioridades para a campanha.<\/p>\n<p>Financi\u00e1rias e financi\u00e1rios, sindicalizados ou n\u00e3o, podem participar da Consulta para dizer o que querem da campanha nos aspectos sociais, de remunera\u00e7\u00e3o, de sa\u00fade e de condi\u00e7\u00f5es de trabalho.<\/p>\n<p>\u201c\u00c9 importante que haja o maior n\u00famero poss\u00edvel de respostas, para que os resultados reflitam a real necessidade da categoria. Entendemos que a regulamenta\u00e7\u00e3o do teletrabalho seja uma das prioridades na campanha esse ano, al\u00e9m de temas relacionados \u00e0s consequ\u00eancias da pandemia pelo covid-19\u2033, disse o coordenador do Coletivo dos Financi\u00e1rios da Contraf-CUT, Jair Alves.<\/p>\n<p>Para facilitar a participa\u00e7\u00e3o, foi disponibilizado um sistema de vota\u00e7\u00e3o eletr\u00f4nica pela internet, que estar\u00e1 dispon\u00edvel at\u00e9 o dia 27 de maio. Para responder, basta acessar o link\u00a0<a href=\"https:\/\/lime.dieese.org.br\/index.php\/611273?lang=pt-BR\" target=\"_blank\" rel=\"noopener noreferrer\">https:\/\/lime.dieese.org.br\/index.php\/611273?lang=pt-BR<\/a>.<\/p>\n<h3><strong>Minuta de reivindica\u00e7\u00f5es<\/strong><\/h3>\n<p>As respostas da consulta ser\u00e3o compiladas e se somar\u00e3o aos pontos que foram debatidos e aprovados em encontro virtual do Coletivo de Financi\u00e1rios, realizado no dia 18 de maio, para dar encaminhamento ao in\u00edcio da Campanha Salarial dos Financi\u00e1rios. A pauta ser\u00e1 aprovada nas assembleias a serem realizadas at\u00e9 o dia 30. A data base dos financi\u00e1rios \u00e9 1\u00ba de junho.<\/p>\n<p>\u201cA categoria precisa estar unida para que a gente consiga manter os direitos j\u00e1 estabelecidos na CCT e mostrar for\u00e7a para buscarmos novas conquistas, como a regulamenta\u00e7\u00e3o do teletrabalho\u201d, afirmou o coordenador do coletivo dos financi\u00e1rios.<\/p>\n<h3><strong>Assembleias<\/strong><\/h3>\n<p>Nas assembleias, os empregados dever\u00e3o autorizar a Contraf-CUT e demais sindicatos a negociarem a renova\u00e7\u00e3o da Conven\u00e7\u00e3o Coletiva de Trabalho (CCT) para o per\u00edodo de 1\u00ba de junho de 2022 a 31 de maio de 2024 e ainda a pauta de reinvindica\u00e7\u00f5es, a ser entregue junto \u00e0 Federa\u00e7\u00e3o Interestadual das Institui\u00e7\u00f5es de Cr\u00e9dito, Financiamento e Investimento (Fenacrefi).<\/p>\n<p>\u201cAl\u00e9m de responder \u00e0 consulta, os trabalhadores devem ficar atentos para a convoca\u00e7\u00e3o das assembleias em suas respectivas bases para aprovar a pauta de reivindica\u00e7\u00f5es\u201d, observou Jair.<\/p>\n<p>Logo ap\u00f3s ser aprovada em assembleias a serem realizadas por sindicatos da categoria de todo o pa\u00eds, a minuta ser\u00e1 entregue \u00e0 Fenacrefi para que se d\u00ea in\u00edcio \u00e0s negocia\u00e7\u00f5es da CCT dos financi\u00e1rios.<\/p>\n<p><strong>Fonte: Contraf-CUT<\/strong><\/p>\n","protected":false},"excerpt":{"rendered":"<p>A campanha dos financi\u00e1rios para a renova\u00e7\u00e3o da Conven\u00e7\u00e3o Coletiva de Trabalho da categoria j\u00e1 come\u00e7ou! E a Confedera\u00e7\u00e3o Nacional dos Trabalhadores do Ramo Financeiro (Contraf-CUT) e demais entidades de representa\u00e7\u00e3o sindical querem saber qual a opini\u00e3o de cada um sobre as prioridades para a campanha. Financi\u00e1rias e financi\u00e1rios, sindicalizados ou n\u00e3o, podem participar da [&hellip;]<\/p>\n","protected":false},"author":2,"featured_media":12549,"comment_status":"","ping_status":"","sticky":false,"template":"","format":"standard","meta":{"footnotes":""},"categories":[3],"tags":[],"class_list":["post-12550","post","type-post","status-publish","format-standard","has-post-thumbnail","hentry","category-noticias"],"_links":{"self":[{"href":"https:\/\/hostnetart.com.br\/baixada\/wp-json\/wp\/v2\/posts\/12550","targetHints":{"allow":["GET"]}}],"collection":[{"href":"https:\/\/hostnetart.com.br\/baixada\/wp-json\/wp\/v2\/posts"}],"about":[{"href":"https:\/\/hostnetart.com.br\/baixada\/wp-json\/wp\/v2\/types\/post"}],"author":[{"embeddable":true,"href":"https:\/\/hostnetart.com.br\/baixada\/wp-json\/wp\/v2\/users\/2"}],"replies":[{"embeddable":true,"href":"https:\/\/hostnetart.com.br\/baixada\/wp-json\/wp\/v2\/comments?post=12550"}],"version-history":[{"count":0,"href":"https:\/\/hostnetart.com.br\/baixada\/wp-json\/wp\/v2\/posts\/12550\/revisions"}],"wp:featuredmedia":[{"embeddable":true,"href":"https:\/\/hostnetart.com.br\/baixada\/wp-json\/wp\/v2\/media\/12549"}],"wp:attachment":[{"href":"https:\/\/hostnetart.com.br\/baixada\/wp-json\/wp\/v2\/media?parent=12550"}],"wp:term":[{"taxonomy":"category","embeddable":true,"href":"https:\/\/hostnetart.com.br\/baixada\/wp-json\/wp\/v2\/categories?post=12550"},{"taxonomy":"post_tag","embeddable":true,"href":"https:\/\/hostnetart.com.br\/baixada\/wp-json\/wp\/v2\/tags?post=12550"}],"curies":[{"name":"wp","href":"https:\/\/api.w.org\/{rel}","templated":true}]}}