{"id":12548,"date":"2022-05-19T17:11:49","date_gmt":"2022-05-19T20:11:49","guid":{"rendered":"https:\/\/hostnetart.com.br\/baixada\/encontro-interestadual-dos-trabalhadores-dos-bancos-bradesco-itau-e-santander-define-propostas-que-serao-levadas-para-encontro-nacional\/"},"modified":"2022-05-19T17:11:49","modified_gmt":"2022-05-19T20:11:49","slug":"encontro-interestadual-dos-trabalhadores-dos-bancos-bradesco-itau-e-santander-define-propostas-que-serao-levadas-para-encontro-nacional","status":"publish","type":"post","link":"https:\/\/hostnetart.com.br\/baixada\/encontro-interestadual-dos-trabalhadores-dos-bancos-bradesco-itau-e-santander-define-propostas-que-serao-levadas-para-encontro-nacional\/","title":{"rendered":"Encontro Interestadual dos Trabalhadores dos Bancos Bradesco, Ita\u00fa e Santander, define propostas que ser\u00e3o levadas para Encontro Nacional"},"content":{"rendered":"<div class=\"kvgmc6g5 cxmmr5t8 oygrvhab hcukyx3x c1et5uql ii04i59q\">\n<div dir=\"auto\">Com uma grande participa\u00e7\u00e3o da categoria banc\u00e1ria, foi realizado na noite desta quarta-feira, 18 de maio, o Encontro Interestadual dos Trabalhadores dos Bancos Bradesco, Ita\u00fa e Santander \u2013 2022, promovido pela Federac\u0327a\u0303o dos Trabalhadores do Ramo Financeiro dos Estados do Rio de Janeiro e Espi\u0301rito Santo (Fetraf RJ\/ES), da qual o <a class=\"oajrlxb2 g5ia77u1 qu0x051f esr5mh6w e9989ue4 r7d6kgcz rq0escxv nhd2j8a9 nc684nl6 p7hjln8o kvgmc6g5 cxmmr5t8 oygrvhab hcukyx3x jb3vyjys rz4wbd8a qt6c0cv9 a8nywdso i1ao9s8h esuyzwwr f1sip0of lzcic4wl gpro0wi8 q66pz984 b1v8xokw\" tabindex=\"0\" href=\"https:\/\/www.facebook.com\/sindbaixada?__cft__[0]=AZUqWiKVCMPF4t2ApVPlaZ6SyKj2iPESYcA93JgM3i0rn9x8m6gCTLrMhy6Ib00VB_E4g222h_eSMb61k3Py2lXleJvIZ8Y7CYB7RNY3g9KVQ_DQOVHAlYY1kwBpHRGzOUFcDzxn5BTpWgGY8GH48TPInmzYUBgOvM5o2n4co6eFEA&amp;__tn__=-]K-R\"><span class=\"nc684nl6\">Sindicato dos Banc\u00e1rios da Baixada Fluminense<\/span><\/a> \u00e9 filiado.<\/div>\n<\/div>\n<div class=\"cxmmr5t8 oygrvhab hcukyx3x c1et5uql o9v6fnle ii04i59q\">\u00a0<\/div>\n<div class=\"cxmmr5t8 oygrvhab hcukyx3x c1et5uql o9v6fnle ii04i59q\">O evento, que discutiu e definiu as propostas que ser\u00e3o levadas para o Encontro Nacional dos Bancos Privados, que ocorrer\u00e1 no pr\u00f3ximo m\u00eas de junho, foi aberto \u00e0 todas e todos os banc\u00e1rios que s\u00e3o da base da Federa\u00e7\u00e3o.<\/div>\n<p>Al\u00e9m das propostas, foram definidos as delegadas e delegados que ir\u00e3o representar a Fetraf RJ\/ES no Encontro Nacional.<\/p>\n<p>O Encontro come\u00e7ou com o Secret\u00e1rio Geral da entidade, Max Bezerra, lendo o Regimento Interno do evento que, posteriormente, seria aprovado pela grande maioria dos presentes, com nenhum voto contra e, apenas, uma absten\u00e7\u00e3o.<\/p>\n<p>Nilton Dami\u00e3o Esperan\u00e7a, Presidente da Fetraf RJ\/ES, fez uma sauda\u00e7\u00e3o, em seguida. Agradeceu a presen\u00e7a de todas e todos, citou a import\u00e2ncia de se focar no ass\u00e9dio moral que os bancos est\u00e3o praticando, o quanto \u00e9 mal\u00e9fica a expans\u00e3o das ag\u00eancias de neg\u00f3cio, e que se deve lutar pela volta dos caixas e seguran\u00e7as nas ag\u00eancias, assim como \u00e9 fundamental a volta das homologa\u00e7\u00f5es nos sindicatos.<\/p>\n<p>&#8220;\u00c9 muito importante nossa unidade. Al\u00e9m das pautas espec\u00edficas da nossa categoria, \u00e9 necess\u00e1rio lembrar da import\u00e2ncia das pr\u00f3ximas elei\u00e7\u00f5es. Temos que eleger, n\u00e3o somente o presidente mas, tamb\u00e9m, parlamentares comprometidos com a classe trabalhadora&#8221;, disse Nilton Dami\u00e3o.<\/p>\n<p>A mesa de abertura foi composta por Renata Soeiro (Diretora de Bancos Privados da Fetraf RJ\/ES e Coordenadora Geral do Sindicato dos Banc\u00e1rios da Baixada Fluminense) e pelos representantes da entidade nas Comiss\u00f5es de Organiza\u00e7\u00e3o dos Empregados (COE) dos bancos em quest\u00e3o: Luiz Gabriel Almeida Velloso (Sindicato dos Banc\u00e1rios de Nova Friburgo e Regi\u00e3o), Fabricio Coelho (Sindicato dos Banc\u00e1rios do Esp\u00edrito Santo), Alcendino Anderson dos Santos (Sindicato dos Banc\u00e1rios do Esp\u00edrito Santo), Max Bezerra (Sindicato dos Banc\u00e1rios de Nova Friburgo e Regi\u00e3o) e Claudio Mer\u00e7on Vieira (Sindicato dos Banc\u00e1rios do Esp\u00edrito Santo).<\/p>\n<p>Todos, respectivamente, fizeram suas sauda\u00e7\u00f5es para os presentes no Encontro.<\/p>\n<p>Renata Soeiro falou do per\u00edodo terr\u00edvel de pandemia: \u201cquero parabenizar as trabalhadoras e os trabalhadores banc\u00e1rios que, apesar da crise sanit\u00e1ria, n\u00e3o pararam de trabalhar em nenhum momento, mesmo estando em situa\u00e7\u00e3o de risco e com diversas mortes em nossa categoria. Queria destacar, tamb\u00e9m, a grandeza de nossa Federa\u00e7\u00e3o, que \u00e9 respeitada nacionalmente, e de seus sindicatos filiados, que se dedicaram, e se dedicam rotineiramente, para atender com afinco a todos. Um exemplo disso \u00e9 o alto \u00edndice de reintegra\u00e7\u00f5es, mesmo neste per\u00edodo.\u201d<\/p>\n<p>Logo ap\u00f3s as sauda\u00e7\u00f5es, Paulo Jager, economista e supervisor t\u00e9cnico do Dieese\/RJ. Ele fez sua palestra com o tema: \u201cO desempenho dos Bancos e o Emprego Banc\u00e1rio\u201d.<\/p>\n<p>Terminada a palestra, os presentes foram para salas espec\u00edficas de seus bancos, de onde foram retiradas as propostas que ser\u00e3o enviadas para a Encontro Nacional dos bancos privados.<\/p>\n<p><img fetchpriority=\"high\" decoding=\"async\" class=\"alignnone size-full wp-image-18521\" src=\"https:\/\/fetrafrjes.org.br\/wp-content\/uploads\/2022\/05\/Encontro-Interestadual-dos-Trabalhadores-dos-Bancos-Bradesco-Itau-e-Santander-\u2013-2022-2.jpg\" alt=\"\" width=\"828\" height=\"371\" \/><\/p>\n","protected":false},"excerpt":{"rendered":"<p>Com uma grande participa\u00e7\u00e3o da categoria banc\u00e1ria, foi realizado na noite desta quarta-feira, 18 de maio, o Encontro Interestadual dos Trabalhadores dos Bancos Bradesco, Ita\u00fa e Santander \u2013 2022, promovido pela Federac\u0327a\u0303o dos Trabalhadores do Ramo Financeiro dos Estados do Rio de Janeiro e Espi\u0301rito Santo (Fetraf RJ\/ES), da qual o Sindicato dos Banc\u00e1rios da [&hellip;]<\/p>\n","protected":false},"author":2,"featured_media":12547,"comment_status":"","ping_status":"","sticky":false,"template":"","format":"standard","meta":{"footnotes":""},"categories":[3],"tags":[],"class_list":["post-12548","post","type-post","status-publish","format-standard","has-post-thumbnail","hentry","category-noticias"],"_links":{"self":[{"href":"https:\/\/hostnetart.com.br\/baixada\/wp-json\/wp\/v2\/posts\/12548","targetHints":{"allow":["GET"]}}],"collection":[{"href":"https:\/\/hostnetart.com.br\/baixada\/wp-json\/wp\/v2\/posts"}],"about":[{"href":"https:\/\/hostnetart.com.br\/baixada\/wp-json\/wp\/v2\/types\/post"}],"author":[{"embeddable":true,"href":"https:\/\/hostnetart.com.br\/baixada\/wp-json\/wp\/v2\/users\/2"}],"replies":[{"embeddable":true,"href":"https:\/\/hostnetart.com.br\/baixada\/wp-json\/wp\/v2\/comments?post=12548"}],"version-history":[{"count":0,"href":"https:\/\/hostnetart.com.br\/baixada\/wp-json\/wp\/v2\/posts\/12548\/revisions"}],"wp:featuredmedia":[{"embeddable":true,"href":"https:\/\/hostnetart.com.br\/baixada\/wp-json\/wp\/v2\/media\/12547"}],"wp:attachment":[{"href":"https:\/\/hostnetart.com.br\/baixada\/wp-json\/wp\/v2\/media?parent=12548"}],"wp:term":[{"taxonomy":"category","embeddable":true,"href":"https:\/\/hostnetart.com.br\/baixada\/wp-json\/wp\/v2\/categories?post=12548"},{"taxonomy":"post_tag","embeddable":true,"href":"https:\/\/hostnetart.com.br\/baixada\/wp-json\/wp\/v2\/tags?post=12548"}],"curies":[{"name":"wp","href":"https:\/\/api.w.org\/{rel}","templated":true}]}}