{"id":12544,"date":"2022-05-18T03:28:11","date_gmt":"2022-05-18T06:28:11","guid":{"rendered":"https:\/\/hostnetart.com.br\/baixada\/casos-de-covid-19-voltam-a-acelerar-no-brasil-em-30-dias-media-movel-subiu-33\/"},"modified":"2022-05-18T03:28:11","modified_gmt":"2022-05-18T06:28:11","slug":"casos-de-covid-19-voltam-a-acelerar-no-brasil-em-30-dias-media-movel-subiu-33","status":"publish","type":"post","link":"https:\/\/hostnetart.com.br\/baixada\/casos-de-covid-19-voltam-a-acelerar-no-brasil-em-30-dias-media-movel-subiu-33\/","title":{"rendered":"Casos de covid-19 voltam a acelerar no Brasil; em 30 dias, m\u00e9dia m\u00f3vel subiu 33%"},"content":{"rendered":"<p>Nesta ter\u00e7a-feira (17), o Brasil registrou 229 mortes e 26.386 casos de covid-19 nas \u00faltimas 24 horas, de acordo com o Conselho Nacional de Secret\u00e1rios de Sa\u00fade (<a href=\"https:\/\/www.cnnbrasil.com.br\/tudo-sobre\/conselho-nacional-de-secretarios-de-saude-conass\/\">Conass<\/a>). \u00c9 o maior n\u00famero de casos desde 20 de abril. A m\u00e9dia m\u00f3vel de casos calculada em sete dias ficou em 19.128, e tamb\u00e9m vem subindo gradualmente no \u00faltimo m\u00eas. Na compara\u00e7\u00e3o com 17 de abril, a m\u00e9dia de casos oficialmente registrados aumentou 33%.<\/p>\n<p>A m\u00e9dia m\u00f3vel de \u00f3bitos ficou em 118, alta de 27% em rela\u00e7\u00e3o h\u00e1 14 dias. O Acre n\u00e3o atualizou os dados, por problemas nos sistemas de informa\u00e7\u00e3o. Ao todo, desde o in\u00edcio da pandemia, o Brasil tem 665.216 \u00f3bitos e cerca de 30,7 milh\u00f5es de casos de covid-19 confirmados oficialmente.<\/p>\n<p>Al\u00e9m disso, a taxa de transmiss\u00e3o da covid-19 no pa\u00eds atualmente est\u00e1 em 1,22. Significa que que cada 100 pessoas infectadas transmitem a doen\u00e7a para outras 122. Conforme estimativa da plataforma\u00a0<a href=\"https:\/\/www.spcovid.net.br\/\" target=\"_blank\" rel=\"noopener noreferrer\">Info Tracker<\/a>\u00a0(USP\/Unesp), essa taxa deve chegar a 1,39 na pr\u00f3xima segunda-feira (23), o que indica que a transmiss\u00e3o est\u00e1 acelerando.<\/p>\n<p>Com a chegada das baixas temperaturas, o risco de transmiss\u00e3o aumenta, na medida em que as pessoas tendem a reduzir a circula\u00e7\u00e3o de ar nos ambientes. Assim, para evitar um novo surto da doen\u00e7a, o ideal \u00e9 evitar espa\u00e7os fechados com aglomera\u00e7\u00e3o, ou usar m\u00e1scaras nesses locais.<\/p>\n<p>Outra recomenda\u00e7\u00e3o fundamental dos especialistas \u00e9 atualizar a vacina\u00e7\u00e3o. At\u00e9 o momento, somente 55,58%\u00a0da popula\u00e7\u00e3o com 18 anos de idade ou mais j\u00e1 tomou a dose de refor\u00e7o. Ap\u00f3s o surgimento da variante\u00a0<a href=\"https:\/\/www.redebrasilatual.com.br\/saude-e-ciencia\/2022\/01\/todos-precisam-da-3a-dose-para-se-proteger-da-variante-omicron-e-desfiles-de-carnaval-tem-de-ser-cancelados\/\" target=\"_blank\" rel=\"noopener noreferrer\">\u00f4micron<\/a>, assim como as suas\u00a0<a href=\"https:\/\/www.redebrasilatual.com.br\/saude-e-ciencia\/2022\/05\/nao-sabemos-o-que-esta-por-vir-alerta-oms-sobre-subvariantes-da-omicron\/\" target=\"_blank\" rel=\"noopener noreferrer\">subvariantes<\/a>, a terceira dose \u00e9 essencial para prevenir os casos graves da doen\u00e7a. Al\u00e9m disso, a imunidade conferida pelas vacinas v\u00e3o declinando ao longo.<\/p>\n<h2>Alerta<\/h2>\n<p>Da mesma forma, o m\u00e9dico\u00a0Marcio\u00a0Bittencourt, do Hospital Universit\u00e1rio (HU) da USP, alertou que hoje o n\u00famero de novas interna\u00e7\u00f5es di\u00e1rias pela covid-19 em S\u00e3o Paulo ficou acima de 200. O estado n\u00e3o registrava tal marca desde o dia 24 de mar\u00e7o. \u201cO mesmo impacto come\u00e7a a ser vis\u00edvel no aumento de mortes\u201d, alertou pelo\u00a0<a href=\"https:\/\/twitter.com\/MBittencourtMD\/status\/1526606720033865729\">Twitter<\/a>.<\/p>\n<p>O bi\u00f3logo e divulgador cient\u00edfico\u00a0\u00c1tila Iamarino tamb\u00e9m chamou a aten\u00e7\u00e3o para o aumento dos casos e \u00f3bitos. \u201cSe voc\u00ea j\u00e1 teve covid, isso n\u00e3o impede de pegar de novo. Tome sua dose de refor\u00e7o e se proteja. Vem outro aumento pela frente, mesmo que tempor\u00e1rio\u201d, tuitou.<\/p>\n<p><strong>Fonte: Rede Brasil Atual<\/strong><\/p>\n","protected":false},"excerpt":{"rendered":"<p>Nesta ter\u00e7a-feira (17), o Brasil registrou 229 mortes e 26.386 casos de covid-19 nas \u00faltimas 24 horas, de acordo com o Conselho Nacional de Secret\u00e1rios de Sa\u00fade (Conass). \u00c9 o maior n\u00famero de casos desde 20 de abril. A m\u00e9dia m\u00f3vel de casos calculada em sete dias ficou em 19.128, e tamb\u00e9m vem subindo gradualmente [&hellip;]<\/p>\n","protected":false},"author":2,"featured_media":12543,"comment_status":"","ping_status":"","sticky":false,"template":"","format":"standard","meta":{"footnotes":""},"categories":[3],"tags":[],"class_list":["post-12544","post","type-post","status-publish","format-standard","has-post-thumbnail","hentry","category-noticias"],"_links":{"self":[{"href":"https:\/\/hostnetart.com.br\/baixada\/wp-json\/wp\/v2\/posts\/12544","targetHints":{"allow":["GET"]}}],"collection":[{"href":"https:\/\/hostnetart.com.br\/baixada\/wp-json\/wp\/v2\/posts"}],"about":[{"href":"https:\/\/hostnetart.com.br\/baixada\/wp-json\/wp\/v2\/types\/post"}],"author":[{"embeddable":true,"href":"https:\/\/hostnetart.com.br\/baixada\/wp-json\/wp\/v2\/users\/2"}],"replies":[{"embeddable":true,"href":"https:\/\/hostnetart.com.br\/baixada\/wp-json\/wp\/v2\/comments?post=12544"}],"version-history":[{"count":0,"href":"https:\/\/hostnetart.com.br\/baixada\/wp-json\/wp\/v2\/posts\/12544\/revisions"}],"wp:featuredmedia":[{"embeddable":true,"href":"https:\/\/hostnetart.com.br\/baixada\/wp-json\/wp\/v2\/media\/12543"}],"wp:attachment":[{"href":"https:\/\/hostnetart.com.br\/baixada\/wp-json\/wp\/v2\/media?parent=12544"}],"wp:term":[{"taxonomy":"category","embeddable":true,"href":"https:\/\/hostnetart.com.br\/baixada\/wp-json\/wp\/v2\/categories?post=12544"},{"taxonomy":"post_tag","embeddable":true,"href":"https:\/\/hostnetart.com.br\/baixada\/wp-json\/wp\/v2\/tags?post=12544"}],"curies":[{"name":"wp","href":"https:\/\/api.w.org\/{rel}","templated":true}]}}