{"id":12536,"date":"2022-05-17T16:33:53","date_gmt":"2022-05-17T19:33:53","guid":{"rendered":"https:\/\/hostnetart.com.br\/baixada\/movimento-sindical-e-dirigentes-eleitos-da-previ-sao-contrarios-a-retirada-de-patrocinio\/"},"modified":"2022-05-17T16:33:53","modified_gmt":"2022-05-17T19:33:53","slug":"movimento-sindical-e-dirigentes-eleitos-da-previ-sao-contrarios-a-retirada-de-patrocinio","status":"publish","type":"post","link":"https:\/\/hostnetart.com.br\/baixada\/movimento-sindical-e-dirigentes-eleitos-da-previ-sao-contrarios-a-retirada-de-patrocinio\/","title":{"rendered":"Movimento sindical e dirigentes eleitos da Previ s\u00e3o contr\u00e1rios \u00e0 retirada de patroc\u00ednio"},"content":{"rendered":"<p>Os diretores e conselheiros eleitos da Previ far\u00e3o na pr\u00f3xima quarta-feira (18) uma live para discutir com os associados as perspectivas para o futuro e, principalmente, a defesa da Previ contra interfer\u00eancias externas. Este tema que ganhou relev\u00e2ncia nos \u00faltimos dias com os rumores sobre a consulta p\u00fablica que est\u00e1 sendo realizada pela Superintend\u00eancia Nacional de Previd\u00eancia Complementar (Previc) relativa \u00e0 Resolu\u00e7\u00e3o 53, editada em mar\u00e7o \u00faltimo.<\/p>\n<p>\u201cO movimento sindical, os dirigentes eleitos da Previ e a Anapar est\u00e3o acompanhando de perto a pol\u00eamica sobre retirada de patroc\u00ednio dos fundos de pens\u00e3o, al\u00e9m das outras discuss\u00f5es nos \u00f3rg\u00e3os reguladores do sistema que possam representar risco ou amea\u00e7a aos direitos dos trabalhadores nos fundos de pens\u00e3o. Jamais aceitaremos perdas de direitos dos trabalhadores em seus fundos de pens\u00e3o\u201d, avisa Jo\u00e3o Luiz Fukunaga, coordenador da Comiss\u00e3o de Empresa dos Funcion\u00e1rios do Banco do Brasil.<\/p>\n<h3>Live discutir\u00e1 interfer\u00eancias<\/h3>\n<p>Esse ser\u00e1 um dos principais temas da live dos dirigentes eleitos na quarta-feira 18, \u00e0s 18h30, pelos canais do Associados Previ no YouTube e no Facebook. Participar\u00e3o os diretores reeleitos M\u00e1rcio de Souza (Administra\u00e7\u00e3o) e Paula Goto (Planejamento) e os conselheiros deliberativos reeleitos S\u00e9rgio Riede e Luciana Bagno.<\/p>\n<p>\u201cQueremos tirar as d\u00favidas dos associados e esclarecer o que est\u00e1 acontecendo, diante das pol\u00eamicas que est\u00e3o circulando nas redes sociais, muitas vezes com informa\u00e7\u00f5es equivocadas, sobre retirada de patroc\u00ednio dos fundos de pens\u00e3o fechados\u201d, diz Wagner Nascimento, diretor eleito de Seguridade da Previ.<\/p>\n<p>\u201cOs dirigentes eleitos da Previ sempre foram contr\u00e1rios \u00e0 retirada de patroc\u00ednio e lutamos para defender os interesses dos associados e ampliar nossos direitos. Estamos acompanhando atentamente as discuss\u00f5es que ocorrem nas entidades reguladoras do sistema de previd\u00eancia complementar\u201d, acrescenta.<\/p>\n<p>Wagner esclarece que a consulta p\u00fablica que est\u00e1 sendo realizada pela Previc trata de procedimentos para a implementa\u00e7\u00e3o da Resolu\u00e7\u00e3o 53 do Conselho Nacional de Previd\u00eancia Complementar (CNPC) e n\u00e3o faz nenhuma refer\u00eancia espec\u00edfica \u00e0 Previ ou ao Banco do Brasil. Essa nova Resolu\u00e7\u00e3o substitui a de n\u00famero 11, de 2013, que regulamentou os processos de retirada de patroc\u00ednio dos fundos de pens\u00e3o fechados.<\/p>\n<p>Esse tema foi institu\u00eddo com a Lei 6435, de 1977, que j\u00e1 previa a liquida\u00e7\u00e3o extrajudicial das entidades de previd\u00eancia, por meio de interven\u00e7\u00e3o decretada pelo \u00f3rg\u00e3o fiscalizador. A Lei Complementar 109, de 2001, introduziu a possibilidade de retirada de patroc\u00ednio pela empresa patrocinadora. Mas o tema s\u00f3 foi regulamentado pela Resolu\u00e7\u00e3o 11\/2013, para estabelecer as condi\u00e7\u00f5es e garantias que deveriam ser dadas aos participantes em caso de retirada. A nova Resolu\u00e7\u00e3o 53 ajustou a reda\u00e7\u00e3o da resolu\u00e7\u00e3o anterior.<\/p>\n<p><strong>Fonte: Contraf-CUT<\/strong><\/p>\n","protected":false},"excerpt":{"rendered":"<p>Os diretores e conselheiros eleitos da Previ far\u00e3o na pr\u00f3xima quarta-feira (18) uma live para discutir com os associados as perspectivas para o futuro e, principalmente, a defesa da Previ contra interfer\u00eancias externas. Este tema que ganhou relev\u00e2ncia nos \u00faltimos dias com os rumores sobre a consulta p\u00fablica que est\u00e1 sendo realizada pela Superintend\u00eancia Nacional [&hellip;]<\/p>\n","protected":false},"author":2,"featured_media":12535,"comment_status":"","ping_status":"","sticky":false,"template":"","format":"standard","meta":{"footnotes":""},"categories":[3],"tags":[],"class_list":["post-12536","post","type-post","status-publish","format-standard","has-post-thumbnail","hentry","category-noticias"],"_links":{"self":[{"href":"https:\/\/hostnetart.com.br\/baixada\/wp-json\/wp\/v2\/posts\/12536","targetHints":{"allow":["GET"]}}],"collection":[{"href":"https:\/\/hostnetart.com.br\/baixada\/wp-json\/wp\/v2\/posts"}],"about":[{"href":"https:\/\/hostnetart.com.br\/baixada\/wp-json\/wp\/v2\/types\/post"}],"author":[{"embeddable":true,"href":"https:\/\/hostnetart.com.br\/baixada\/wp-json\/wp\/v2\/users\/2"}],"replies":[{"embeddable":true,"href":"https:\/\/hostnetart.com.br\/baixada\/wp-json\/wp\/v2\/comments?post=12536"}],"version-history":[{"count":0,"href":"https:\/\/hostnetart.com.br\/baixada\/wp-json\/wp\/v2\/posts\/12536\/revisions"}],"wp:featuredmedia":[{"embeddable":true,"href":"https:\/\/hostnetart.com.br\/baixada\/wp-json\/wp\/v2\/media\/12535"}],"wp:attachment":[{"href":"https:\/\/hostnetart.com.br\/baixada\/wp-json\/wp\/v2\/media?parent=12536"}],"wp:term":[{"taxonomy":"category","embeddable":true,"href":"https:\/\/hostnetart.com.br\/baixada\/wp-json\/wp\/v2\/categories?post=12536"},{"taxonomy":"post_tag","embeddable":true,"href":"https:\/\/hostnetart.com.br\/baixada\/wp-json\/wp\/v2\/tags?post=12536"}],"curies":[{"name":"wp","href":"https:\/\/api.w.org\/{rel}","templated":true}]}}