{"id":12534,"date":"2022-05-17T16:31:45","date_gmt":"2022-05-17T19:31:45","guid":{"rendered":"https:\/\/hostnetart.com.br\/baixada\/dia-internacional-de-combate-a-lgbtfobia\/"},"modified":"2022-05-17T16:31:45","modified_gmt":"2022-05-17T19:31:45","slug":"dia-internacional-de-combate-a-lgbtfobia","status":"publish","type":"post","link":"https:\/\/hostnetart.com.br\/baixada\/dia-internacional-de-combate-a-lgbtfobia\/","title":{"rendered":"Dia Internacional de Combate \u00e0 LGBTfobia"},"content":{"rendered":"<p>Esta ter\u00e7a-feira, dia 17, \u00e9 o Dia Internacional de Combate \u00e0 LGBTfobia. A Central \u00danica dos Trabalhadores (CUT) participa, desde domingo (15), do Encontro do Conselho Nacional Popular LGBTI+, composto por 26 entidades. O evento, que debate pautas relacionadas ao respeito \u00e0 diversidade, tem a presen\u00e7a de militantes de v\u00e1rias regi\u00f5es do Brasil, ligados a movimentos populares, como o MST, entidades estudantis e sindicatos de v\u00e1rias categorias, com destaque aos banc\u00e1rios.<\/p>\n<p>Na ter\u00e7a-feira (17), haver\u00e1 v\u00e1rios atos, contra o preconceito e a discrimina\u00e7\u00e3o contra a comunidade LGBTQIA+, em S\u00e3o Paulo. \u00c0s 13h30, na Assembleia Legislativa do Estado, ser\u00e1 feito um protesto pela reabertura do Museu da Diversidade Sexual, no momento fechado por decis\u00e3o judicial, e pela implanta\u00e7\u00e3o de pol\u00edticas p\u00fablicas para a popula\u00e7\u00e3o LBGTQIA+. Mais tarde, a manifesta\u00e7\u00e3o ser\u00e1 na avenida Paulista, com shows de v\u00e1rios artistas e um sonoro grito por Bolsonaro Nunca Mais! A concentra\u00e7\u00e3o ser\u00e1 \u00e0s 16h, no v\u00e3o livre do MASP.<\/p>\n<h3>Todas as cores<\/h3>\n<p>Para marcar a data, a Confedera\u00e7\u00e3o Nacional dos Trabalhadores e Trabalhadoras do Ramo Vestu\u00e1rio (CNTRV-CUT) coloca no ar o primeiro epis\u00f3dio da s\u00e9rie \u201cN\u00f3s vestimos todas as cores\u201d, com as entrevistas de Augusta Ba\u00eata, mulher trans, e de Gil Santos, homem trans, ambos militantes LGBTQIA+. Ser\u00e3o 12 edi\u00e7\u00f5es, sempre \u00e0s ter\u00e7as-feiras, \u00e0s 16h. Acompanhe pelo canal\u00a0<a href=\"https:\/\/www.youtube.com\/c\/RoupaColorida\">Roupa Colorida<\/a>\u00a0no Youtube.<\/p>\n<p><strong>Fonte: Contraf-CUT<\/strong><\/p>\n","protected":false},"excerpt":{"rendered":"<p>Esta ter\u00e7a-feira, dia 17, \u00e9 o Dia Internacional de Combate \u00e0 LGBTfobia. A Central \u00danica dos Trabalhadores (CUT) participa, desde domingo (15), do Encontro do Conselho Nacional Popular LGBTI+, composto por 26 entidades. O evento, que debate pautas relacionadas ao respeito \u00e0 diversidade, tem a presen\u00e7a de militantes de v\u00e1rias regi\u00f5es do Brasil, ligados a [&hellip;]<\/p>\n","protected":false},"author":2,"featured_media":12533,"comment_status":"","ping_status":"","sticky":false,"template":"","format":"standard","meta":{"footnotes":""},"categories":[3],"tags":[],"class_list":["post-12534","post","type-post","status-publish","format-standard","has-post-thumbnail","hentry","category-noticias"],"_links":{"self":[{"href":"https:\/\/hostnetart.com.br\/baixada\/wp-json\/wp\/v2\/posts\/12534","targetHints":{"allow":["GET"]}}],"collection":[{"href":"https:\/\/hostnetart.com.br\/baixada\/wp-json\/wp\/v2\/posts"}],"about":[{"href":"https:\/\/hostnetart.com.br\/baixada\/wp-json\/wp\/v2\/types\/post"}],"author":[{"embeddable":true,"href":"https:\/\/hostnetart.com.br\/baixada\/wp-json\/wp\/v2\/users\/2"}],"replies":[{"embeddable":true,"href":"https:\/\/hostnetart.com.br\/baixada\/wp-json\/wp\/v2\/comments?post=12534"}],"version-history":[{"count":0,"href":"https:\/\/hostnetart.com.br\/baixada\/wp-json\/wp\/v2\/posts\/12534\/revisions"}],"wp:featuredmedia":[{"embeddable":true,"href":"https:\/\/hostnetart.com.br\/baixada\/wp-json\/wp\/v2\/media\/12533"}],"wp:attachment":[{"href":"https:\/\/hostnetart.com.br\/baixada\/wp-json\/wp\/v2\/media?parent=12534"}],"wp:term":[{"taxonomy":"category","embeddable":true,"href":"https:\/\/hostnetart.com.br\/baixada\/wp-json\/wp\/v2\/categories?post=12534"},{"taxonomy":"post_tag","embeddable":true,"href":"https:\/\/hostnetart.com.br\/baixada\/wp-json\/wp\/v2\/tags?post=12534"}],"curies":[{"name":"wp","href":"https:\/\/api.w.org\/{rel}","templated":true}]}}