{"id":12530,"date":"2022-05-16T18:30:00","date_gmt":"2022-05-16T21:30:00","guid":{"rendered":"https:\/\/hostnetart.com.br\/baixada\/debates-sobre-campanha-dos-bancarios-comecam-em-todo-pais\/"},"modified":"2022-05-16T18:30:00","modified_gmt":"2022-05-16T21:30:00","slug":"debates-sobre-campanha-dos-bancarios-comecam-em-todo-pais","status":"publish","type":"post","link":"https:\/\/hostnetart.com.br\/baixada\/debates-sobre-campanha-dos-bancarios-comecam-em-todo-pais\/","title":{"rendered":"Debates sobre campanha dos banc\u00e1rios come\u00e7am em todo pa\u00eds"},"content":{"rendered":"<div class=\"elementor-element elementor-element-194680ec elementor-widget elementor-widget-theme-post-content\" data-id=\"194680ec\" data-element_type=\"widget\" data-widget_type=\"theme-post-content.default\">\n<div class=\"elementor-widget-container\">\n<p>Sindicatos e federa\u00e7\u00f5es da categoria banc\u00e1ria come\u00e7am, nesta sexta-feira (13), a debater sobre as quest\u00f5es que afetam o dia a dia de trabalho das banc\u00e1rias e banc\u00e1rios em confer\u00eancias estaduais e regionais. As resolu\u00e7\u00f5es ser\u00e3o somadas aos resultados que ser\u00e3o compilados a partir da\u00a0<a href=\"https:\/\/contrafcut.com.br\/noticias\/consulta-nacional-ajuda-a-definir-reivindicacoes-dos-bancarios\" target=\"_blank\" rel=\"noopener noreferrer\">Consulta Nacional<\/a>\u00a0que est\u00e1 sendo respondida em todo o pa\u00eds.<\/p>\n<p>Na noite desta ter\u00e7a-feira (13), come\u00e7am a Confer\u00eancia Estadual dos Banc\u00e1rios do Par\u00e1, o 7\u00ba Congresso Estadual dos Banc\u00e1rios do Esp\u00edrito Santo e a 24\u00aa Confer\u00eancia dos Banc\u00e1rios da Bahia e Sergipe, que seguem at\u00e9 s\u00e1bado (14), quando tamb\u00e9m ocorrem o 37\u00ba Encontro Estadual dos Banc\u00e1rios do Piau\u00ed e a 24\u00aa Confer\u00eancia Estadual de Banc\u00e1rios(as) da Fetrafi\/RS. Os debates continuam nos pr\u00f3ximos dias e seguem at\u00e9 o dia 29 de maio, quando se encerra o prazo para a realiza\u00e7\u00e3o das confer\u00eancias.<\/p>\n<h3><strong>Encontros nacionais<\/strong><\/h3>\n<p>Ap\u00f3s as confer\u00eancias, ser\u00e3o realizados os encontros dos trabalhadores de bancos p\u00fablicos e bancos privados, que levantam pontos e reivindica\u00e7\u00f5es espec\u00edficas de cada institui\u00e7\u00e3o.<\/p>\n<p>\u201cNossa campanha \u00e9 constru\u00edda em conjunto. Por meio da Consulta Nacional, cada banc\u00e1ria e cada banc\u00e1rio pode participar da defini\u00e7\u00e3o das nossas prioridades e, tanto as confer\u00eancias estaduais e regionais, quanto os encontros espec\u00edficos de trabalhadores de bancos p\u00fablicos e bancos privados s\u00e3o momentos fundamentais para que nossa campanha reflita os reais anseios de toda a categoria\u201d, disse a presidenta da Confedera\u00e7\u00e3o Nacional dos Trabalhadores do Ramo Financeiro (Contraf-CUT) e coordenadora do Comando Nacional dos Banc\u00e1rios, Juvandia Moreira.<\/p>\n<p>O processo de defini\u00e7\u00e3o das prioridades da Campanha Nacional dos Banc\u00e1rios se encerra com a\u00a0<a href=\"https:\/\/contrafcut.com.br\/noticias\/conferencia-nacional-dos-bancarios-e-encontros-de-bancos-publicos-e-privados-tem-novas-datas\" target=\"_blank\" rel=\"noopener noreferrer\">Confer\u00eancia Nacional<\/a>, que ser\u00e1 realizada nos dias 10 a 12 de junho.<\/p>\n<h3><strong>Veja abaixo o calend\u00e1rio<\/strong><\/h3>\n<figure class=\"wp-block-table\">\n<table>\n<tbody>\n<tr>\n<td>ENCONTROS E CONFER\u00caNCIAS ESTADUAIS E REGIONAIS<\/td>\n<\/tr>\n<tr>\n<td>Confer\u00eancia Estadual dos Banc\u00e1rios do Par\u00e1<\/td>\n<td>13 e 14\/05\/2022<\/td>\n<\/tr>\n<tr>\n<td>37\u00ba Encontro Estadual dos Banc\u00e1rios do Piau\u00ed<\/td>\n<td>14\/05\/2022<\/td>\n<\/tr>\n<tr>\n<td>24\u00aa Confer\u00eancia Estadual de Banc\u00e1rios(as)da Fetrafi RS<\/td>\n<td>14\/05\/2022<\/td>\n<\/tr>\n<tr>\n<td>FEEB Bahia e Sergipe<\/td>\n<td>14\/05\/2022<\/td>\n<\/tr>\n<tr>\n<td>Encontro Estadual dos Banc\u00e1rios de Pernambuco 2022<\/td>\n<td>18\/05\/2022<\/td>\n<\/tr>\n<tr>\n<td>Fetrafi Minas Gerais<\/td>\n<td>20, 21 e 22\/05\/2022<\/td>\n<\/tr>\n<tr>\n<td>Federa Rio de Janeiro<\/td>\n<td>21\/05\/2022<\/td>\n<\/tr>\n<tr>\n<td>Congresso Estadual dos Banc\u00e1rios de Rond\u00f4nia<\/td>\n<td>21\/05\/2022<\/td>\n<\/tr>\n<tr>\n<td>FEEB S\u00e3o Paulo e Mato Grosso do Sul<\/td>\n<td>26\/05\/2022<\/td>\n<\/tr>\n<tr>\n<td>Fetrafi Nordeste<\/td>\n<td>27, 28 e 29\/05\/2022<\/td>\n<\/tr>\n<tr>\n<td>Fetec Paran\u00e1<\/td>\n<td>27 e 28\/05\/2022<\/td>\n<\/tr>\n<tr>\n<td>15\u00aa Confer\u00eancia Regional da Fetec Centro Norte<\/td>\n<td>28\/05\/2022<\/td>\n<\/tr>\n<tr>\n<td>Fetraf Rio de Janeiro e Esp\u00edrito Santo<\/td>\n<td>28\/05\/2022<\/td>\n<\/tr>\n<tr>\n<td>Fetrafi Santa Catarina<\/td>\n<td>28 e 29\/05\/2022<\/td>\n<\/tr>\n<tr>\n<td>Fetec S\u00e3o Paulo<\/td>\n<td>28\/05\/2022<\/td>\n<\/tr>\n<\/tbody>\n<\/table>\n<\/figure>\n<figure class=\"wp-block-table\">\n<table>\n<tbody>\n<tr>\n<td>ENCONTROS NACIONAIS DE TRABALHADORES DE BANCOS P\u00daBLICOS E DE BANCOS PRIVADOS<\/td>\n<\/tr>\n<tr>\n<td>14\u00ba CNEBASA<\/td>\n<td>27 e 28\/05\/2022<\/td>\n<\/tr>\n<tr>\n<td>Encontro Nacional dos Funcion\u00e1rios do BMB<\/td>\n<td>26\/05\/2022<\/td>\n<\/tr>\n<tr>\n<td>28\u00ba CNFBNB<\/td>\n<td>03 e 04\/06\/2022<\/td>\n<\/tr>\n<tr>\n<td>Encontro Nacional dos Funcion\u00e1rios do Banco Bradesco<\/td>\n<td>09\/06\/2022<\/td>\n<\/tr>\n<tr>\n<td>Encontro Nacional dos Funcion\u00e1rios do Banco Santander<\/td>\n<td>09\/06\/2022<\/td>\n<\/tr>\n<tr>\n<td>Encontro Nacional dos Funcion\u00e1rios do Ita\u00fa-Unibanco<\/td>\n<td>09\/06\/2022<\/td>\n<\/tr>\n<tr>\n<td>38\u00ba CONECEF<\/td>\n<td>08, 09 e 10\/06\/2022<\/td>\n<\/tr>\n<tr>\n<td>33\u00ba CNFBB<\/td>\n<td>08, 09 e 10\/06\/2022<\/td>\n<\/tr>\n<tr>\n<td>BNDES<\/td>\n<td>A definir<\/td>\n<\/tr>\n<\/tbody>\n<\/table>\n<p><strong>Fonte: Contraf-CUT<\/strong><\/p>\n<\/figure>\n<\/div>\n<\/div>\n","protected":false},"excerpt":{"rendered":"<p>Sindicatos e federa\u00e7\u00f5es da categoria banc\u00e1ria come\u00e7am, nesta sexta-feira (13), a debater sobre as quest\u00f5es que afetam o dia a dia de trabalho das banc\u00e1rias e banc\u00e1rios em confer\u00eancias estaduais e regionais. As resolu\u00e7\u00f5es ser\u00e3o somadas aos resultados que ser\u00e3o compilados a partir da\u00a0Consulta Nacional\u00a0que est\u00e1 sendo respondida em todo o pa\u00eds. Na noite desta [&hellip;]<\/p>\n","protected":false},"author":2,"featured_media":12529,"comment_status":"","ping_status":"","sticky":false,"template":"","format":"standard","meta":{"footnotes":""},"categories":[3],"tags":[],"class_list":["post-12530","post","type-post","status-publish","format-standard","has-post-thumbnail","hentry","category-noticias"],"_links":{"self":[{"href":"https:\/\/hostnetart.com.br\/baixada\/wp-json\/wp\/v2\/posts\/12530","targetHints":{"allow":["GET"]}}],"collection":[{"href":"https:\/\/hostnetart.com.br\/baixada\/wp-json\/wp\/v2\/posts"}],"about":[{"href":"https:\/\/hostnetart.com.br\/baixada\/wp-json\/wp\/v2\/types\/post"}],"author":[{"embeddable":true,"href":"https:\/\/hostnetart.com.br\/baixada\/wp-json\/wp\/v2\/users\/2"}],"replies":[{"embeddable":true,"href":"https:\/\/hostnetart.com.br\/baixada\/wp-json\/wp\/v2\/comments?post=12530"}],"version-history":[{"count":0,"href":"https:\/\/hostnetart.com.br\/baixada\/wp-json\/wp\/v2\/posts\/12530\/revisions"}],"wp:featuredmedia":[{"embeddable":true,"href":"https:\/\/hostnetart.com.br\/baixada\/wp-json\/wp\/v2\/media\/12529"}],"wp:attachment":[{"href":"https:\/\/hostnetart.com.br\/baixada\/wp-json\/wp\/v2\/media?parent=12530"}],"wp:term":[{"taxonomy":"category","embeddable":true,"href":"https:\/\/hostnetart.com.br\/baixada\/wp-json\/wp\/v2\/categories?post=12530"},{"taxonomy":"post_tag","embeddable":true,"href":"https:\/\/hostnetart.com.br\/baixada\/wp-json\/wp\/v2\/tags?post=12530"}],"curies":[{"name":"wp","href":"https:\/\/api.w.org\/{rel}","templated":true}]}}