{"id":1253,"date":"2013-07-29T00:00:00","date_gmt":"2013-07-29T03:00:00","guid":{"rendered":"https:\/\/hostnetart.com.br\/baixada\/em-nota-oficial-cut-repudia-empresariado-na-negociacao-do-pl-4330\/"},"modified":"2013-07-29T00:00:00","modified_gmt":"2013-07-29T03:00:00","slug":"em-nota-oficial-cut-repudia-empresariado-na-negociacao-do-pl-4330","status":"publish","type":"post","link":"https:\/\/hostnetart.com.br\/baixada\/em-nota-oficial-cut-repudia-empresariado-na-negociacao-do-pl-4330\/","title":{"rendered":"Em nota oficial, CUT repudia empresariado na negocia\u00e7\u00e3o do PL 4330"},"content":{"rendered":"<p>A Central \u00danica dos Trabalhadores repudia a falta de compromisso e seriedade dos empres\u00e1rios brasileiros com a constru\u00e7\u00e3o de uma regulamenta\u00e7\u00e3o da terceiriza\u00e7\u00e3o no Brasil.<\/p>\n<p>\u00a0<\/p>\n<p>O Projeto de Lei (PL 4330\/2004), de autoria do deputado Sandro Mabel (PMDB\/GO), representa a amplia\u00e7\u00e3o da precariza\u00e7\u00e3o das rela\u00e7\u00f5es de trabalho com uma terceiriza\u00e7\u00e3o sem limites, rebaixando sal\u00e1rios, condi\u00e7\u00f5es prec\u00e1rias de sa\u00fade e seguran\u00e7a, com n\u00edveis elevados de rotatividade e inseguran\u00e7a.<\/p>\n<p>\u00a0<\/p>\n<p>Contra o PL 4330, mobilizamos os trabalhadores e conseguimos barrar a vota\u00e7\u00e3o na CCJ (Comiss\u00e3o de Constitui\u00e7\u00e3o, Justi\u00e7a e Cidadania) da C\u00e2mara Federal, conquistando uma Mesa Nacional Quadripartite para negociar uma alternativa que garantisse a preserva\u00e7\u00e3o de direitos.<\/p>\n<p>\u00a0<\/p>\n<p>Desde o in\u00edcio das rodadas, o setor patronal demonstrou total falta de compromisso com a negocia\u00e7\u00e3o na Mesa Nacional Quadripartite que, ap\u00f3s oito rodadas de negocia\u00e7\u00e3o, n\u00e3o avan\u00e7ou em nada!<\/p>\n<p>\u00a0<\/p>\n<p>No dia 17 de julho, fomos surpreendidos pela atitude do senador Armando Monteiro (PTB\/PE), presidente da Confedera\u00e7\u00e3o Nacional da Ind\u00fastria (CNI) de 2002 a 2010, que apresentou na Comiss\u00e3o de Constitui\u00e7\u00e3o e Justi\u00e7a do Senado um substitutivo ao PLS 87\/10, na mesma linha do PL 4330.<\/p>\n<p>\u00a0<\/p>\n<p>Visando atender exclusivamente aos interesses do empresariado, o senador traiu o princ\u00edpio da boa f\u00e9 no processo de negocia\u00e7\u00e3o estabelecido na Mesa, demonstrando total desrespeito \u00e0s Centrais Sindicais e \u00e0 democracia, que deve ter no di\u00e1logo e na participa\u00e7\u00e3o da sociedade, o par\u00e2metro para a elabora\u00e7\u00e3o de legisla\u00e7\u00e3o que diga respeito \u00e0 rela\u00e7\u00e3o entre patr\u00f5es e empregados.<\/p>\n<p>\u00a0<\/p>\n<p>A CUT e as demais centrais sindicais procuraram estabelecer um Acordo que permitisse maior seguran\u00e7a jur\u00eddica nas rela\u00e7\u00f5es de trabalho, contra a precariza\u00e7\u00e3o do trabalho e pela manuten\u00e7\u00e3o dos direitos dos trabalhadores. Entretanto, a intransig\u00eancia patronal inviabiliza a continuidade de um di\u00e1logo construtivo.<\/p>\n<p>\u00a0<\/p>\n<p>Vamos aumentar a press\u00e3o pela derrubada do PL 4330, ocupar o Congresso e paralisar os locais de trabalho. No dia 6 de agosto os patr\u00f5es v\u00e3o ouvir nossa voz! Vamos todos nos manifestar em frente \u00e0s federa\u00e7\u00f5es patronais para pressionar por nossos direitos!<\/p>\n<p>\u00a0<\/p>\n<p>CONTRA A RETIRADA DE DIREITOS DOS TRABALHADORES!<\/p>\n<p>\u00a0<\/p>\n<p>S\u00e3o Paulo, 26 de julho de 2013.<\/p>\n<p>\u00a0<\/p>\n<p>\u00a0<\/p>\n<p><strong>CENTRAL \u00daNICA DOS TRABALHADORES<\/strong><\/p>\n<p>\u00a0<br \/>Fonte: CUT<\/p>\n","protected":false},"excerpt":{"rendered":"<p>A Central \u00danica dos Trabalhadores repudia a falta de compromisso e seriedade dos empres\u00e1rios brasileiros com a constru\u00e7\u00e3o de uma regulamenta\u00e7\u00e3o da terceiriza\u00e7\u00e3o no Brasil. \u00a0 O Projeto de Lei (PL 4330\/2004), de autoria do deputado Sandro Mabel (PMDB\/GO), representa a amplia\u00e7\u00e3o da precariza\u00e7\u00e3o das rela\u00e7\u00f5es de trabalho com uma terceiriza\u00e7\u00e3o sem limites, rebaixando sal\u00e1rios, [&hellip;]<\/p>\n","protected":false},"author":1,"featured_media":0,"comment_status":"","ping_status":"","sticky":false,"template":"","format":"standard","meta":{"footnotes":""},"categories":[3],"tags":[],"class_list":["post-1253","post","type-post","status-publish","format-standard","hentry","category-noticias"],"_links":{"self":[{"href":"https:\/\/hostnetart.com.br\/baixada\/wp-json\/wp\/v2\/posts\/1253","targetHints":{"allow":["GET"]}}],"collection":[{"href":"https:\/\/hostnetart.com.br\/baixada\/wp-json\/wp\/v2\/posts"}],"about":[{"href":"https:\/\/hostnetart.com.br\/baixada\/wp-json\/wp\/v2\/types\/post"}],"author":[{"embeddable":true,"href":"https:\/\/hostnetart.com.br\/baixada\/wp-json\/wp\/v2\/users\/1"}],"replies":[{"embeddable":true,"href":"https:\/\/hostnetart.com.br\/baixada\/wp-json\/wp\/v2\/comments?post=1253"}],"version-history":[{"count":0,"href":"https:\/\/hostnetart.com.br\/baixada\/wp-json\/wp\/v2\/posts\/1253\/revisions"}],"wp:attachment":[{"href":"https:\/\/hostnetart.com.br\/baixada\/wp-json\/wp\/v2\/media?parent=1253"}],"wp:term":[{"taxonomy":"category","embeddable":true,"href":"https:\/\/hostnetart.com.br\/baixada\/wp-json\/wp\/v2\/categories?post=1253"},{"taxonomy":"post_tag","embeddable":true,"href":"https:\/\/hostnetart.com.br\/baixada\/wp-json\/wp\/v2\/tags?post=1253"}],"curies":[{"name":"wp","href":"https:\/\/api.w.org\/{rel}","templated":true}]}}