{"id":12522,"date":"2022-05-13T03:16:11","date_gmt":"2022-05-13T06:16:11","guid":{"rendered":"https:\/\/hostnetart.com.br\/baixada\/eleitos-da-previ-sao-contra-retirada-de-patrocinio-e-continuarao-defendendo-interesses-dos-associados\/"},"modified":"2022-05-13T03:16:11","modified_gmt":"2022-05-13T06:16:11","slug":"eleitos-da-previ-sao-contra-retirada-de-patrocinio-e-continuarao-defendendo-interesses-dos-associados","status":"publish","type":"post","link":"https:\/\/hostnetart.com.br\/baixada\/eleitos-da-previ-sao-contra-retirada-de-patrocinio-e-continuarao-defendendo-interesses-dos-associados\/","title":{"rendered":"Eleitos da Previ s\u00e3o contra retirada de patroc\u00ednio e continuar\u00e3o defendendo interesses dos associados"},"content":{"rendered":"<p>Os dirigentes eleitos da Previ esclarecem que a consulta p\u00fablica que est\u00e1 sendo realizada pela Superintend\u00eancia Nacional de Previd\u00eancia Complementar (Previc) \u00e9 apenas para orientar os procedimentos relativos \u00e0 Resolu\u00e7\u00e3o 53, editada em mar\u00e7o deste ano pelo Conselho Nacional de Previd\u00eancia Complementar (CNPC), em substitui\u00e7\u00e3o \u00e0 Resolu\u00e7\u00e3o 11 de 2013, que regulamentou os processos de retirada de patroc\u00ednio dos fundos de pens\u00e3o fechados.<\/p>\n<p>A norma n\u00e3o faz nenhuma refer\u00eancia espec\u00edfica \u00e0 Previ ou ao Banco do Brasil. A Lei 6435, de 1977, j\u00e1 previa a liquida\u00e7\u00e3o extrajudicial das entidades de previd\u00eancia, por meio de interven\u00e7\u00e3o decretada pelo \u00f3rg\u00e3o fiscalizador. A Lei Complementar 109, de 2001, introduziu a possibilidade de retirada de patroc\u00ednio pela empresa patrocinadora. Mas o tema s\u00f3 foi regulamentado pela Resolu\u00e7\u00e3o 11\/2013, para estabelecer as condi\u00e7\u00f5es e garantias que deveriam ser dadas aos participantes em caso de retirada. A nova Resolu\u00e7\u00e3o 53 ajustou a reda\u00e7\u00e3o da resolu\u00e7\u00e3o anterior.<\/p>\n<p>Os dirigentes eleitos da Previ sempre foram contr\u00e1rios \u00e0 retirada de patroc\u00ednio de fundos de pens\u00e3o, pois, ao aderir ao plano de previd\u00eancia estabelecem uma rela\u00e7\u00e3o contratual com a patrocinadora e o fundo de pens\u00e3o, que devem ser preservados. Os dirigentes eleitos continuar\u00e3o vigilantes diante de qualquer amea\u00e7a ou risco, sempre defendendo os direitos e interesses dos associados. E refor\u00e7am que que a consulta p\u00fablica colocada n\u00e3o tem nada de espec\u00edfico quanto ao Banco do Brasil e \u00e0 Previ.<\/p>\n<p><strong>Fonte: Contraf-CUT<\/strong><\/p>\n","protected":false},"excerpt":{"rendered":"<p>Os dirigentes eleitos da Previ esclarecem que a consulta p\u00fablica que est\u00e1 sendo realizada pela Superintend\u00eancia Nacional de Previd\u00eancia Complementar (Previc) \u00e9 apenas para orientar os procedimentos relativos \u00e0 Resolu\u00e7\u00e3o 53, editada em mar\u00e7o deste ano pelo Conselho Nacional de Previd\u00eancia Complementar (CNPC), em substitui\u00e7\u00e3o \u00e0 Resolu\u00e7\u00e3o 11 de 2013, que regulamentou os processos de [&hellip;]<\/p>\n","protected":false},"author":2,"featured_media":12521,"comment_status":"","ping_status":"","sticky":false,"template":"","format":"standard","meta":{"footnotes":""},"categories":[3],"tags":[],"class_list":["post-12522","post","type-post","status-publish","format-standard","has-post-thumbnail","hentry","category-noticias"],"_links":{"self":[{"href":"https:\/\/hostnetart.com.br\/baixada\/wp-json\/wp\/v2\/posts\/12522","targetHints":{"allow":["GET"]}}],"collection":[{"href":"https:\/\/hostnetart.com.br\/baixada\/wp-json\/wp\/v2\/posts"}],"about":[{"href":"https:\/\/hostnetart.com.br\/baixada\/wp-json\/wp\/v2\/types\/post"}],"author":[{"embeddable":true,"href":"https:\/\/hostnetart.com.br\/baixada\/wp-json\/wp\/v2\/users\/2"}],"replies":[{"embeddable":true,"href":"https:\/\/hostnetart.com.br\/baixada\/wp-json\/wp\/v2\/comments?post=12522"}],"version-history":[{"count":0,"href":"https:\/\/hostnetart.com.br\/baixada\/wp-json\/wp\/v2\/posts\/12522\/revisions"}],"wp:featuredmedia":[{"embeddable":true,"href":"https:\/\/hostnetart.com.br\/baixada\/wp-json\/wp\/v2\/media\/12521"}],"wp:attachment":[{"href":"https:\/\/hostnetart.com.br\/baixada\/wp-json\/wp\/v2\/media?parent=12522"}],"wp:term":[{"taxonomy":"category","embeddable":true,"href":"https:\/\/hostnetart.com.br\/baixada\/wp-json\/wp\/v2\/categories?post=12522"},{"taxonomy":"post_tag","embeddable":true,"href":"https:\/\/hostnetart.com.br\/baixada\/wp-json\/wp\/v2\/tags?post=12522"}],"curies":[{"name":"wp","href":"https:\/\/api.w.org\/{rel}","templated":true}]}}