{"id":12514,"date":"2022-05-12T15:14:06","date_gmt":"2022-05-12T18:14:06","guid":{"rendered":"https:\/\/hostnetart.com.br\/baixada\/no-brasil-quem-recebe-salario-minimo-trabalha-metade-do-mes-ou-mais-para-comprar-cesta-basica\/"},"modified":"2022-05-12T15:14:06","modified_gmt":"2022-05-12T18:14:06","slug":"no-brasil-quem-recebe-salario-minimo-trabalha-metade-do-mes-ou-mais-para-comprar-cesta-basica","status":"publish","type":"post","link":"https:\/\/hostnetart.com.br\/baixada\/no-brasil-quem-recebe-salario-minimo-trabalha-metade-do-mes-ou-mais-para-comprar-cesta-basica\/","title":{"rendered":"No Brasil, quem recebe sal\u00e1rio m\u00ednimo trabalha metade do m\u00eas ou mais para comprar cesta b\u00e1sica"},"content":{"rendered":"<p>O aumento do pre\u00e7o dos alimentos e os anos sem reajuste real relevante no valor do sal\u00e1rio m\u00ednimo t\u00eam tornado a vida do trabalhador \u2013 especialmente o mais pobre e residente em grandes cidades \u2013 cada vez mais dif\u00edcil. Por conta da combina\u00e7\u00e3o desses dois fatores, hoje\u00a0um empregado que ganha o m\u00ednimo de R$ 1.212 e mora numa capital\u00a0trabalha cerca da metade do m\u00eas somente para comprar o necess\u00e1rio para sua alimenta\u00e7\u00e3o.<\/p>\n<p>O c\u00e1lculo foi feito pelo\u00a0<a href=\"https:\/\/www.brasildefato.com.br\/2022\/05\/06\/inflacao-faz-com-que-custo-da-cesta-basica-supere-60-do-salario-minimo\" target=\"_blank\" rel=\"noopener noreferrer\">Departamento Intersindical de Estat\u00edstica e Estudos Socioecon\u00f4micos (Dieese)<\/a>, que todos os meses pesquisa em 17 capitais brasileiras o valor de uma cesta de produtos definida com base num decreto sobre piso salarial. A composi\u00e7\u00e3o e o pre\u00e7o da cesta variam conforme a cidade. S\u00e3o Paulo, cidade mais populosa do pa\u00eds, tamb\u00e9m tem a cesta mais cara: R$ 803,99, em abril deste ano.<\/p>\n<p><strong><a href=\"https:\/\/www.brasildefato.com.br\/2022\/05\/05\/por-que-o-cafe-esta-tao-caro-e-ate-onde-isso-pode-chegar\" target=\"_blank\" rel=\"noopener noreferrer\">:: Por que o caf\u00e9 est\u00e1 t\u00e3o caro e at\u00e9 onde isso pode chegar? ::<\/a><\/strong><\/p>\n<p>Especificamente na capital paulista, um empregado que ganha um sal\u00e1rio m\u00ednimo trabalha quase 66% da sua jornada mensal somente para pagar essa cesta. S\u00e3o mais de 145 horas trabalhadas das 220 horas mensais previstas na legisla\u00e7\u00e3o trabalhista. A cesta mais barata (ou menos cara) segundo o \u00faltimo levantamento do Dieese \u00e9 a de Aracaju: R$ 551,47\u00a0\u2013 ou seja, 49,19% do sal\u00e1rio m\u00ednimo, praticamente metade.<\/p>\n<p>Um trabalhador n\u00e3o comprometia tanto tempo de trabalho para comprar uma cesta b\u00e1sica desde janeiro de 2005. Em janeiro de 2012, por exemplo, eram necess\u00e1rias 101 horas trabalhadas para comprar uma cesta na capital paulista \u2013 menos da metade da jornada mensal. Contudo, desde o final de 2018, durante o governo do ex-presidente Michel Temer (MDB), essa quantidade de horas vem subindo. Cresceu de forma ainda mais abrupta a partir de 2020, j\u00e1 no governo de Jair Bolsonaro (PL), justamente porque os alimentos passaram a subir mais e o sal\u00e1rio m\u00ednimo, menos.<\/p>\n<p>Desde o fim de 2016, j\u00e1 ap\u00f3s o\u00a0<a href=\"https:\/\/www.brasildefato.com.br\/2021\/04\/14\/cinco-anos-apos-impeachment-protagonistas-do-processo-respondem-a-crimes-na-justica\" target=\"_blank\" rel=\"noopener noreferrer\">impeachment da ex-presidenta Dilma Rousseff (PT)<\/a>\u00a0at\u00e9 hoje, o sal\u00e1rio m\u00ednimo subiu de R$ 880 para R$ 1.212 \u2013alta de 37,7%. J\u00e1 o custo de uma cesta b\u00e1sica em S\u00e3o Paulo passou de R$ 438 para R$ 804 \u2013 aumento de 83%, mais que o dobro do percentual acumulado de reajustes do piso concedidos por Temer e Bolsonaro.<\/p>\n<p class=\"ckeditor-subtitle\"><strong>Sem aumento real<\/strong><\/p>\n<p>Durante os governos de Temer e Bolsonaro, ali\u00e1s, o sal\u00e1rio m\u00ednimo praticamente n\u00e3o teve aumento real, isto \u00e9, foi reajustado somente com base no \u00edndice da infla\u00e7\u00e3o.<\/p>\n<p>Segundo c\u00e1lculos da consultoria Tullett Prebon Brasil divulgados esta semana, durante a gest\u00e3o Temer (de setembro de 2016 a dezembro de 2018), o sal\u00e1rio m\u00ednimo subiu s\u00f3 3,28% mais do que o \u00cdndice Nacional de Pre\u00e7os ao Consumidor (INPC). J\u00e1 de janeiro de 2019 a dezembro de 2022, durante o governo Bolsonaro, o reajuste total deve ser 1,77% menor que a infla\u00e7\u00e3o, considerando as previs\u00f5es divulgadas pelo Banco Central.<\/p>\n<p>Se a previs\u00e3o se confirmar, Bolsonaro ser\u00e1 o primeiro presidente desde 1994 a deixar o governo sem conceder aumento real do sal\u00e1rio m\u00ednimo.<\/p>\n<p>Durante os dois mandatos de Fernando Henrique Cardoso (PSDB), o piso subiu 50,9% acima da infla\u00e7\u00e3o; em oito anos de governo de\u00a0<a href=\"https:\/\/www.brasildefato.com.br\/2022\/05\/04\/com-sete-partidos-lula-tera-candidatura-mais-ampla-desde-1989-relembre-aliancas\" target=\"_blank\" rel=\"noopener noreferrer\">Luiz In\u00e1cio Lula da Silva<\/a>, 57,8%; em quase seis anos de governo Dilma, 12,67%. Os c\u00e1lculos s\u00e3o da Tullett Prebon Brasil.<\/p>\n<p class=\"ckeditor-img-caption\"><img decoding=\"async\" src=\"https:\/\/images02.brasildefato.com.br\/344956389fe37852ecd7d8b928c150a9.jpeg\" \/><br \/>Evolu\u00e7\u00e3o do valor do sal\u00e1rio m\u00ednimo em rela\u00e7\u00e3o \u00e0 infla\u00e7\u00e3o no Brasil nos \u00faltimos anos \/ Dieese\/IBGE<\/p>\n<p>\u201cA falta de pol\u00edtica de valoriza\u00e7\u00e3o do sal\u00e1rio m\u00ednimo \u00e9 dram\u00e1tica porque n\u00e3o aumenta os ganhos de quem j\u00e1 ganha pouco e que gasta a maior parte de seu sal\u00e1rio com comida, que tem subido mais que infla\u00e7\u00e3o\u201d, descreve o economista e engenheiro agr\u00f4nomo Jos\u00e9 Giacomo Baccarin, secret\u00e1rio de Seguran\u00e7a Alimentar e Nutricional do governo federal entre 2003 e 2005, durante a gest\u00e3o de Lula.<\/p>\n<p class=\"ckeditor-subtitle\"><strong>Alimentos em alta<\/strong><\/p>\n<p>Baccarin disse que o pre\u00e7o da comida no pa\u00eds aumentou principalmente a partir de 2020, per\u00edodo do in\u00edcio da pandemia. Segundo ele, o pre\u00e7o dos alimentos subiu no mercado internacional. O produtor brasileiro, ent\u00e3o, resolveu priorizar a exporta\u00e7\u00e3o, reduzindo a oferta no mercado interno e causando a eleva\u00e7\u00e3o de pre\u00e7os para a popula\u00e7\u00e3o brasileira.<\/p>\n<p>A economista e supervisora de pesquisas do\u00a0<a href=\"https:\/\/www.brasildefato.com.br\/2022\/04\/06\/cesta-basica-aumenta-em-todas-as-capitais-pesquisadas-pelo-dieese-no-mes-de-marco\" target=\"_blank\" rel=\"noopener noreferrer\">Dieese<\/a>, Patr\u00edcia Costa, confirmou esse cen\u00e1rio de aumentos causados pelo cen\u00e1rio externo e exporta\u00e7\u00f5es. Ela afirmou ainda que a guerra entre R\u00fassia e Ucr\u00e2nia pressionou ainda mais os pre\u00e7os no Brasil, j\u00e1 que mexeu com a cota\u00e7\u00e3o do trigo e do petr\u00f3leo no mercado internacional.<\/p>\n<p>O pre\u00e7o do petr\u00f3leo influencia no custo do combust\u00edvel, que por sua vez comp\u00f5e o custo de transporte e, por isso, tamb\u00e9m mexe no pre\u00e7o final dos produtos aliment\u00edcios.<\/p>\n<p>A\u00a0<a href=\"https:\/\/www.brasildefato.com.br\/2022\/04\/27\/gasolina-mais-cara-da-historia-faz-da-previa-da-inflacao-de-abril-a-mais-alta-desde-1995\" target=\"_blank\" rel=\"noopener noreferrer\">pr\u00e9via da infla\u00e7\u00e3o do m\u00eas de abril<\/a>\u00a0calculada pelo Instituto Brasileiro de Geografia e Estat\u00edstica (IBGE), divulgada no \u00faltimo dia 27, indica o maior aumento de pre\u00e7os para o m\u00eas desde 1995. Comparando pre\u00e7os levantados de fevereiro a mar\u00e7o com pre\u00e7os coletados entre mar\u00e7o e abril, foi registrado um aumento m\u00e9dio de 1,73% em 30 dias.<\/p>\n<p>Esse percentual, entretanto, \u00e9 uma m\u00e9dia de v\u00e1rias categorias de produtos. Itens de alimentos e bebidas subiram 2,25%, ou seja, mais que a m\u00e9dia.<\/p>\n<p>Em um ano, o caf\u00e9 mo\u00eddo j\u00e1 subiu mais de 60%; o a\u00e7\u00facar, mais de 40%; o \u00f3leo de soja, mais de 20%. Todos esses produtos fazem parte da cesta b\u00e1sica. O aumento deles afeta principalmente os mais pobres, explicou a economista-chefe do Instituto para Reforma das Rela\u00e7\u00f5es entre Estado e Empresas (IREE), Juliane Furno.<\/p>\n<p>\u201cIsso afeta mais os mais pobres porque um percentual maior da sua renda \u00e9 gasto\u00a0em consumo de alimentos\u201d, disse Furno. \u201cComo o sal\u00e1rio m\u00ednimo nem recomp\u00f4s a infla\u00e7\u00e3o, fica\u00a0pior ainda.\u201d<\/p>\n<p class=\"ckeditor-subtitle\"><strong>Valoriza\u00e7\u00e3o e estoques<\/strong><\/p>\n<p>Patr\u00edcia Costa, do Dieese, afirmou que uma forma de controlar o aumento de pre\u00e7os de alimentos no Brasil seria a cria\u00e7\u00e3o de estoques p\u00fablicos de determinados produtos. Baccarin tamb\u00e9m defende a medida.<\/p>\n<p>Ele diz que o governo precisa aumentar o apoio a agricultores que se dedicam a produzir alimentos para consumo interno, n\u00e3o para exporta\u00e7\u00e3o. Isso tende a reduzir a press\u00e3o do mercado internacional sobre o pre\u00e7o da alimenta\u00e7\u00e3o no pa\u00eds.<\/p>\n<p><strong>Leia tamb\u00e9m:\u00a0<a href=\"https:\/\/www.brasildefato.com.br\/2022\/02\/07\/area-plantada-de-feijao-arroz-e-mandioca-em-2022-e-a-menor-dos-ultimos-45-anos\">\u00c1rea plantada de feij\u00e3o, arroz e mandioca em 2022 \u00e9 a menor dos \u00faltimos 45 anos<\/a><\/strong><\/p>\n<p>Baccarin e Costa defenderam ainda uma pol\u00edtica de valoriza\u00e7\u00e3o do sal\u00e1rio m\u00ednimo. Segundo Baccarin, isso foi feito durante os governos de Lula e Dilma. Melhorou as condi\u00e7\u00f5es de vida da popula\u00e7\u00e3o e ainda serviu como motor de crescimento econ\u00f4mico.<\/p>\n<p><strong>Fonte: Brasil de Fato<\/strong><\/p>\n","protected":false},"excerpt":{"rendered":"<p>O aumento do pre\u00e7o dos alimentos e os anos sem reajuste real relevante no valor do sal\u00e1rio m\u00ednimo t\u00eam tornado a vida do trabalhador \u2013 especialmente o mais pobre e residente em grandes cidades \u2013 cada vez mais dif\u00edcil. Por conta da combina\u00e7\u00e3o desses dois fatores, hoje\u00a0um empregado que ganha o m\u00ednimo de R$ 1.212 [&hellip;]<\/p>\n","protected":false},"author":2,"featured_media":12513,"comment_status":"","ping_status":"","sticky":false,"template":"","format":"standard","meta":{"footnotes":""},"categories":[3],"tags":[],"class_list":["post-12514","post","type-post","status-publish","format-standard","has-post-thumbnail","hentry","category-noticias"],"_links":{"self":[{"href":"https:\/\/hostnetart.com.br\/baixada\/wp-json\/wp\/v2\/posts\/12514","targetHints":{"allow":["GET"]}}],"collection":[{"href":"https:\/\/hostnetart.com.br\/baixada\/wp-json\/wp\/v2\/posts"}],"about":[{"href":"https:\/\/hostnetart.com.br\/baixada\/wp-json\/wp\/v2\/types\/post"}],"author":[{"embeddable":true,"href":"https:\/\/hostnetart.com.br\/baixada\/wp-json\/wp\/v2\/users\/2"}],"replies":[{"embeddable":true,"href":"https:\/\/hostnetart.com.br\/baixada\/wp-json\/wp\/v2\/comments?post=12514"}],"version-history":[{"count":0,"href":"https:\/\/hostnetart.com.br\/baixada\/wp-json\/wp\/v2\/posts\/12514\/revisions"}],"wp:featuredmedia":[{"embeddable":true,"href":"https:\/\/hostnetart.com.br\/baixada\/wp-json\/wp\/v2\/media\/12513"}],"wp:attachment":[{"href":"https:\/\/hostnetart.com.br\/baixada\/wp-json\/wp\/v2\/media?parent=12514"}],"wp:term":[{"taxonomy":"category","embeddable":true,"href":"https:\/\/hostnetart.com.br\/baixada\/wp-json\/wp\/v2\/categories?post=12514"},{"taxonomy":"post_tag","embeddable":true,"href":"https:\/\/hostnetart.com.br\/baixada\/wp-json\/wp\/v2\/tags?post=12514"}],"curies":[{"name":"wp","href":"https:\/\/api.w.org\/{rel}","templated":true}]}}