{"id":12512,"date":"2022-05-12T15:08:45","date_gmt":"2022-05-12T18:08:45","guid":{"rendered":"https:\/\/hostnetart.com.br\/baixada\/oms-alerta-para-aumento-de-casos-de-covid-19-nas-americas-e-na-africa\/"},"modified":"2022-05-12T15:08:45","modified_gmt":"2022-05-12T18:08:45","slug":"oms-alerta-para-aumento-de-casos-de-covid-19-nas-americas-e-na-africa","status":"publish","type":"post","link":"https:\/\/hostnetart.com.br\/baixada\/oms-alerta-para-aumento-de-casos-de-covid-19-nas-americas-e-na-africa\/","title":{"rendered":"OMS alerta para aumento de casos de covid-19 nas Am\u00e9ricas e na \u00c1frica"},"content":{"rendered":"<p>A Organiza\u00e7\u00e3o Mundial de Sa\u00fade (<a href=\"https:\/\/www.who.int\/publications\/m\/item\/weekly-epidemiological-update-on-covid-19---11-may-2022\" target=\"_blank\" rel=\"noopener noreferrer\">OMS<\/a>) informou nesta quarta-feira (11) que os n\u00fameros de casos e mortes pela covid-19 ca\u00edram 12% e 25%, respectivamente, em todo o mundo. No entanto, entre os dias 2 e 8 de abril, os novos casos da doen\u00e7as aumentaram 14% nas Am\u00e9ricas e 12% no continente africano. Em rela\u00e7\u00e3o aos \u00f3bitos causados pela doen\u00e7a, a \u00c1frica registrou aumento de 84% na compara\u00e7\u00e3o com a semana anterior. Nas Am\u00e9ricas, os \u00f3bitos avan\u00e7aram 3%.<\/p>\n<p>Entre os pa\u00edses, os Estados Unidos lideram os rankings de novos casos, com cerca de 450 mil diagn\u00f3sticos no per\u00edodo, alta de 19%. A Austr\u00e1lia tamb\u00e9m registrou cerca de 430 mil novos casos, alta de 59%. Alemanha, It\u00e1lia e Coreia do Sul aparecem logo atr\u00e1s, mas com queda de at\u00e9 29% em rela\u00e7\u00e3o \u00e0 semana anterior.<\/p>\n<p>Da mesma maneira, os Estados Unidos tamb\u00e9m registraram o maior n\u00famero de mortes \u2013 2.652 \u2013 na \u00faltima semana, tamb\u00e9m com alta de 19%. A R\u00fassia aparece na sequ\u00eancia, com 915 mortes, mas com queda de 19%. Na It\u00e1lia, foram 910 mortes, com queda de 1%. Na Fran\u00e7a, 732 mortes, com alta de 19%, no entanto. O Brasil aparece na quinta coloca\u00e7\u00e3o, com 681 \u00f3bitos, 20% a menos do que na semana anterior.<\/p>\n<p>At\u00e9 o momento, a OMS computou cerca de 514 milh\u00f5es de casos de covid-19, com mais de 6 milh\u00f5es de mortes confirmadas em todo o planeta.<\/p>\n<h2>Subvariantes<\/h2>\n<p>De acordo com o diretor-geral da OMS, Tedros Adhanom, as subvariantes da \u00f4micron s\u00e3o respons\u00e1veis pelo aumento de casos de covid-19, que atinge pelo menos 50 pa\u00edses. At\u00e9 o momento, a subvariante BA.2 continua sendo a dominante em todos os territ\u00f3rios. No entanto,\u00a0as\u00a0<a href=\"https:\/\/www.redebrasilatual.com.br\/saude-e-ciencia\/2022\/05\/nao-sabemos-o-que-esta-por-vir-alerta-oms-sobre-subvariantes-da-omicron\/\" target=\"_blank\" rel=\"noopener noreferrer\">linhagens BA.4 e BA.5<\/a>\u00a0tamb\u00e9m vem impulsionando a transmiss\u00e3o do v\u00edrus, especialmente na \u00c1frica do Sul.<\/p>\n<p>Em entrevista coletiva nesta ter\u00e7a (10), Tedros afirmou que a dissemina\u00e7\u00e3o dessas subvariantes destacam a \u201cvolatilidade\u201d do novo coronav\u00edrus. Por outro lado, ele ressaltou que as hospitaliza\u00e7\u00f5es e as mortes n\u00e3o est\u00e3o aumentando t\u00e3o rapidamente quanto nas ondas anteriores.<\/p>\n<p>\u201cEssa pandemia n\u00e3o acabou, e precisamos que todos os l\u00edderes intensifiquem os esfor\u00e7os para\u00a0<a href=\"https:\/\/www.redebrasilatual.com.br\/saude-e-ciencia\/2022\/04\/oms-mantem-covid-19-como-pandemia-nao-e-hora-de-baixar-a-guarda\/\" target=\"_blank\" rel=\"noopener noreferrer\">aumentar a imunidade da popula\u00e7\u00e3o<\/a>\u00a0e trabalhar coletivamente para obter testes, tratamentos e vacinas para todos\u201d, voltou a defender o chefe da OMS.<\/p>\n<h3>Covid no Brasil<\/h3>\n<p>O Brasil registrou hoje 126 mortes e 23.398 novos casos de\u00a0covid-19, de acordo com o Conselho Nacional de Secret\u00e1rios de Sa\u00fade (<a href=\"https:\/\/www.cnnbrasil.com.br\/tudo-sobre\/conselho-nacional-de-secretarios-de-saude-conass\/\">Conass<\/a>). A m\u00e9dia di\u00e1ria de mortes calculada em sete dia ficou em 108, ap\u00f3s oito dias abaixo de 100. Na compara\u00e7\u00e3o com a \u00faltima quarta (4), o aumento foi de 16%.<\/p>\n<p>J\u00e1 a m\u00e9dia m\u00f3vel de casos ficou em 16.469, alta de 11% em rela\u00e7\u00e3o \u00e0 semana passada. Em 14 dias, o aumento foi de 32%. Ao todo, desde o in\u00edcio da pandemia, o Brasil tem 664.516 \u00f3bitos e cerca de 30,6 milh\u00f5es de casos de covid-19 confirmados oficialmente.<\/p>\n<div class=\"wp-block-image\">\n<figure class=\"aligncenter size-full\"><img fetchpriority=\"high\" decoding=\"async\" class=\"wp-image-562752 lazyloaded\" src=\"https:\/\/www.redebrasilatual.com.br\/wp-content\/uploads\/2022\/05\/image-6.png\" sizes=\"(max-width: 652px) 100vw, 652px\" srcset=\"https:\/\/www.redebrasilatual.com.br\/wp-content\/uploads\/2022\/05\/image-6.png 652w, https:\/\/www.redebrasilatual.com.br\/wp-content\/uploads\/2022\/05\/image-6-360x102.png 360w\" alt=\"\" width=\"652\" height=\"184\" data-ll-status=\"loaded\" \/><figcaption>N\u00fameros da covid-19 no Brasil. Fonte:\u00a0<a href=\"https:\/\/www.conass.org.br\/painelconasscovid19\/\" target=\"_blank\" rel=\"noopener noreferrer\">Conass<\/a><\/figcaption><\/figure>\n<\/div>\n<p><strong>Fonte: Rede Brasil Atual<\/strong><\/p>\n","protected":false},"excerpt":{"rendered":"<p>A Organiza\u00e7\u00e3o Mundial de Sa\u00fade (OMS) informou nesta quarta-feira (11) que os n\u00fameros de casos e mortes pela covid-19 ca\u00edram 12% e 25%, respectivamente, em todo o mundo. No entanto, entre os dias 2 e 8 de abril, os novos casos da doen\u00e7as aumentaram 14% nas Am\u00e9ricas e 12% no continente africano. Em rela\u00e7\u00e3o aos [&hellip;]<\/p>\n","protected":false},"author":2,"featured_media":12511,"comment_status":"","ping_status":"","sticky":false,"template":"","format":"standard","meta":{"footnotes":""},"categories":[3],"tags":[],"class_list":["post-12512","post","type-post","status-publish","format-standard","has-post-thumbnail","hentry","category-noticias"],"_links":{"self":[{"href":"https:\/\/hostnetart.com.br\/baixada\/wp-json\/wp\/v2\/posts\/12512","targetHints":{"allow":["GET"]}}],"collection":[{"href":"https:\/\/hostnetart.com.br\/baixada\/wp-json\/wp\/v2\/posts"}],"about":[{"href":"https:\/\/hostnetart.com.br\/baixada\/wp-json\/wp\/v2\/types\/post"}],"author":[{"embeddable":true,"href":"https:\/\/hostnetart.com.br\/baixada\/wp-json\/wp\/v2\/users\/2"}],"replies":[{"embeddable":true,"href":"https:\/\/hostnetart.com.br\/baixada\/wp-json\/wp\/v2\/comments?post=12512"}],"version-history":[{"count":0,"href":"https:\/\/hostnetart.com.br\/baixada\/wp-json\/wp\/v2\/posts\/12512\/revisions"}],"wp:featuredmedia":[{"embeddable":true,"href":"https:\/\/hostnetart.com.br\/baixada\/wp-json\/wp\/v2\/media\/12511"}],"wp:attachment":[{"href":"https:\/\/hostnetart.com.br\/baixada\/wp-json\/wp\/v2\/media?parent=12512"}],"wp:term":[{"taxonomy":"category","embeddable":true,"href":"https:\/\/hostnetart.com.br\/baixada\/wp-json\/wp\/v2\/categories?post=12512"},{"taxonomy":"post_tag","embeddable":true,"href":"https:\/\/hostnetart.com.br\/baixada\/wp-json\/wp\/v2\/tags?post=12512"}],"curies":[{"name":"wp","href":"https:\/\/api.w.org\/{rel}","templated":true}]}}