{"id":12508,"date":"2022-05-11T16:55:33","date_gmt":"2022-05-11T19:55:33","guid":{"rendered":"https:\/\/hostnetart.com.br\/baixada\/sindicato-dos-bancarios-da-baixada-fluminense-tem-uma-mulher-na-coordenacao-geral\/"},"modified":"2022-05-11T16:55:33","modified_gmt":"2022-05-11T19:55:33","slug":"sindicato-dos-bancarios-da-baixada-fluminense-tem-uma-mulher-na-coordenacao-geral","status":"publish","type":"post","link":"https:\/\/hostnetart.com.br\/baixada\/sindicato-dos-bancarios-da-baixada-fluminense-tem-uma-mulher-na-coordenacao-geral\/","title":{"rendered":"Sindicato dos Banc\u00e1rios da Baixada Fluminense tem uma mulher na Coordena\u00e7\u00e3o Geral"},"content":{"rendered":"<p>Renata Soeiro se tornou a primeira mulher a tomar posse como Coordenadora Geral do\u00a0<a href=\"https:\/\/www.bancariosbaixada.org.br\/\" target=\"_blank\" rel=\"noopener noreferrer\">Sindicato dos Banc\u00e1rios da Baixada Fluminense<\/a>.<\/p>\n<p>A elei\u00e7\u00e3o ocorreu em abril, tendo a &#8220;Chapa 1 &#8211; Banc\u00e1rio \u00e9 Essencial\u201d como vencedora, com 99% dos votos.<\/p>\n<p>Renata\u00a0\u00e9 banc\u00e1ria h\u00e1 25 anos e ocupa, atualmente, o cargo de Gerente de Contas no Banco Bradesco. A nova Coordenadora Geral tem, tamb\u00e9m, 23 anos de movimento sindical<span style=\"font-size: 12.16px;\">. <\/span><\/p>\n<p>Ela tamb\u00e9m foi Tesoureira, Secret\u00e1ria Geral e Secret\u00e1ria de Forma\u00e7\u00e3o no Sindicato dos Banc\u00e1rios da Baixada Fluminense, que representa 10 munic\u00edpios, entre os quais Duque de Caxias e Nova Igua\u00e7u que tem, nesta base, 55% da categoria composta por mulheres.<\/p>\n<p>\u201dHavia a necessidade dessa representa\u00e7\u00e3o. E esse foi um grande passo dado pela diretoria e pelos filiados, um exemplo a ser seguido por outras categorias\u201d, disse Renata. \u201cUma mulher negra tem que provar sua capacidade duas vezes em nossa sociedade, e eu provei o meu valor todos os dias\u201d, completou ela, ressaltando outro avan\u00e7o em sua elei\u00e7\u00e3o, que \u00e9 a representa\u00e7\u00e3o racial.<\/p>\n<p>\u00a0<\/p>\n","protected":false},"excerpt":{"rendered":"<p>Renata Soeiro se tornou a primeira mulher a tomar posse como Coordenadora Geral do\u00a0Sindicato dos Banc\u00e1rios da Baixada Fluminense. A elei\u00e7\u00e3o ocorreu em abril, tendo a &#8220;Chapa 1 &#8211; Banc\u00e1rio \u00e9 Essencial\u201d como vencedora, com 99% dos votos. Renata\u00a0\u00e9 banc\u00e1ria h\u00e1 25 anos e ocupa, atualmente, o cargo de Gerente de Contas no Banco Bradesco. [&hellip;]<\/p>\n","protected":false},"author":2,"featured_media":12507,"comment_status":"","ping_status":"","sticky":false,"template":"","format":"standard","meta":{"footnotes":""},"categories":[3],"tags":[],"class_list":["post-12508","post","type-post","status-publish","format-standard","has-post-thumbnail","hentry","category-noticias"],"_links":{"self":[{"href":"https:\/\/hostnetart.com.br\/baixada\/wp-json\/wp\/v2\/posts\/12508","targetHints":{"allow":["GET"]}}],"collection":[{"href":"https:\/\/hostnetart.com.br\/baixada\/wp-json\/wp\/v2\/posts"}],"about":[{"href":"https:\/\/hostnetart.com.br\/baixada\/wp-json\/wp\/v2\/types\/post"}],"author":[{"embeddable":true,"href":"https:\/\/hostnetart.com.br\/baixada\/wp-json\/wp\/v2\/users\/2"}],"replies":[{"embeddable":true,"href":"https:\/\/hostnetart.com.br\/baixada\/wp-json\/wp\/v2\/comments?post=12508"}],"version-history":[{"count":0,"href":"https:\/\/hostnetart.com.br\/baixada\/wp-json\/wp\/v2\/posts\/12508\/revisions"}],"wp:featuredmedia":[{"embeddable":true,"href":"https:\/\/hostnetart.com.br\/baixada\/wp-json\/wp\/v2\/media\/12507"}],"wp:attachment":[{"href":"https:\/\/hostnetart.com.br\/baixada\/wp-json\/wp\/v2\/media?parent=12508"}],"wp:term":[{"taxonomy":"category","embeddable":true,"href":"https:\/\/hostnetart.com.br\/baixada\/wp-json\/wp\/v2\/categories?post=12508"},{"taxonomy":"post_tag","embeddable":true,"href":"https:\/\/hostnetart.com.br\/baixada\/wp-json\/wp\/v2\/tags?post=12508"}],"curies":[{"name":"wp","href":"https:\/\/api.w.org\/{rel}","templated":true}]}}